{"id":17956,"date":"2026-09-01T20:35:02","date_gmt":"2026-09-01T18:35:02","guid":{"rendered":"https:\/\/fotofrangonz.com\/?p=17956"},"modified":"2026-09-02T22:56:00","modified_gmt":"2026-09-02T20:56:00","slug":"viernes-de-feria-de-marchena-2026","status":"publish","type":"post","link":"https:\/\/fotofrangonz.com\/es\/viernes-de-feria-de-marchena-2026","title":{"rendered":"Viernes de Feria de Marchena 2026"},"content":{"rendered":"\n<p class=\"wp-block-paragraph\">Un viernes de feria de Marchena con buenas temperaturas, mucho flamenco, caballos, trajes de gitana, espect\u00e1culos, diversi\u00f3n y todo lo que se le puede pedir a una buena feria.<\/p>\n\n\n\n<p class=\"wp-block-paragraph\">Esta entrada es sobre el viernes de feria, para el s\u00e1bado es <a href=\"https:\/\/fotofrangonz.com\/es\/sabado-de-feria-de-marchena-2026\" data-type=\"post\" data-id=\"18081\" target=\"_blank\" rel=\"noreferrer noopener\">esta otra<\/a>.<\/p>\n\n\n\n<figure class=\"wp-block-embed is-type-video is-provider-youtube wp-block-embed-youtube wp-embed-aspect-16-9 wp-has-aspect-ratio\"><div class=\"wp-block-embed__wrapper\">\n<iframe loading=\"lazy\" title=\"[MARCHENA] Viernes de Feria de Marchena 2026\" width=\"900\" height=\"506\" src=\"https:\/\/www.youtube.com\/embed\/epdD8DDaSPk?feature=oembed\" frameborder=\"0\" allow=\"accelerometer; autoplay; clipboard-write; encrypted-media; gyroscope; picture-in-picture; web-share\" referrerpolicy=\"strict-origin-when-cross-origin\" allowfullscreen><\/iframe>\n<\/div><\/figure>\n\n\n<div class=\"wp-block-visual-portfolio alignwide\">\n<div class=\"vp-portfolio vp-uid-de44b58f vp-id-OX4zV\"\n\tdata-vp-layout=\"masonry\" data-vp-content-source=\"images\" data-vp-items-style=\"fade\" data-vp-items-click-action=\"popup_gallery\" data-vp-items-gap=\"15\" data-vp-items-gap-vertical=\"\" data-vp-pagination=\"load-more\" data-vp-next-page-url=\"\" data-vp-masonry-columns=\"2\" >\n\t<div class=\"vp-portfolio__preloader-wrap\">\n\t\t<div class=\"vp-portfolio__preloader\">\n\t\t\t<img decoding=\"async\" loading=\"eager\" src=\"https:\/\/fotofrangonz.com\/wp-content\/plugins\/visual-portfolio\/assets\/images\/logo-dark.svg\" alt=\"Visual Portfolio, Posts &amp; Image Gallery para WordPress\" width=\"20\" height=\"20\" data-skip-lazy>\n\t\t<\/div>\n\t<\/div>\n\t\t<div class=\"vp-portfolio__items-wrap\">\n\t\t\t\n<div class=\"vp-portfolio__items vp-portfolio__items-style-fade vp-portfolio__items-show-overlay-always\">\n\n\t\t<div\t\tclass=\"vp-portfolio__item-wrap vp-portfolio__item-uid-a1d9d14c\" data-vp-filter=\"\" \t\t>\n\t\t\t<template class=\"vp-portfolio__item-popup\" style=\"display: none\" data-vp-popup-img=\"https:\/\/fotofrangonz.com\/wp-content\/uploads\/2026\/09\/Feria-Marchena-2026-1-Viernes-Francisco-Gonzalez-SOLEMNITY-1.jpg\" data-vp-popup-img-srcset=\"https:\/\/fotofrangonz.com\/wp-content\/uploads\/2026\/09\/Feria-Marchena-2026-1-Viernes-Francisco-Gonzalez-SOLEMNITY-1.jpg 1920w, https:\/\/fotofrangonz.com\/wp-content\/uploads\/2026\/09\/Feria-Marchena-2026-1-Viernes-Francisco-Gonzalez-SOLEMNITY-1-300x200.jpg 300w, https:\/\/fotofrangonz.com\/wp-content\/uploads\/2026\/09\/Feria-Marchena-2026-1-Viernes-Francisco-Gonzalez-SOLEMNITY-1-1024x683.jpg 1024w, https:\/\/fotofrangonz.com\/wp-content\/uploads\/2026\/09\/Feria-Marchena-2026-1-Viernes-Francisco-Gonzalez-SOLEMNITY-1-1536x1024.jpg 1536w, https:\/\/fotofrangonz.com\/wp-content\/uploads\/2026\/09\/Feria-Marchena-2026-1-Viernes-Francisco-Gonzalez-SOLEMNITY-1-500x333.jpg 500w, https:\/\/fotofrangonz.com\/wp-content\/uploads\/2026\/09\/Feria-Marchena-2026-1-Viernes-Francisco-Gonzalez-SOLEMNITY-1-800x533.jpg 800w, https:\/\/fotofrangonz.com\/wp-content\/uploads\/2026\/09\/Feria-Marchena-2026-1-Viernes-Francisco-Gonzalez-SOLEMNITY-1-1280x853.jpg 1280w, https:\/\/fotofrangonz.com\/wp-content\/uploads\/2026\/09\/Feria-Marchena-2026-1-Viernes-Francisco-Gonzalez-SOLEMNITY-1-1240x827.jpg 1240w, https:\/\/fotofrangonz.com\/wp-content\/uploads\/2026\/09\/Feria-Marchena-2026-1-Viernes-Francisco-Gonzalez-SOLEMNITY-1-508x339.jpg 508w\" data-vp-popup-img-size=\"1920x1280\" data-vp-popup-md-img=\"https:\/\/fotofrangonz.com\/wp-content\/uploads\/2026\/09\/Feria-Marchena-2026-1-Viernes-Francisco-Gonzalez-SOLEMNITY-1-800x533.jpg\" data-vp-popup-md-img-size=\"800x533\" data-vp-popup-sm-img=\"https:\/\/fotofrangonz.com\/wp-content\/uploads\/2026\/09\/Feria-Marchena-2026-1-Viernes-Francisco-Gonzalez-SOLEMNITY-1-500x333.jpg\" data-vp-popup-sm-img-size=\"500x333\">\n\t<\/template>\n\t\t\t\t\t\t<figure class=\"vp-portfolio__item\">\n\t\t\t\t\n<div class=\"vp-portfolio__item-img-wrap\">\n    <div class=\"vp-portfolio__item-img\">\n        \t<a\n\t\thref=\"https:\/\/fotofrangonz.com\/wp-content\/uploads\/2026\/09\/Feria-Marchena-2026-1-Viernes-Francisco-Gonzalez-SOLEMNITY-1.jpg\"\n\t\t\t>\n\t\n        <noscript><img loading=\"lazy\" decoding=\"async\" width=\"1920\" height=\"1280\" data-skip-lazy src=\"https:\/\/fotofrangonz.com\/wp-content\/uploads\/2026\/09\/Feria-Marchena-2026-1-Viernes-Francisco-Gonzalez-SOLEMNITY-1.jpg\" class=\"wp-image-17957\" alt=\"\" srcset=\"https:\/\/fotofrangonz.com\/wp-content\/uploads\/2026\/09\/Feria-Marchena-2026-1-Viernes-Francisco-Gonzalez-SOLEMNITY-1.jpg 1920w, https:\/\/fotofrangonz.com\/wp-content\/uploads\/2026\/09\/Feria-Marchena-2026-1-Viernes-Francisco-Gonzalez-SOLEMNITY-1-300x200.jpg 300w, https:\/\/fotofrangonz.com\/wp-content\/uploads\/2026\/09\/Feria-Marchena-2026-1-Viernes-Francisco-Gonzalez-SOLEMNITY-1-1024x683.jpg 1024w, https:\/\/fotofrangonz.com\/wp-content\/uploads\/2026\/09\/Feria-Marchena-2026-1-Viernes-Francisco-Gonzalez-SOLEMNITY-1-1536x1024.jpg 1536w, https:\/\/fotofrangonz.com\/wp-content\/uploads\/2026\/09\/Feria-Marchena-2026-1-Viernes-Francisco-Gonzalez-SOLEMNITY-1-500x333.jpg 500w, https:\/\/fotofrangonz.com\/wp-content\/uploads\/2026\/09\/Feria-Marchena-2026-1-Viernes-Francisco-Gonzalez-SOLEMNITY-1-800x533.jpg 800w, https:\/\/fotofrangonz.com\/wp-content\/uploads\/2026\/09\/Feria-Marchena-2026-1-Viernes-Francisco-Gonzalez-SOLEMNITY-1-1280x853.jpg 1280w, https:\/\/fotofrangonz.com\/wp-content\/uploads\/2026\/09\/Feria-Marchena-2026-1-Viernes-Francisco-Gonzalez-SOLEMNITY-1-1240x827.jpg 1240w, https:\/\/fotofrangonz.com\/wp-content\/uploads\/2026\/09\/Feria-Marchena-2026-1-Viernes-Francisco-Gonzalez-SOLEMNITY-1-508x339.jpg 508w\" sizes=\"auto, (max-width: 1920px) 100vw, 1920px\" \/><\/noscript><img fetchpriority=\"high\" decoding=\"async\" width=\"1920\" height=\"1280\" src=\"https:\/\/fotofrangonz.com\/wp-content\/uploads\/2026\/09\/Feria-Marchena-2026-1-Viernes-Francisco-Gonzalez-SOLEMNITY-1.jpg\" class=\"wp-image-17957 vp-lazyload\" alt srcset=\"data:image\/svg+xml;base64,PHN2ZyB3aWR0aD0iMTkyMCIgaGVpZ2h0PSIxMjgwIiB2aWV3Qm94PSIwIDAgMTkyMCAxMjgwIiBmaWxsPSJub25lIiB4bWxucz0iaHR0cDovL3d3dy53My5vcmcvMjAwMC9zdmciPjwvc3ZnPg==\" data-src=\"https:\/\/fotofrangonz.com\/wp-content\/uploads\/2026\/09\/Feria-Marchena-2026-1-Viernes-Francisco-Gonzalez-SOLEMNITY-1.jpg\" data-srcset=\"https:\/\/fotofrangonz.com\/wp-content\/uploads\/2026\/09\/Feria-Marchena-2026-1-Viernes-Francisco-Gonzalez-SOLEMNITY-1.jpg 1920w, https:\/\/fotofrangonz.com\/wp-content\/uploads\/2026\/09\/Feria-Marchena-2026-1-Viernes-Francisco-Gonzalez-SOLEMNITY-1-300x200.jpg 300w, https:\/\/fotofrangonz.com\/wp-content\/uploads\/2026\/09\/Feria-Marchena-2026-1-Viernes-Francisco-Gonzalez-SOLEMNITY-1-1024x683.jpg 1024w, https:\/\/fotofrangonz.com\/wp-content\/uploads\/2026\/09\/Feria-Marchena-2026-1-Viernes-Francisco-Gonzalez-SOLEMNITY-1-1536x1024.jpg 1536w, https:\/\/fotofrangonz.com\/wp-content\/uploads\/2026\/09\/Feria-Marchena-2026-1-Viernes-Francisco-Gonzalez-SOLEMNITY-1-500x333.jpg 500w, https:\/\/fotofrangonz.com\/wp-content\/uploads\/2026\/09\/Feria-Marchena-2026-1-Viernes-Francisco-Gonzalez-SOLEMNITY-1-800x533.jpg 800w, https:\/\/fotofrangonz.com\/wp-content\/uploads\/2026\/09\/Feria-Marchena-2026-1-Viernes-Francisco-Gonzalez-SOLEMNITY-1-1280x853.jpg 1280w, https:\/\/fotofrangonz.com\/wp-content\/uploads\/2026\/09\/Feria-Marchena-2026-1-Viernes-Francisco-Gonzalez-SOLEMNITY-1-1240x827.jpg 1240w, https:\/\/fotofrangonz.com\/wp-content\/uploads\/2026\/09\/Feria-Marchena-2026-1-Viernes-Francisco-Gonzalez-SOLEMNITY-1-508x339.jpg 508w\" data-sizes=\"auto\" loading=\"eager\">\n        <\/a>    <\/div>\n<\/div>\n\n<figcaption class=\"vp-portfolio__item-overlay vp-portfolio__item-align-center\">\n    <div class=\"vp-portfolio__item-meta-wrap vp-portfolio__custom-scrollbar\">\n        \t<a\n\t\thref=\"https:\/\/fotofrangonz.com\/wp-content\/uploads\/2026\/09\/Feria-Marchena-2026-1-Viernes-Francisco-Gonzalez-SOLEMNITY-1.jpg\"\n\t\ttabindex=\"-1\" class=\"vp-portfolio__item-meta\" \t>\n\t\n        \n        <\/a>    <\/div>\n<\/figcaption>\n\t\t\t<\/figure>\n\t\t\t\t\t<\/div>\n\t\t\n\t\t<div\t\tclass=\"vp-portfolio__item-wrap vp-portfolio__item-uid-fa3a1f78\" data-vp-filter=\"\" \t\t>\n\t\t\t<template class=\"vp-portfolio__item-popup\" style=\"display: none\" data-vp-popup-img=\"https:\/\/fotofrangonz.com\/wp-content\/uploads\/2026\/09\/Feria-Marchena-2026-1-Viernes-Francisco-Gonzalez-SOLEMNITY-2.jpg\" data-vp-popup-img-srcset=\"https:\/\/fotofrangonz.com\/wp-content\/uploads\/2026\/09\/Feria-Marchena-2026-1-Viernes-Francisco-Gonzalez-SOLEMNITY-2.jpg 1920w, https:\/\/fotofrangonz.com\/wp-content\/uploads\/2026\/09\/Feria-Marchena-2026-1-Viernes-Francisco-Gonzalez-SOLEMNITY-2-300x200.jpg 300w, https:\/\/fotofrangonz.com\/wp-content\/uploads\/2026\/09\/Feria-Marchena-2026-1-Viernes-Francisco-Gonzalez-SOLEMNITY-2-1024x683.jpg 1024w, https:\/\/fotofrangonz.com\/wp-content\/uploads\/2026\/09\/Feria-Marchena-2026-1-Viernes-Francisco-Gonzalez-SOLEMNITY-2-1536x1024.jpg 1536w, https:\/\/fotofrangonz.com\/wp-content\/uploads\/2026\/09\/Feria-Marchena-2026-1-Viernes-Francisco-Gonzalez-SOLEMNITY-2-500x333.jpg 500w, https:\/\/fotofrangonz.com\/wp-content\/uploads\/2026\/09\/Feria-Marchena-2026-1-Viernes-Francisco-Gonzalez-SOLEMNITY-2-800x533.jpg 800w, https:\/\/fotofrangonz.com\/wp-content\/uploads\/2026\/09\/Feria-Marchena-2026-1-Viernes-Francisco-Gonzalez-SOLEMNITY-2-1280x853.jpg 1280w, https:\/\/fotofrangonz.com\/wp-content\/uploads\/2026\/09\/Feria-Marchena-2026-1-Viernes-Francisco-Gonzalez-SOLEMNITY-2-1240x827.jpg 1240w, https:\/\/fotofrangonz.com\/wp-content\/uploads\/2026\/09\/Feria-Marchena-2026-1-Viernes-Francisco-Gonzalez-SOLEMNITY-2-508x339.jpg 508w\" data-vp-popup-img-size=\"1920x1280\" data-vp-popup-md-img=\"https:\/\/fotofrangonz.com\/wp-content\/uploads\/2026\/09\/Feria-Marchena-2026-1-Viernes-Francisco-Gonzalez-SOLEMNITY-2-800x533.jpg\" data-vp-popup-md-img-size=\"800x533\" data-vp-popup-sm-img=\"https:\/\/fotofrangonz.com\/wp-content\/uploads\/2026\/09\/Feria-Marchena-2026-1-Viernes-Francisco-Gonzalez-SOLEMNITY-2-500x333.jpg\" data-vp-popup-sm-img-size=\"500x333\">\n\t<\/template>\n\t\t\t\t\t\t<figure class=\"vp-portfolio__item\">\n\t\t\t\t\n<div class=\"vp-portfolio__item-img-wrap\">\n    <div class=\"vp-portfolio__item-img\">\n        \t<a\n\t\thref=\"https:\/\/fotofrangonz.com\/wp-content\/uploads\/2026\/09\/Feria-Marchena-2026-1-Viernes-Francisco-Gonzalez-SOLEMNITY-2.jpg\"\n\t\t\t>\n\t\n        <noscript><img loading=\"lazy\" decoding=\"async\" width=\"1920\" height=\"1280\" data-skip-lazy src=\"https:\/\/fotofrangonz.com\/wp-content\/uploads\/2026\/09\/Feria-Marchena-2026-1-Viernes-Francisco-Gonzalez-SOLEMNITY-2.jpg\" class=\"wp-image-17958\" alt=\"\" srcset=\"https:\/\/fotofrangonz.com\/wp-content\/uploads\/2026\/09\/Feria-Marchena-2026-1-Viernes-Francisco-Gonzalez-SOLEMNITY-2.jpg 1920w, https:\/\/fotofrangonz.com\/wp-content\/uploads\/2026\/09\/Feria-Marchena-2026-1-Viernes-Francisco-Gonzalez-SOLEMNITY-2-300x200.jpg 300w, https:\/\/fotofrangonz.com\/wp-content\/uploads\/2026\/09\/Feria-Marchena-2026-1-Viernes-Francisco-Gonzalez-SOLEMNITY-2-1024x683.jpg 1024w, https:\/\/fotofrangonz.com\/wp-content\/uploads\/2026\/09\/Feria-Marchena-2026-1-Viernes-Francisco-Gonzalez-SOLEMNITY-2-1536x1024.jpg 1536w, https:\/\/fotofrangonz.com\/wp-content\/uploads\/2026\/09\/Feria-Marchena-2026-1-Viernes-Francisco-Gonzalez-SOLEMNITY-2-500x333.jpg 500w, https:\/\/fotofrangonz.com\/wp-content\/uploads\/2026\/09\/Feria-Marchena-2026-1-Viernes-Francisco-Gonzalez-SOLEMNITY-2-800x533.jpg 800w, https:\/\/fotofrangonz.com\/wp-content\/uploads\/2026\/09\/Feria-Marchena-2026-1-Viernes-Francisco-Gonzalez-SOLEMNITY-2-1280x853.jpg 1280w, https:\/\/fotofrangonz.com\/wp-content\/uploads\/2026\/09\/Feria-Marchena-2026-1-Viernes-Francisco-Gonzalez-SOLEMNITY-2-1240x827.jpg 1240w, https:\/\/fotofrangonz.com\/wp-content\/uploads\/2026\/09\/Feria-Marchena-2026-1-Viernes-Francisco-Gonzalez-SOLEMNITY-2-508x339.jpg 508w\" sizes=\"auto, (max-width: 1920px) 100vw, 1920px\" \/><\/noscript><img decoding=\"async\" width=\"1920\" height=\"1280\" src=\"https:\/\/fotofrangonz.com\/wp-content\/uploads\/2026\/09\/Feria-Marchena-2026-1-Viernes-Francisco-Gonzalez-SOLEMNITY-2.jpg\" class=\"wp-image-17958 vp-lazyload\" alt srcset=\"data:image\/svg+xml;base64,PHN2ZyB3aWR0aD0iMTkyMCIgaGVpZ2h0PSIxMjgwIiB2aWV3Qm94PSIwIDAgMTkyMCAxMjgwIiBmaWxsPSJub25lIiB4bWxucz0iaHR0cDovL3d3dy53My5vcmcvMjAwMC9zdmciPjwvc3ZnPg==\" data-src=\"https:\/\/fotofrangonz.com\/wp-content\/uploads\/2026\/09\/Feria-Marchena-2026-1-Viernes-Francisco-Gonzalez-SOLEMNITY-2.jpg\" data-srcset=\"https:\/\/fotofrangonz.com\/wp-content\/uploads\/2026\/09\/Feria-Marchena-2026-1-Viernes-Francisco-Gonzalez-SOLEMNITY-2.jpg 1920w, https:\/\/fotofrangonz.com\/wp-content\/uploads\/2026\/09\/Feria-Marchena-2026-1-Viernes-Francisco-Gonzalez-SOLEMNITY-2-300x200.jpg 300w, https:\/\/fotofrangonz.com\/wp-content\/uploads\/2026\/09\/Feria-Marchena-2026-1-Viernes-Francisco-Gonzalez-SOLEMNITY-2-1024x683.jpg 1024w, https:\/\/fotofrangonz.com\/wp-content\/uploads\/2026\/09\/Feria-Marchena-2026-1-Viernes-Francisco-Gonzalez-SOLEMNITY-2-1536x1024.jpg 1536w, https:\/\/fotofrangonz.com\/wp-content\/uploads\/2026\/09\/Feria-Marchena-2026-1-Viernes-Francisco-Gonzalez-SOLEMNITY-2-500x333.jpg 500w, https:\/\/fotofrangonz.com\/wp-content\/uploads\/2026\/09\/Feria-Marchena-2026-1-Viernes-Francisco-Gonzalez-SOLEMNITY-2-800x533.jpg 800w, https:\/\/fotofrangonz.com\/wp-content\/uploads\/2026\/09\/Feria-Marchena-2026-1-Viernes-Francisco-Gonzalez-SOLEMNITY-2-1280x853.jpg 1280w, https:\/\/fotofrangonz.com\/wp-content\/uploads\/2026\/09\/Feria-Marchena-2026-1-Viernes-Francisco-Gonzalez-SOLEMNITY-2-1240x827.jpg 1240w, https:\/\/fotofrangonz.com\/wp-content\/uploads\/2026\/09\/Feria-Marchena-2026-1-Viernes-Francisco-Gonzalez-SOLEMNITY-2-508x339.jpg 508w\" data-sizes=\"auto\" loading=\"eager\">\n        <\/a>    <\/div>\n<\/div>\n\n<figcaption class=\"vp-portfolio__item-overlay vp-portfolio__item-align-center\">\n    <div class=\"vp-portfolio__item-meta-wrap vp-portfolio__custom-scrollbar\">\n        \t<a\n\t\thref=\"https:\/\/fotofrangonz.com\/wp-content\/uploads\/2026\/09\/Feria-Marchena-2026-1-Viernes-Francisco-Gonzalez-SOLEMNITY-2.jpg\"\n\t\ttabindex=\"-1\" class=\"vp-portfolio__item-meta\" \t>\n\t\n        \n        <\/a>    <\/div>\n<\/figcaption>\n\t\t\t<\/figure>\n\t\t\t\t\t<\/div>\n\t\t\n\t\t<div\t\tclass=\"vp-portfolio__item-wrap vp-portfolio__item-uid-0ba95d40\" data-vp-filter=\"\" \t\t>\n\t\t\t<template class=\"vp-portfolio__item-popup\" style=\"display: none\" data-vp-popup-img=\"https:\/\/fotofrangonz.com\/wp-content\/uploads\/2026\/09\/Feria-Marchena-2026-1-Viernes-Francisco-Gonzalez-SOLEMNITY-3.jpg\" data-vp-popup-img-srcset=\"https:\/\/fotofrangonz.com\/wp-content\/uploads\/2026\/09\/Feria-Marchena-2026-1-Viernes-Francisco-Gonzalez-SOLEMNITY-3.jpg 1280w, https:\/\/fotofrangonz.com\/wp-content\/uploads\/2026\/09\/Feria-Marchena-2026-1-Viernes-Francisco-Gonzalez-SOLEMNITY-3-200x300.jpg 200w, https:\/\/fotofrangonz.com\/wp-content\/uploads\/2026\/09\/Feria-Marchena-2026-1-Viernes-Francisco-Gonzalez-SOLEMNITY-3-683x1024.jpg 683w, https:\/\/fotofrangonz.com\/wp-content\/uploads\/2026\/09\/Feria-Marchena-2026-1-Viernes-Francisco-Gonzalez-SOLEMNITY-3-1024x1536.jpg 1024w, https:\/\/fotofrangonz.com\/wp-content\/uploads\/2026\/09\/Feria-Marchena-2026-1-Viernes-Francisco-Gonzalez-SOLEMNITY-3-500x750.jpg 500w, https:\/\/fotofrangonz.com\/wp-content\/uploads\/2026\/09\/Feria-Marchena-2026-1-Viernes-Francisco-Gonzalez-SOLEMNITY-3-800x1200.jpg 800w, https:\/\/fotofrangonz.com\/wp-content\/uploads\/2026\/09\/Feria-Marchena-2026-1-Viernes-Francisco-Gonzalez-SOLEMNITY-3-1240x1860.jpg 1240w, https:\/\/fotofrangonz.com\/wp-content\/uploads\/2026\/09\/Feria-Marchena-2026-1-Viernes-Francisco-Gonzalez-SOLEMNITY-3-508x762.jpg 508w\" data-vp-popup-img-size=\"1280x1920\" data-vp-popup-md-img=\"https:\/\/fotofrangonz.com\/wp-content\/uploads\/2026\/09\/Feria-Marchena-2026-1-Viernes-Francisco-Gonzalez-SOLEMNITY-3-800x1200.jpg\" data-vp-popup-md-img-size=\"800x1200\" data-vp-popup-sm-img=\"https:\/\/fotofrangonz.com\/wp-content\/uploads\/2026\/09\/Feria-Marchena-2026-1-Viernes-Francisco-Gonzalez-SOLEMNITY-3-500x750.jpg\" data-vp-popup-sm-img-size=\"500x750\">\n\t<\/template>\n\t\t\t\t\t\t<figure class=\"vp-portfolio__item\">\n\t\t\t\t\n<div class=\"vp-portfolio__item-img-wrap\">\n    <div class=\"vp-portfolio__item-img\">\n        \t<a\n\t\thref=\"https:\/\/fotofrangonz.com\/wp-content\/uploads\/2026\/09\/Feria-Marchena-2026-1-Viernes-Francisco-Gonzalez-SOLEMNITY-3.jpg\"\n\t\t\t>\n\t\n        <noscript><img loading=\"lazy\" decoding=\"async\" width=\"1280\" height=\"1920\" data-skip-lazy src=\"https:\/\/fotofrangonz.com\/wp-content\/uploads\/2026\/09\/Feria-Marchena-2026-1-Viernes-Francisco-Gonzalez-SOLEMNITY-3.jpg\" class=\"wp-image-17959\" alt=\"\" srcset=\"https:\/\/fotofrangonz.com\/wp-content\/uploads\/2026\/09\/Feria-Marchena-2026-1-Viernes-Francisco-Gonzalez-SOLEMNITY-3.jpg 1280w, https:\/\/fotofrangonz.com\/wp-content\/uploads\/2026\/09\/Feria-Marchena-2026-1-Viernes-Francisco-Gonzalez-SOLEMNITY-3-200x300.jpg 200w, https:\/\/fotofrangonz.com\/wp-content\/uploads\/2026\/09\/Feria-Marchena-2026-1-Viernes-Francisco-Gonzalez-SOLEMNITY-3-683x1024.jpg 683w, https:\/\/fotofrangonz.com\/wp-content\/uploads\/2026\/09\/Feria-Marchena-2026-1-Viernes-Francisco-Gonzalez-SOLEMNITY-3-1024x1536.jpg 1024w, https:\/\/fotofrangonz.com\/wp-content\/uploads\/2026\/09\/Feria-Marchena-2026-1-Viernes-Francisco-Gonzalez-SOLEMNITY-3-500x750.jpg 500w, https:\/\/fotofrangonz.com\/wp-content\/uploads\/2026\/09\/Feria-Marchena-2026-1-Viernes-Francisco-Gonzalez-SOLEMNITY-3-800x1200.jpg 800w, https:\/\/fotofrangonz.com\/wp-content\/uploads\/2026\/09\/Feria-Marchena-2026-1-Viernes-Francisco-Gonzalez-SOLEMNITY-3-1240x1860.jpg 1240w, https:\/\/fotofrangonz.com\/wp-content\/uploads\/2026\/09\/Feria-Marchena-2026-1-Viernes-Francisco-Gonzalez-SOLEMNITY-3-508x762.jpg 508w\" sizes=\"auto, (max-width: 1280px) 100vw, 1280px\" \/><\/noscript><img decoding=\"async\" width=\"1280\" height=\"1920\" src=\"https:\/\/fotofrangonz.com\/wp-content\/uploads\/2026\/09\/Feria-Marchena-2026-1-Viernes-Francisco-Gonzalez-SOLEMNITY-3.jpg\" class=\"wp-image-17959 vp-lazyload\" alt srcset=\"data:image\/svg+xml;base64,PHN2ZyB3aWR0aD0iMTI4MCIgaGVpZ2h0PSIxOTIwIiB2aWV3Qm94PSIwIDAgMTI4MCAxOTIwIiBmaWxsPSJub25lIiB4bWxucz0iaHR0cDovL3d3dy53My5vcmcvMjAwMC9zdmciPjwvc3ZnPg==\" data-src=\"https:\/\/fotofrangonz.com\/wp-content\/uploads\/2026\/09\/Feria-Marchena-2026-1-Viernes-Francisco-Gonzalez-SOLEMNITY-3.jpg\" data-srcset=\"https:\/\/fotofrangonz.com\/wp-content\/uploads\/2026\/09\/Feria-Marchena-2026-1-Viernes-Francisco-Gonzalez-SOLEMNITY-3.jpg 1280w, https:\/\/fotofrangonz.com\/wp-content\/uploads\/2026\/09\/Feria-Marchena-2026-1-Viernes-Francisco-Gonzalez-SOLEMNITY-3-200x300.jpg 200w, https:\/\/fotofrangonz.com\/wp-content\/uploads\/2026\/09\/Feria-Marchena-2026-1-Viernes-Francisco-Gonzalez-SOLEMNITY-3-683x1024.jpg 683w, https:\/\/fotofrangonz.com\/wp-content\/uploads\/2026\/09\/Feria-Marchena-2026-1-Viernes-Francisco-Gonzalez-SOLEMNITY-3-1024x1536.jpg 1024w, https:\/\/fotofrangonz.com\/wp-content\/uploads\/2026\/09\/Feria-Marchena-2026-1-Viernes-Francisco-Gonzalez-SOLEMNITY-3-500x750.jpg 500w, https:\/\/fotofrangonz.com\/wp-content\/uploads\/2026\/09\/Feria-Marchena-2026-1-Viernes-Francisco-Gonzalez-SOLEMNITY-3-800x1200.jpg 800w, https:\/\/fotofrangonz.com\/wp-content\/uploads\/2026\/09\/Feria-Marchena-2026-1-Viernes-Francisco-Gonzalez-SOLEMNITY-3-1240x1860.jpg 1240w, https:\/\/fotofrangonz.com\/wp-content\/uploads\/2026\/09\/Feria-Marchena-2026-1-Viernes-Francisco-Gonzalez-SOLEMNITY-3-508x762.jpg 508w\" data-sizes=\"auto\" loading=\"eager\">\n        <\/a>    <\/div>\n<\/div>\n\n<figcaption class=\"vp-portfolio__item-overlay vp-portfolio__item-align-center\">\n    <div class=\"vp-portfolio__item-meta-wrap vp-portfolio__custom-scrollbar\">\n        \t<a\n\t\thref=\"https:\/\/fotofrangonz.com\/wp-content\/uploads\/2026\/09\/Feria-Marchena-2026-1-Viernes-Francisco-Gonzalez-SOLEMNITY-3.jpg\"\n\t\ttabindex=\"-1\" class=\"vp-portfolio__item-meta\" \t>\n\t\n        \n        <\/a>    <\/div>\n<\/figcaption>\n\t\t\t<\/figure>\n\t\t\t\t\t<\/div>\n\t\t\n\t\t<div\t\tclass=\"vp-portfolio__item-wrap vp-portfolio__item-uid-92046582\" data-vp-filter=\"\" \t\t>\n\t\t\t<template class=\"vp-portfolio__item-popup\" style=\"display: none\" data-vp-popup-img=\"https:\/\/fotofrangonz.com\/wp-content\/uploads\/2026\/09\/Feria-Marchena-2026-1-Viernes-Francisco-Gonzalez-SOLEMNITY-4.jpg\" data-vp-popup-img-srcset=\"https:\/\/fotofrangonz.com\/wp-content\/uploads\/2026\/09\/Feria-Marchena-2026-1-Viernes-Francisco-Gonzalez-SOLEMNITY-4.jpg 1920w, https:\/\/fotofrangonz.com\/wp-content\/uploads\/2026\/09\/Feria-Marchena-2026-1-Viernes-Francisco-Gonzalez-SOLEMNITY-4-300x200.jpg 300w, https:\/\/fotofrangonz.com\/wp-content\/uploads\/2026\/09\/Feria-Marchena-2026-1-Viernes-Francisco-Gonzalez-SOLEMNITY-4-1024x683.jpg 1024w, https:\/\/fotofrangonz.com\/wp-content\/uploads\/2026\/09\/Feria-Marchena-2026-1-Viernes-Francisco-Gonzalez-SOLEMNITY-4-1536x1024.jpg 1536w, https:\/\/fotofrangonz.com\/wp-content\/uploads\/2026\/09\/Feria-Marchena-2026-1-Viernes-Francisco-Gonzalez-SOLEMNITY-4-500x333.jpg 500w, https:\/\/fotofrangonz.com\/wp-content\/uploads\/2026\/09\/Feria-Marchena-2026-1-Viernes-Francisco-Gonzalez-SOLEMNITY-4-800x533.jpg 800w, https:\/\/fotofrangonz.com\/wp-content\/uploads\/2026\/09\/Feria-Marchena-2026-1-Viernes-Francisco-Gonzalez-SOLEMNITY-4-1280x853.jpg 1280w, https:\/\/fotofrangonz.com\/wp-content\/uploads\/2026\/09\/Feria-Marchena-2026-1-Viernes-Francisco-Gonzalez-SOLEMNITY-4-1240x827.jpg 1240w, https:\/\/fotofrangonz.com\/wp-content\/uploads\/2026\/09\/Feria-Marchena-2026-1-Viernes-Francisco-Gonzalez-SOLEMNITY-4-508x339.jpg 508w\" data-vp-popup-img-size=\"1920x1280\" data-vp-popup-md-img=\"https:\/\/fotofrangonz.com\/wp-content\/uploads\/2026\/09\/Feria-Marchena-2026-1-Viernes-Francisco-Gonzalez-SOLEMNITY-4-800x533.jpg\" data-vp-popup-md-img-size=\"800x533\" data-vp-popup-sm-img=\"https:\/\/fotofrangonz.com\/wp-content\/uploads\/2026\/09\/Feria-Marchena-2026-1-Viernes-Francisco-Gonzalez-SOLEMNITY-4-500x333.jpg\" data-vp-popup-sm-img-size=\"500x333\">\n\t<\/template>\n\t\t\t\t\t\t<figure class=\"vp-portfolio__item\">\n\t\t\t\t\n<div class=\"vp-portfolio__item-img-wrap\">\n    <div class=\"vp-portfolio__item-img\">\n        \t<a\n\t\thref=\"https:\/\/fotofrangonz.com\/wp-content\/uploads\/2026\/09\/Feria-Marchena-2026-1-Viernes-Francisco-Gonzalez-SOLEMNITY-4.jpg\"\n\t\t\t>\n\t\n        <noscript><img loading=\"lazy\" decoding=\"async\" width=\"1920\" height=\"1280\" data-skip-lazy src=\"https:\/\/fotofrangonz.com\/wp-content\/uploads\/2026\/09\/Feria-Marchena-2026-1-Viernes-Francisco-Gonzalez-SOLEMNITY-4.jpg\" class=\"wp-image-17960\" alt=\"\" srcset=\"https:\/\/fotofrangonz.com\/wp-content\/uploads\/2026\/09\/Feria-Marchena-2026-1-Viernes-Francisco-Gonzalez-SOLEMNITY-4.jpg 1920w, https:\/\/fotofrangonz.com\/wp-content\/uploads\/2026\/09\/Feria-Marchena-2026-1-Viernes-Francisco-Gonzalez-SOLEMNITY-4-300x200.jpg 300w, https:\/\/fotofrangonz.com\/wp-content\/uploads\/2026\/09\/Feria-Marchena-2026-1-Viernes-Francisco-Gonzalez-SOLEMNITY-4-1024x683.jpg 1024w, https:\/\/fotofrangonz.com\/wp-content\/uploads\/2026\/09\/Feria-Marchena-2026-1-Viernes-Francisco-Gonzalez-SOLEMNITY-4-1536x1024.jpg 1536w, https:\/\/fotofrangonz.com\/wp-content\/uploads\/2026\/09\/Feria-Marchena-2026-1-Viernes-Francisco-Gonzalez-SOLEMNITY-4-500x333.jpg 500w, https:\/\/fotofrangonz.com\/wp-content\/uploads\/2026\/09\/Feria-Marchena-2026-1-Viernes-Francisco-Gonzalez-SOLEMNITY-4-800x533.jpg 800w, https:\/\/fotofrangonz.com\/wp-content\/uploads\/2026\/09\/Feria-Marchena-2026-1-Viernes-Francisco-Gonzalez-SOLEMNITY-4-1280x853.jpg 1280w, https:\/\/fotofrangonz.com\/wp-content\/uploads\/2026\/09\/Feria-Marchena-2026-1-Viernes-Francisco-Gonzalez-SOLEMNITY-4-1240x827.jpg 1240w, https:\/\/fotofrangonz.com\/wp-content\/uploads\/2026\/09\/Feria-Marchena-2026-1-Viernes-Francisco-Gonzalez-SOLEMNITY-4-508x339.jpg 508w\" sizes=\"auto, (max-width: 1920px) 100vw, 1920px\" \/><\/noscript><img decoding=\"async\" width=\"1920\" height=\"1280\" src=\"https:\/\/fotofrangonz.com\/wp-content\/uploads\/2026\/09\/Feria-Marchena-2026-1-Viernes-Francisco-Gonzalez-SOLEMNITY-4.jpg\" class=\"wp-image-17960 vp-lazyload\" alt srcset=\"data:image\/svg+xml;base64,PHN2ZyB3aWR0aD0iMTkyMCIgaGVpZ2h0PSIxMjgwIiB2aWV3Qm94PSIwIDAgMTkyMCAxMjgwIiBmaWxsPSJub25lIiB4bWxucz0iaHR0cDovL3d3dy53My5vcmcvMjAwMC9zdmciPjwvc3ZnPg==\" data-src=\"https:\/\/fotofrangonz.com\/wp-content\/uploads\/2026\/09\/Feria-Marchena-2026-1-Viernes-Francisco-Gonzalez-SOLEMNITY-4.jpg\" data-srcset=\"https:\/\/fotofrangonz.com\/wp-content\/uploads\/2026\/09\/Feria-Marchena-2026-1-Viernes-Francisco-Gonzalez-SOLEMNITY-4.jpg 1920w, https:\/\/fotofrangonz.com\/wp-content\/uploads\/2026\/09\/Feria-Marchena-2026-1-Viernes-Francisco-Gonzalez-SOLEMNITY-4-300x200.jpg 300w, https:\/\/fotofrangonz.com\/wp-content\/uploads\/2026\/09\/Feria-Marchena-2026-1-Viernes-Francisco-Gonzalez-SOLEMNITY-4-1024x683.jpg 1024w, https:\/\/fotofrangonz.com\/wp-content\/uploads\/2026\/09\/Feria-Marchena-2026-1-Viernes-Francisco-Gonzalez-SOLEMNITY-4-1536x1024.jpg 1536w, https:\/\/fotofrangonz.com\/wp-content\/uploads\/2026\/09\/Feria-Marchena-2026-1-Viernes-Francisco-Gonzalez-SOLEMNITY-4-500x333.jpg 500w, https:\/\/fotofrangonz.com\/wp-content\/uploads\/2026\/09\/Feria-Marchena-2026-1-Viernes-Francisco-Gonzalez-SOLEMNITY-4-800x533.jpg 800w, https:\/\/fotofrangonz.com\/wp-content\/uploads\/2026\/09\/Feria-Marchena-2026-1-Viernes-Francisco-Gonzalez-SOLEMNITY-4-1280x853.jpg 1280w, https:\/\/fotofrangonz.com\/wp-content\/uploads\/2026\/09\/Feria-Marchena-2026-1-Viernes-Francisco-Gonzalez-SOLEMNITY-4-1240x827.jpg 1240w, https:\/\/fotofrangonz.com\/wp-content\/uploads\/2026\/09\/Feria-Marchena-2026-1-Viernes-Francisco-Gonzalez-SOLEMNITY-4-508x339.jpg 508w\" data-sizes=\"auto\" loading=\"eager\">\n        <\/a>    <\/div>\n<\/div>\n\n<figcaption class=\"vp-portfolio__item-overlay vp-portfolio__item-align-center\">\n    <div class=\"vp-portfolio__item-meta-wrap vp-portfolio__custom-scrollbar\">\n        \t<a\n\t\thref=\"https:\/\/fotofrangonz.com\/wp-content\/uploads\/2026\/09\/Feria-Marchena-2026-1-Viernes-Francisco-Gonzalez-SOLEMNITY-4.jpg\"\n\t\ttabindex=\"-1\" class=\"vp-portfolio__item-meta\" \t>\n\t\n        \n        <\/a>    <\/div>\n<\/figcaption>\n\t\t\t<\/figure>\n\t\t\t\t\t<\/div>\n\t\t\n\t\t<div\t\tclass=\"vp-portfolio__item-wrap vp-portfolio__item-uid-f80665ac\" data-vp-filter=\"\" \t\t>\n\t\t\t<template class=\"vp-portfolio__item-popup\" style=\"display: none\" data-vp-popup-img=\"https:\/\/fotofrangonz.com\/wp-content\/uploads\/2026\/09\/Feria-Marchena-2026-1-Viernes-Francisco-Gonzalez-SOLEMNITY-5.jpg\" data-vp-popup-img-srcset=\"https:\/\/fotofrangonz.com\/wp-content\/uploads\/2026\/09\/Feria-Marchena-2026-1-Viernes-Francisco-Gonzalez-SOLEMNITY-5.jpg 1920w, https:\/\/fotofrangonz.com\/wp-content\/uploads\/2026\/09\/Feria-Marchena-2026-1-Viernes-Francisco-Gonzalez-SOLEMNITY-5-300x200.jpg 300w, https:\/\/fotofrangonz.com\/wp-content\/uploads\/2026\/09\/Feria-Marchena-2026-1-Viernes-Francisco-Gonzalez-SOLEMNITY-5-1024x683.jpg 1024w, https:\/\/fotofrangonz.com\/wp-content\/uploads\/2026\/09\/Feria-Marchena-2026-1-Viernes-Francisco-Gonzalez-SOLEMNITY-5-1536x1024.jpg 1536w, https:\/\/fotofrangonz.com\/wp-content\/uploads\/2026\/09\/Feria-Marchena-2026-1-Viernes-Francisco-Gonzalez-SOLEMNITY-5-500x333.jpg 500w, https:\/\/fotofrangonz.com\/wp-content\/uploads\/2026\/09\/Feria-Marchena-2026-1-Viernes-Francisco-Gonzalez-SOLEMNITY-5-800x533.jpg 800w, https:\/\/fotofrangonz.com\/wp-content\/uploads\/2026\/09\/Feria-Marchena-2026-1-Viernes-Francisco-Gonzalez-SOLEMNITY-5-1280x853.jpg 1280w, https:\/\/fotofrangonz.com\/wp-content\/uploads\/2026\/09\/Feria-Marchena-2026-1-Viernes-Francisco-Gonzalez-SOLEMNITY-5-1240x827.jpg 1240w, https:\/\/fotofrangonz.com\/wp-content\/uploads\/2026\/09\/Feria-Marchena-2026-1-Viernes-Francisco-Gonzalez-SOLEMNITY-5-508x339.jpg 508w\" data-vp-popup-img-size=\"1920x1280\" data-vp-popup-md-img=\"https:\/\/fotofrangonz.com\/wp-content\/uploads\/2026\/09\/Feria-Marchena-2026-1-Viernes-Francisco-Gonzalez-SOLEMNITY-5-800x533.jpg\" data-vp-popup-md-img-size=\"800x533\" data-vp-popup-sm-img=\"https:\/\/fotofrangonz.com\/wp-content\/uploads\/2026\/09\/Feria-Marchena-2026-1-Viernes-Francisco-Gonzalez-SOLEMNITY-5-500x333.jpg\" data-vp-popup-sm-img-size=\"500x333\">\n\t<\/template>\n\t\t\t\t\t\t<figure class=\"vp-portfolio__item\">\n\t\t\t\t\n<div class=\"vp-portfolio__item-img-wrap\">\n    <div class=\"vp-portfolio__item-img\">\n        \t<a\n\t\thref=\"https:\/\/fotofrangonz.com\/wp-content\/uploads\/2026\/09\/Feria-Marchena-2026-1-Viernes-Francisco-Gonzalez-SOLEMNITY-5.jpg\"\n\t\t\t>\n\t\n        <noscript><img loading=\"lazy\" decoding=\"async\" width=\"1920\" height=\"1280\" data-skip-lazy src=\"https:\/\/fotofrangonz.com\/wp-content\/uploads\/2026\/09\/Feria-Marchena-2026-1-Viernes-Francisco-Gonzalez-SOLEMNITY-5.jpg\" class=\"wp-image-17961\" alt=\"\" srcset=\"https:\/\/fotofrangonz.com\/wp-content\/uploads\/2026\/09\/Feria-Marchena-2026-1-Viernes-Francisco-Gonzalez-SOLEMNITY-5.jpg 1920w, https:\/\/fotofrangonz.com\/wp-content\/uploads\/2026\/09\/Feria-Marchena-2026-1-Viernes-Francisco-Gonzalez-SOLEMNITY-5-300x200.jpg 300w, https:\/\/fotofrangonz.com\/wp-content\/uploads\/2026\/09\/Feria-Marchena-2026-1-Viernes-Francisco-Gonzalez-SOLEMNITY-5-1024x683.jpg 1024w, https:\/\/fotofrangonz.com\/wp-content\/uploads\/2026\/09\/Feria-Marchena-2026-1-Viernes-Francisco-Gonzalez-SOLEMNITY-5-1536x1024.jpg 1536w, https:\/\/fotofrangonz.com\/wp-content\/uploads\/2026\/09\/Feria-Marchena-2026-1-Viernes-Francisco-Gonzalez-SOLEMNITY-5-500x333.jpg 500w, https:\/\/fotofrangonz.com\/wp-content\/uploads\/2026\/09\/Feria-Marchena-2026-1-Viernes-Francisco-Gonzalez-SOLEMNITY-5-800x533.jpg 800w, https:\/\/fotofrangonz.com\/wp-content\/uploads\/2026\/09\/Feria-Marchena-2026-1-Viernes-Francisco-Gonzalez-SOLEMNITY-5-1280x853.jpg 1280w, https:\/\/fotofrangonz.com\/wp-content\/uploads\/2026\/09\/Feria-Marchena-2026-1-Viernes-Francisco-Gonzalez-SOLEMNITY-5-1240x827.jpg 1240w, https:\/\/fotofrangonz.com\/wp-content\/uploads\/2026\/09\/Feria-Marchena-2026-1-Viernes-Francisco-Gonzalez-SOLEMNITY-5-508x339.jpg 508w\" sizes=\"auto, (max-width: 1920px) 100vw, 1920px\" \/><\/noscript><img decoding=\"async\" width=\"1920\" height=\"1280\" src=\"https:\/\/fotofrangonz.com\/wp-content\/uploads\/2026\/09\/Feria-Marchena-2026-1-Viernes-Francisco-Gonzalez-SOLEMNITY-5.jpg\" class=\"wp-image-17961 vp-lazyload\" alt srcset=\"data:image\/svg+xml;base64,PHN2ZyB3aWR0aD0iMTkyMCIgaGVpZ2h0PSIxMjgwIiB2aWV3Qm94PSIwIDAgMTkyMCAxMjgwIiBmaWxsPSJub25lIiB4bWxucz0iaHR0cDovL3d3dy53My5vcmcvMjAwMC9zdmciPjwvc3ZnPg==\" data-src=\"https:\/\/fotofrangonz.com\/wp-content\/uploads\/2026\/09\/Feria-Marchena-2026-1-Viernes-Francisco-Gonzalez-SOLEMNITY-5.jpg\" data-srcset=\"https:\/\/fotofrangonz.com\/wp-content\/uploads\/2026\/09\/Feria-Marchena-2026-1-Viernes-Francisco-Gonzalez-SOLEMNITY-5.jpg 1920w, https:\/\/fotofrangonz.com\/wp-content\/uploads\/2026\/09\/Feria-Marchena-2026-1-Viernes-Francisco-Gonzalez-SOLEMNITY-5-300x200.jpg 300w, https:\/\/fotofrangonz.com\/wp-content\/uploads\/2026\/09\/Feria-Marchena-2026-1-Viernes-Francisco-Gonzalez-SOLEMNITY-5-1024x683.jpg 1024w, https:\/\/fotofrangonz.com\/wp-content\/uploads\/2026\/09\/Feria-Marchena-2026-1-Viernes-Francisco-Gonzalez-SOLEMNITY-5-1536x1024.jpg 1536w, https:\/\/fotofrangonz.com\/wp-content\/uploads\/2026\/09\/Feria-Marchena-2026-1-Viernes-Francisco-Gonzalez-SOLEMNITY-5-500x333.jpg 500w, https:\/\/fotofrangonz.com\/wp-content\/uploads\/2026\/09\/Feria-Marchena-2026-1-Viernes-Francisco-Gonzalez-SOLEMNITY-5-800x533.jpg 800w, https:\/\/fotofrangonz.com\/wp-content\/uploads\/2026\/09\/Feria-Marchena-2026-1-Viernes-Francisco-Gonzalez-SOLEMNITY-5-1280x853.jpg 1280w, https:\/\/fotofrangonz.com\/wp-content\/uploads\/2026\/09\/Feria-Marchena-2026-1-Viernes-Francisco-Gonzalez-SOLEMNITY-5-1240x827.jpg 1240w, https:\/\/fotofrangonz.com\/wp-content\/uploads\/2026\/09\/Feria-Marchena-2026-1-Viernes-Francisco-Gonzalez-SOLEMNITY-5-508x339.jpg 508w\" data-sizes=\"auto\" loading=\"eager\">\n        <\/a>    <\/div>\n<\/div>\n\n<figcaption class=\"vp-portfolio__item-overlay vp-portfolio__item-align-center\">\n    <div class=\"vp-portfolio__item-meta-wrap vp-portfolio__custom-scrollbar\">\n        \t<a\n\t\thref=\"https:\/\/fotofrangonz.com\/wp-content\/uploads\/2026\/09\/Feria-Marchena-2026-1-Viernes-Francisco-Gonzalez-SOLEMNITY-5.jpg\"\n\t\ttabindex=\"-1\" class=\"vp-portfolio__item-meta\" \t>\n\t\n        \n        <\/a>    <\/div>\n<\/figcaption>\n\t\t\t<\/figure>\n\t\t\t\t\t<\/div>\n\t\t\n\t\t<div\t\tclass=\"vp-portfolio__item-wrap vp-portfolio__item-uid-aa53e7b3\" data-vp-filter=\"\" \t\t>\n\t\t\t<template class=\"vp-portfolio__item-popup\" style=\"display: none\" data-vp-popup-img=\"https:\/\/fotofrangonz.com\/wp-content\/uploads\/2026\/09\/Feria-Marchena-2026-1-Viernes-Francisco-Gonzalez-SOLEMNITY-6.jpg\" data-vp-popup-img-srcset=\"https:\/\/fotofrangonz.com\/wp-content\/uploads\/2026\/09\/Feria-Marchena-2026-1-Viernes-Francisco-Gonzalez-SOLEMNITY-6.jpg 1920w, https:\/\/fotofrangonz.com\/wp-content\/uploads\/2026\/09\/Feria-Marchena-2026-1-Viernes-Francisco-Gonzalez-SOLEMNITY-6-300x200.jpg 300w, https:\/\/fotofrangonz.com\/wp-content\/uploads\/2026\/09\/Feria-Marchena-2026-1-Viernes-Francisco-Gonzalez-SOLEMNITY-6-1024x683.jpg 1024w, https:\/\/fotofrangonz.com\/wp-content\/uploads\/2026\/09\/Feria-Marchena-2026-1-Viernes-Francisco-Gonzalez-SOLEMNITY-6-1536x1024.jpg 1536w, https:\/\/fotofrangonz.com\/wp-content\/uploads\/2026\/09\/Feria-Marchena-2026-1-Viernes-Francisco-Gonzalez-SOLEMNITY-6-500x333.jpg 500w, https:\/\/fotofrangonz.com\/wp-content\/uploads\/2026\/09\/Feria-Marchena-2026-1-Viernes-Francisco-Gonzalez-SOLEMNITY-6-800x533.jpg 800w, https:\/\/fotofrangonz.com\/wp-content\/uploads\/2026\/09\/Feria-Marchena-2026-1-Viernes-Francisco-Gonzalez-SOLEMNITY-6-1280x853.jpg 1280w, https:\/\/fotofrangonz.com\/wp-content\/uploads\/2026\/09\/Feria-Marchena-2026-1-Viernes-Francisco-Gonzalez-SOLEMNITY-6-1240x827.jpg 1240w, https:\/\/fotofrangonz.com\/wp-content\/uploads\/2026\/09\/Feria-Marchena-2026-1-Viernes-Francisco-Gonzalez-SOLEMNITY-6-508x339.jpg 508w\" data-vp-popup-img-size=\"1920x1280\" data-vp-popup-md-img=\"https:\/\/fotofrangonz.com\/wp-content\/uploads\/2026\/09\/Feria-Marchena-2026-1-Viernes-Francisco-Gonzalez-SOLEMNITY-6-800x533.jpg\" data-vp-popup-md-img-size=\"800x533\" data-vp-popup-sm-img=\"https:\/\/fotofrangonz.com\/wp-content\/uploads\/2026\/09\/Feria-Marchena-2026-1-Viernes-Francisco-Gonzalez-SOLEMNITY-6-500x333.jpg\" data-vp-popup-sm-img-size=\"500x333\">\n\t<\/template>\n\t\t\t\t\t\t<figure class=\"vp-portfolio__item\">\n\t\t\t\t\n<div class=\"vp-portfolio__item-img-wrap\">\n    <div class=\"vp-portfolio__item-img\">\n        \t<a\n\t\thref=\"https:\/\/fotofrangonz.com\/wp-content\/uploads\/2026\/09\/Feria-Marchena-2026-1-Viernes-Francisco-Gonzalez-SOLEMNITY-6.jpg\"\n\t\t\t>\n\t\n        <noscript><img loading=\"lazy\" decoding=\"async\" width=\"1920\" height=\"1280\" data-skip-lazy src=\"https:\/\/fotofrangonz.com\/wp-content\/uploads\/2026\/09\/Feria-Marchena-2026-1-Viernes-Francisco-Gonzalez-SOLEMNITY-6.jpg\" class=\"wp-image-17962\" alt=\"\" srcset=\"https:\/\/fotofrangonz.com\/wp-content\/uploads\/2026\/09\/Feria-Marchena-2026-1-Viernes-Francisco-Gonzalez-SOLEMNITY-6.jpg 1920w, https:\/\/fotofrangonz.com\/wp-content\/uploads\/2026\/09\/Feria-Marchena-2026-1-Viernes-Francisco-Gonzalez-SOLEMNITY-6-300x200.jpg 300w, https:\/\/fotofrangonz.com\/wp-content\/uploads\/2026\/09\/Feria-Marchena-2026-1-Viernes-Francisco-Gonzalez-SOLEMNITY-6-1024x683.jpg 1024w, https:\/\/fotofrangonz.com\/wp-content\/uploads\/2026\/09\/Feria-Marchena-2026-1-Viernes-Francisco-Gonzalez-SOLEMNITY-6-1536x1024.jpg 1536w, https:\/\/fotofrangonz.com\/wp-content\/uploads\/2026\/09\/Feria-Marchena-2026-1-Viernes-Francisco-Gonzalez-SOLEMNITY-6-500x333.jpg 500w, https:\/\/fotofrangonz.com\/wp-content\/uploads\/2026\/09\/Feria-Marchena-2026-1-Viernes-Francisco-Gonzalez-SOLEMNITY-6-800x533.jpg 800w, https:\/\/fotofrangonz.com\/wp-content\/uploads\/2026\/09\/Feria-Marchena-2026-1-Viernes-Francisco-Gonzalez-SOLEMNITY-6-1280x853.jpg 1280w, https:\/\/fotofrangonz.com\/wp-content\/uploads\/2026\/09\/Feria-Marchena-2026-1-Viernes-Francisco-Gonzalez-SOLEMNITY-6-1240x827.jpg 1240w, https:\/\/fotofrangonz.com\/wp-content\/uploads\/2026\/09\/Feria-Marchena-2026-1-Viernes-Francisco-Gonzalez-SOLEMNITY-6-508x339.jpg 508w\" sizes=\"auto, (max-width: 1920px) 100vw, 1920px\" \/><\/noscript><img decoding=\"async\" width=\"1920\" height=\"1280\" src=\"https:\/\/fotofrangonz.com\/wp-content\/uploads\/2026\/09\/Feria-Marchena-2026-1-Viernes-Francisco-Gonzalez-SOLEMNITY-6.jpg\" class=\"wp-image-17962 vp-lazyload\" alt srcset=\"data:image\/svg+xml;base64,PHN2ZyB3aWR0aD0iMTkyMCIgaGVpZ2h0PSIxMjgwIiB2aWV3Qm94PSIwIDAgMTkyMCAxMjgwIiBmaWxsPSJub25lIiB4bWxucz0iaHR0cDovL3d3dy53My5vcmcvMjAwMC9zdmciPjwvc3ZnPg==\" data-src=\"https:\/\/fotofrangonz.com\/wp-content\/uploads\/2026\/09\/Feria-Marchena-2026-1-Viernes-Francisco-Gonzalez-SOLEMNITY-6.jpg\" data-srcset=\"https:\/\/fotofrangonz.com\/wp-content\/uploads\/2026\/09\/Feria-Marchena-2026-1-Viernes-Francisco-Gonzalez-SOLEMNITY-6.jpg 1920w, https:\/\/fotofrangonz.com\/wp-content\/uploads\/2026\/09\/Feria-Marchena-2026-1-Viernes-Francisco-Gonzalez-SOLEMNITY-6-300x200.jpg 300w, https:\/\/fotofrangonz.com\/wp-content\/uploads\/2026\/09\/Feria-Marchena-2026-1-Viernes-Francisco-Gonzalez-SOLEMNITY-6-1024x683.jpg 1024w, https:\/\/fotofrangonz.com\/wp-content\/uploads\/2026\/09\/Feria-Marchena-2026-1-Viernes-Francisco-Gonzalez-SOLEMNITY-6-1536x1024.jpg 1536w, https:\/\/fotofrangonz.com\/wp-content\/uploads\/2026\/09\/Feria-Marchena-2026-1-Viernes-Francisco-Gonzalez-SOLEMNITY-6-500x333.jpg 500w, https:\/\/fotofrangonz.com\/wp-content\/uploads\/2026\/09\/Feria-Marchena-2026-1-Viernes-Francisco-Gonzalez-SOLEMNITY-6-800x533.jpg 800w, https:\/\/fotofrangonz.com\/wp-content\/uploads\/2026\/09\/Feria-Marchena-2026-1-Viernes-Francisco-Gonzalez-SOLEMNITY-6-1280x853.jpg 1280w, https:\/\/fotofrangonz.com\/wp-content\/uploads\/2026\/09\/Feria-Marchena-2026-1-Viernes-Francisco-Gonzalez-SOLEMNITY-6-1240x827.jpg 1240w, https:\/\/fotofrangonz.com\/wp-content\/uploads\/2026\/09\/Feria-Marchena-2026-1-Viernes-Francisco-Gonzalez-SOLEMNITY-6-508x339.jpg 508w\" data-sizes=\"auto\" loading=\"eager\">\n        <\/a>    <\/div>\n<\/div>\n\n<figcaption class=\"vp-portfolio__item-overlay vp-portfolio__item-align-center\">\n    <div class=\"vp-portfolio__item-meta-wrap vp-portfolio__custom-scrollbar\">\n        \t<a\n\t\thref=\"https:\/\/fotofrangonz.com\/wp-content\/uploads\/2026\/09\/Feria-Marchena-2026-1-Viernes-Francisco-Gonzalez-SOLEMNITY-6.jpg\"\n\t\ttabindex=\"-1\" class=\"vp-portfolio__item-meta\" \t>\n\t\n        \n        <\/a>    <\/div>\n<\/figcaption>\n\t\t\t<\/figure>\n\t\t\t\t\t<\/div>\n\t\t\n\t\t<div\t\tclass=\"vp-portfolio__item-wrap vp-portfolio__item-uid-5bc0a58b\" data-vp-filter=\"\" \t\t>\n\t\t\t<template class=\"vp-portfolio__item-popup\" style=\"display: none\" data-vp-popup-img=\"https:\/\/fotofrangonz.com\/wp-content\/uploads\/2026\/09\/Feria-Marchena-2026-1-Viernes-Francisco-Gonzalez-SOLEMNITY-7.jpg\" data-vp-popup-img-srcset=\"https:\/\/fotofrangonz.com\/wp-content\/uploads\/2026\/09\/Feria-Marchena-2026-1-Viernes-Francisco-Gonzalez-SOLEMNITY-7.jpg 1280w, https:\/\/fotofrangonz.com\/wp-content\/uploads\/2026\/09\/Feria-Marchena-2026-1-Viernes-Francisco-Gonzalez-SOLEMNITY-7-200x300.jpg 200w, https:\/\/fotofrangonz.com\/wp-content\/uploads\/2026\/09\/Feria-Marchena-2026-1-Viernes-Francisco-Gonzalez-SOLEMNITY-7-683x1024.jpg 683w, https:\/\/fotofrangonz.com\/wp-content\/uploads\/2026\/09\/Feria-Marchena-2026-1-Viernes-Francisco-Gonzalez-SOLEMNITY-7-1024x1536.jpg 1024w, https:\/\/fotofrangonz.com\/wp-content\/uploads\/2026\/09\/Feria-Marchena-2026-1-Viernes-Francisco-Gonzalez-SOLEMNITY-7-500x750.jpg 500w, https:\/\/fotofrangonz.com\/wp-content\/uploads\/2026\/09\/Feria-Marchena-2026-1-Viernes-Francisco-Gonzalez-SOLEMNITY-7-800x1200.jpg 800w, https:\/\/fotofrangonz.com\/wp-content\/uploads\/2026\/09\/Feria-Marchena-2026-1-Viernes-Francisco-Gonzalez-SOLEMNITY-7-1240x1860.jpg 1240w, https:\/\/fotofrangonz.com\/wp-content\/uploads\/2026\/09\/Feria-Marchena-2026-1-Viernes-Francisco-Gonzalez-SOLEMNITY-7-508x762.jpg 508w\" data-vp-popup-img-size=\"1280x1920\" data-vp-popup-md-img=\"https:\/\/fotofrangonz.com\/wp-content\/uploads\/2026\/09\/Feria-Marchena-2026-1-Viernes-Francisco-Gonzalez-SOLEMNITY-7-800x1200.jpg\" data-vp-popup-md-img-size=\"800x1200\" data-vp-popup-sm-img=\"https:\/\/fotofrangonz.com\/wp-content\/uploads\/2026\/09\/Feria-Marchena-2026-1-Viernes-Francisco-Gonzalez-SOLEMNITY-7-500x750.jpg\" data-vp-popup-sm-img-size=\"500x750\">\n\t<\/template>\n\t\t\t\t\t\t<figure class=\"vp-portfolio__item\">\n\t\t\t\t\n<div class=\"vp-portfolio__item-img-wrap\">\n    <div class=\"vp-portfolio__item-img\">\n        \t<a\n\t\thref=\"https:\/\/fotofrangonz.com\/wp-content\/uploads\/2026\/09\/Feria-Marchena-2026-1-Viernes-Francisco-Gonzalez-SOLEMNITY-7.jpg\"\n\t\t\t>\n\t\n        <noscript><img loading=\"lazy\" decoding=\"async\" width=\"1280\" height=\"1920\" data-skip-lazy src=\"https:\/\/fotofrangonz.com\/wp-content\/uploads\/2026\/09\/Feria-Marchena-2026-1-Viernes-Francisco-Gonzalez-SOLEMNITY-7.jpg\" class=\"wp-image-17963\" alt=\"\" srcset=\"https:\/\/fotofrangonz.com\/wp-content\/uploads\/2026\/09\/Feria-Marchena-2026-1-Viernes-Francisco-Gonzalez-SOLEMNITY-7.jpg 1280w, https:\/\/fotofrangonz.com\/wp-content\/uploads\/2026\/09\/Feria-Marchena-2026-1-Viernes-Francisco-Gonzalez-SOLEMNITY-7-200x300.jpg 200w, https:\/\/fotofrangonz.com\/wp-content\/uploads\/2026\/09\/Feria-Marchena-2026-1-Viernes-Francisco-Gonzalez-SOLEMNITY-7-683x1024.jpg 683w, https:\/\/fotofrangonz.com\/wp-content\/uploads\/2026\/09\/Feria-Marchena-2026-1-Viernes-Francisco-Gonzalez-SOLEMNITY-7-1024x1536.jpg 1024w, https:\/\/fotofrangonz.com\/wp-content\/uploads\/2026\/09\/Feria-Marchena-2026-1-Viernes-Francisco-Gonzalez-SOLEMNITY-7-500x750.jpg 500w, https:\/\/fotofrangonz.com\/wp-content\/uploads\/2026\/09\/Feria-Marchena-2026-1-Viernes-Francisco-Gonzalez-SOLEMNITY-7-800x1200.jpg 800w, https:\/\/fotofrangonz.com\/wp-content\/uploads\/2026\/09\/Feria-Marchena-2026-1-Viernes-Francisco-Gonzalez-SOLEMNITY-7-1240x1860.jpg 1240w, https:\/\/fotofrangonz.com\/wp-content\/uploads\/2026\/09\/Feria-Marchena-2026-1-Viernes-Francisco-Gonzalez-SOLEMNITY-7-508x762.jpg 508w\" sizes=\"auto, (max-width: 1280px) 100vw, 1280px\" \/><\/noscript><img decoding=\"async\" width=\"1280\" height=\"1920\" src=\"https:\/\/fotofrangonz.com\/wp-content\/uploads\/2026\/09\/Feria-Marchena-2026-1-Viernes-Francisco-Gonzalez-SOLEMNITY-7.jpg\" class=\"wp-image-17963 vp-lazyload\" alt srcset=\"data:image\/svg+xml;base64,PHN2ZyB3aWR0aD0iMTI4MCIgaGVpZ2h0PSIxOTIwIiB2aWV3Qm94PSIwIDAgMTI4MCAxOTIwIiBmaWxsPSJub25lIiB4bWxucz0iaHR0cDovL3d3dy53My5vcmcvMjAwMC9zdmciPjwvc3ZnPg==\" data-src=\"https:\/\/fotofrangonz.com\/wp-content\/uploads\/2026\/09\/Feria-Marchena-2026-1-Viernes-Francisco-Gonzalez-SOLEMNITY-7.jpg\" data-srcset=\"https:\/\/fotofrangonz.com\/wp-content\/uploads\/2026\/09\/Feria-Marchena-2026-1-Viernes-Francisco-Gonzalez-SOLEMNITY-7.jpg 1280w, https:\/\/fotofrangonz.com\/wp-content\/uploads\/2026\/09\/Feria-Marchena-2026-1-Viernes-Francisco-Gonzalez-SOLEMNITY-7-200x300.jpg 200w, https:\/\/fotofrangonz.com\/wp-content\/uploads\/2026\/09\/Feria-Marchena-2026-1-Viernes-Francisco-Gonzalez-SOLEMNITY-7-683x1024.jpg 683w, https:\/\/fotofrangonz.com\/wp-content\/uploads\/2026\/09\/Feria-Marchena-2026-1-Viernes-Francisco-Gonzalez-SOLEMNITY-7-1024x1536.jpg 1024w, https:\/\/fotofrangonz.com\/wp-content\/uploads\/2026\/09\/Feria-Marchena-2026-1-Viernes-Francisco-Gonzalez-SOLEMNITY-7-500x750.jpg 500w, https:\/\/fotofrangonz.com\/wp-content\/uploads\/2026\/09\/Feria-Marchena-2026-1-Viernes-Francisco-Gonzalez-SOLEMNITY-7-800x1200.jpg 800w, https:\/\/fotofrangonz.com\/wp-content\/uploads\/2026\/09\/Feria-Marchena-2026-1-Viernes-Francisco-Gonzalez-SOLEMNITY-7-1240x1860.jpg 1240w, https:\/\/fotofrangonz.com\/wp-content\/uploads\/2026\/09\/Feria-Marchena-2026-1-Viernes-Francisco-Gonzalez-SOLEMNITY-7-508x762.jpg 508w\" data-sizes=\"auto\" loading=\"eager\">\n        <\/a>    <\/div>\n<\/div>\n\n<figcaption class=\"vp-portfolio__item-overlay vp-portfolio__item-align-center\">\n    <div class=\"vp-portfolio__item-meta-wrap vp-portfolio__custom-scrollbar\">\n        \t<a\n\t\thref=\"https:\/\/fotofrangonz.com\/wp-content\/uploads\/2026\/09\/Feria-Marchena-2026-1-Viernes-Francisco-Gonzalez-SOLEMNITY-7.jpg\"\n\t\ttabindex=\"-1\" class=\"vp-portfolio__item-meta\" \t>\n\t\n        \n        <\/a>    <\/div>\n<\/figcaption>\n\t\t\t<\/figure>\n\t\t\t\t\t<\/div>\n\t\t\n\t\t<div\t\tclass=\"vp-portfolio__item-wrap vp-portfolio__item-uid-0ef8e38d\" data-vp-filter=\"\" \t\t>\n\t\t\t<template class=\"vp-portfolio__item-popup\" style=\"display: none\" data-vp-popup-img=\"https:\/\/fotofrangonz.com\/wp-content\/uploads\/2026\/09\/Feria-Marchena-2026-1-Viernes-Francisco-Gonzalez-SOLEMNITY-8.jpg\" data-vp-popup-img-srcset=\"https:\/\/fotofrangonz.com\/wp-content\/uploads\/2026\/09\/Feria-Marchena-2026-1-Viernes-Francisco-Gonzalez-SOLEMNITY-8.jpg 1280w, https:\/\/fotofrangonz.com\/wp-content\/uploads\/2026\/09\/Feria-Marchena-2026-1-Viernes-Francisco-Gonzalez-SOLEMNITY-8-200x300.jpg 200w, https:\/\/fotofrangonz.com\/wp-content\/uploads\/2026\/09\/Feria-Marchena-2026-1-Viernes-Francisco-Gonzalez-SOLEMNITY-8-683x1024.jpg 683w, https:\/\/fotofrangonz.com\/wp-content\/uploads\/2026\/09\/Feria-Marchena-2026-1-Viernes-Francisco-Gonzalez-SOLEMNITY-8-1024x1536.jpg 1024w, https:\/\/fotofrangonz.com\/wp-content\/uploads\/2026\/09\/Feria-Marchena-2026-1-Viernes-Francisco-Gonzalez-SOLEMNITY-8-500x750.jpg 500w, https:\/\/fotofrangonz.com\/wp-content\/uploads\/2026\/09\/Feria-Marchena-2026-1-Viernes-Francisco-Gonzalez-SOLEMNITY-8-800x1200.jpg 800w, https:\/\/fotofrangonz.com\/wp-content\/uploads\/2026\/09\/Feria-Marchena-2026-1-Viernes-Francisco-Gonzalez-SOLEMNITY-8-1240x1860.jpg 1240w, https:\/\/fotofrangonz.com\/wp-content\/uploads\/2026\/09\/Feria-Marchena-2026-1-Viernes-Francisco-Gonzalez-SOLEMNITY-8-508x762.jpg 508w\" data-vp-popup-img-size=\"1280x1920\" data-vp-popup-md-img=\"https:\/\/fotofrangonz.com\/wp-content\/uploads\/2026\/09\/Feria-Marchena-2026-1-Viernes-Francisco-Gonzalez-SOLEMNITY-8-800x1200.jpg\" data-vp-popup-md-img-size=\"800x1200\" data-vp-popup-sm-img=\"https:\/\/fotofrangonz.com\/wp-content\/uploads\/2026\/09\/Feria-Marchena-2026-1-Viernes-Francisco-Gonzalez-SOLEMNITY-8-500x750.jpg\" data-vp-popup-sm-img-size=\"500x750\">\n\t<\/template>\n\t\t\t\t\t\t<figure class=\"vp-portfolio__item\">\n\t\t\t\t\n<div class=\"vp-portfolio__item-img-wrap\">\n    <div class=\"vp-portfolio__item-img\">\n        \t<a\n\t\thref=\"https:\/\/fotofrangonz.com\/wp-content\/uploads\/2026\/09\/Feria-Marchena-2026-1-Viernes-Francisco-Gonzalez-SOLEMNITY-8.jpg\"\n\t\t\t>\n\t\n        <noscript><img loading=\"lazy\" decoding=\"async\" width=\"1280\" height=\"1920\" data-skip-lazy src=\"https:\/\/fotofrangonz.com\/wp-content\/uploads\/2026\/09\/Feria-Marchena-2026-1-Viernes-Francisco-Gonzalez-SOLEMNITY-8.jpg\" class=\"wp-image-17964\" alt=\"\" srcset=\"https:\/\/fotofrangonz.com\/wp-content\/uploads\/2026\/09\/Feria-Marchena-2026-1-Viernes-Francisco-Gonzalez-SOLEMNITY-8.jpg 1280w, https:\/\/fotofrangonz.com\/wp-content\/uploads\/2026\/09\/Feria-Marchena-2026-1-Viernes-Francisco-Gonzalez-SOLEMNITY-8-200x300.jpg 200w, https:\/\/fotofrangonz.com\/wp-content\/uploads\/2026\/09\/Feria-Marchena-2026-1-Viernes-Francisco-Gonzalez-SOLEMNITY-8-683x1024.jpg 683w, https:\/\/fotofrangonz.com\/wp-content\/uploads\/2026\/09\/Feria-Marchena-2026-1-Viernes-Francisco-Gonzalez-SOLEMNITY-8-1024x1536.jpg 1024w, https:\/\/fotofrangonz.com\/wp-content\/uploads\/2026\/09\/Feria-Marchena-2026-1-Viernes-Francisco-Gonzalez-SOLEMNITY-8-500x750.jpg 500w, https:\/\/fotofrangonz.com\/wp-content\/uploads\/2026\/09\/Feria-Marchena-2026-1-Viernes-Francisco-Gonzalez-SOLEMNITY-8-800x1200.jpg 800w, https:\/\/fotofrangonz.com\/wp-content\/uploads\/2026\/09\/Feria-Marchena-2026-1-Viernes-Francisco-Gonzalez-SOLEMNITY-8-1240x1860.jpg 1240w, https:\/\/fotofrangonz.com\/wp-content\/uploads\/2026\/09\/Feria-Marchena-2026-1-Viernes-Francisco-Gonzalez-SOLEMNITY-8-508x762.jpg 508w\" sizes=\"auto, (max-width: 1280px) 100vw, 1280px\" \/><\/noscript><img decoding=\"async\" width=\"1280\" height=\"1920\" src=\"https:\/\/fotofrangonz.com\/wp-content\/uploads\/2026\/09\/Feria-Marchena-2026-1-Viernes-Francisco-Gonzalez-SOLEMNITY-8.jpg\" class=\"wp-image-17964 vp-lazyload\" alt srcset=\"data:image\/svg+xml;base64,PHN2ZyB3aWR0aD0iMTI4MCIgaGVpZ2h0PSIxOTIwIiB2aWV3Qm94PSIwIDAgMTI4MCAxOTIwIiBmaWxsPSJub25lIiB4bWxucz0iaHR0cDovL3d3dy53My5vcmcvMjAwMC9zdmciPjwvc3ZnPg==\" data-src=\"https:\/\/fotofrangonz.com\/wp-content\/uploads\/2026\/09\/Feria-Marchena-2026-1-Viernes-Francisco-Gonzalez-SOLEMNITY-8.jpg\" data-srcset=\"https:\/\/fotofrangonz.com\/wp-content\/uploads\/2026\/09\/Feria-Marchena-2026-1-Viernes-Francisco-Gonzalez-SOLEMNITY-8.jpg 1280w, https:\/\/fotofrangonz.com\/wp-content\/uploads\/2026\/09\/Feria-Marchena-2026-1-Viernes-Francisco-Gonzalez-SOLEMNITY-8-200x300.jpg 200w, https:\/\/fotofrangonz.com\/wp-content\/uploads\/2026\/09\/Feria-Marchena-2026-1-Viernes-Francisco-Gonzalez-SOLEMNITY-8-683x1024.jpg 683w, https:\/\/fotofrangonz.com\/wp-content\/uploads\/2026\/09\/Feria-Marchena-2026-1-Viernes-Francisco-Gonzalez-SOLEMNITY-8-1024x1536.jpg 1024w, https:\/\/fotofrangonz.com\/wp-content\/uploads\/2026\/09\/Feria-Marchena-2026-1-Viernes-Francisco-Gonzalez-SOLEMNITY-8-500x750.jpg 500w, https:\/\/fotofrangonz.com\/wp-content\/uploads\/2026\/09\/Feria-Marchena-2026-1-Viernes-Francisco-Gonzalez-SOLEMNITY-8-800x1200.jpg 800w, https:\/\/fotofrangonz.com\/wp-content\/uploads\/2026\/09\/Feria-Marchena-2026-1-Viernes-Francisco-Gonzalez-SOLEMNITY-8-1240x1860.jpg 1240w, https:\/\/fotofrangonz.com\/wp-content\/uploads\/2026\/09\/Feria-Marchena-2026-1-Viernes-Francisco-Gonzalez-SOLEMNITY-8-508x762.jpg 508w\" data-sizes=\"auto\" loading=\"eager\">\n        <\/a>    <\/div>\n<\/div>\n\n<figcaption class=\"vp-portfolio__item-overlay vp-portfolio__item-align-center\">\n    <div class=\"vp-portfolio__item-meta-wrap vp-portfolio__custom-scrollbar\">\n        \t<a\n\t\thref=\"https:\/\/fotofrangonz.com\/wp-content\/uploads\/2026\/09\/Feria-Marchena-2026-1-Viernes-Francisco-Gonzalez-SOLEMNITY-8.jpg\"\n\t\ttabindex=\"-1\" class=\"vp-portfolio__item-meta\" \t>\n\t\n        \n        <\/a>    <\/div>\n<\/figcaption>\n\t\t\t<\/figure>\n\t\t\t\t\t<\/div>\n\t\t\n\t\t<div\t\tclass=\"vp-portfolio__item-wrap vp-portfolio__item-uid-88a961ce\" data-vp-filter=\"\" \t\t>\n\t\t\t<template class=\"vp-portfolio__item-popup\" style=\"display: none\" data-vp-popup-img=\"https:\/\/fotofrangonz.com\/wp-content\/uploads\/2026\/09\/Feria-Marchena-2026-1-Viernes-Francisco-Gonzalez-SOLEMNITY-9.jpg\" data-vp-popup-img-srcset=\"https:\/\/fotofrangonz.com\/wp-content\/uploads\/2026\/09\/Feria-Marchena-2026-1-Viernes-Francisco-Gonzalez-SOLEMNITY-9.jpg 1280w, https:\/\/fotofrangonz.com\/wp-content\/uploads\/2026\/09\/Feria-Marchena-2026-1-Viernes-Francisco-Gonzalez-SOLEMNITY-9-200x300.jpg 200w, https:\/\/fotofrangonz.com\/wp-content\/uploads\/2026\/09\/Feria-Marchena-2026-1-Viernes-Francisco-Gonzalez-SOLEMNITY-9-683x1024.jpg 683w, https:\/\/fotofrangonz.com\/wp-content\/uploads\/2026\/09\/Feria-Marchena-2026-1-Viernes-Francisco-Gonzalez-SOLEMNITY-9-1024x1536.jpg 1024w, https:\/\/fotofrangonz.com\/wp-content\/uploads\/2026\/09\/Feria-Marchena-2026-1-Viernes-Francisco-Gonzalez-SOLEMNITY-9-500x750.jpg 500w, https:\/\/fotofrangonz.com\/wp-content\/uploads\/2026\/09\/Feria-Marchena-2026-1-Viernes-Francisco-Gonzalez-SOLEMNITY-9-800x1200.jpg 800w, https:\/\/fotofrangonz.com\/wp-content\/uploads\/2026\/09\/Feria-Marchena-2026-1-Viernes-Francisco-Gonzalez-SOLEMNITY-9-1240x1860.jpg 1240w, https:\/\/fotofrangonz.com\/wp-content\/uploads\/2026\/09\/Feria-Marchena-2026-1-Viernes-Francisco-Gonzalez-SOLEMNITY-9-508x762.jpg 508w\" data-vp-popup-img-size=\"1280x1920\" data-vp-popup-md-img=\"https:\/\/fotofrangonz.com\/wp-content\/uploads\/2026\/09\/Feria-Marchena-2026-1-Viernes-Francisco-Gonzalez-SOLEMNITY-9-800x1200.jpg\" data-vp-popup-md-img-size=\"800x1200\" data-vp-popup-sm-img=\"https:\/\/fotofrangonz.com\/wp-content\/uploads\/2026\/09\/Feria-Marchena-2026-1-Viernes-Francisco-Gonzalez-SOLEMNITY-9-500x750.jpg\" data-vp-popup-sm-img-size=\"500x750\">\n\t<\/template>\n\t\t\t\t\t\t<figure class=\"vp-portfolio__item\">\n\t\t\t\t\n<div class=\"vp-portfolio__item-img-wrap\">\n    <div class=\"vp-portfolio__item-img\">\n        \t<a\n\t\thref=\"https:\/\/fotofrangonz.com\/wp-content\/uploads\/2026\/09\/Feria-Marchena-2026-1-Viernes-Francisco-Gonzalez-SOLEMNITY-9.jpg\"\n\t\t\t>\n\t\n        <noscript><img loading=\"lazy\" decoding=\"async\" width=\"1280\" height=\"1920\" data-skip-lazy src=\"https:\/\/fotofrangonz.com\/wp-content\/uploads\/2026\/09\/Feria-Marchena-2026-1-Viernes-Francisco-Gonzalez-SOLEMNITY-9.jpg\" class=\"wp-image-17965\" alt=\"\" srcset=\"https:\/\/fotofrangonz.com\/wp-content\/uploads\/2026\/09\/Feria-Marchena-2026-1-Viernes-Francisco-Gonzalez-SOLEMNITY-9.jpg 1280w, https:\/\/fotofrangonz.com\/wp-content\/uploads\/2026\/09\/Feria-Marchena-2026-1-Viernes-Francisco-Gonzalez-SOLEMNITY-9-200x300.jpg 200w, https:\/\/fotofrangonz.com\/wp-content\/uploads\/2026\/09\/Feria-Marchena-2026-1-Viernes-Francisco-Gonzalez-SOLEMNITY-9-683x1024.jpg 683w, https:\/\/fotofrangonz.com\/wp-content\/uploads\/2026\/09\/Feria-Marchena-2026-1-Viernes-Francisco-Gonzalez-SOLEMNITY-9-1024x1536.jpg 1024w, https:\/\/fotofrangonz.com\/wp-content\/uploads\/2026\/09\/Feria-Marchena-2026-1-Viernes-Francisco-Gonzalez-SOLEMNITY-9-500x750.jpg 500w, https:\/\/fotofrangonz.com\/wp-content\/uploads\/2026\/09\/Feria-Marchena-2026-1-Viernes-Francisco-Gonzalez-SOLEMNITY-9-800x1200.jpg 800w, https:\/\/fotofrangonz.com\/wp-content\/uploads\/2026\/09\/Feria-Marchena-2026-1-Viernes-Francisco-Gonzalez-SOLEMNITY-9-1240x1860.jpg 1240w, https:\/\/fotofrangonz.com\/wp-content\/uploads\/2026\/09\/Feria-Marchena-2026-1-Viernes-Francisco-Gonzalez-SOLEMNITY-9-508x762.jpg 508w\" sizes=\"auto, (max-width: 1280px) 100vw, 1280px\" \/><\/noscript><img decoding=\"async\" width=\"1280\" height=\"1920\" src=\"https:\/\/fotofrangonz.com\/wp-content\/uploads\/2026\/09\/Feria-Marchena-2026-1-Viernes-Francisco-Gonzalez-SOLEMNITY-9.jpg\" class=\"wp-image-17965 vp-lazyload\" alt srcset=\"data:image\/svg+xml;base64,PHN2ZyB3aWR0aD0iMTI4MCIgaGVpZ2h0PSIxOTIwIiB2aWV3Qm94PSIwIDAgMTI4MCAxOTIwIiBmaWxsPSJub25lIiB4bWxucz0iaHR0cDovL3d3dy53My5vcmcvMjAwMC9zdmciPjwvc3ZnPg==\" data-src=\"https:\/\/fotofrangonz.com\/wp-content\/uploads\/2026\/09\/Feria-Marchena-2026-1-Viernes-Francisco-Gonzalez-SOLEMNITY-9.jpg\" data-srcset=\"https:\/\/fotofrangonz.com\/wp-content\/uploads\/2026\/09\/Feria-Marchena-2026-1-Viernes-Francisco-Gonzalez-SOLEMNITY-9.jpg 1280w, https:\/\/fotofrangonz.com\/wp-content\/uploads\/2026\/09\/Feria-Marchena-2026-1-Viernes-Francisco-Gonzalez-SOLEMNITY-9-200x300.jpg 200w, https:\/\/fotofrangonz.com\/wp-content\/uploads\/2026\/09\/Feria-Marchena-2026-1-Viernes-Francisco-Gonzalez-SOLEMNITY-9-683x1024.jpg 683w, https:\/\/fotofrangonz.com\/wp-content\/uploads\/2026\/09\/Feria-Marchena-2026-1-Viernes-Francisco-Gonzalez-SOLEMNITY-9-1024x1536.jpg 1024w, https:\/\/fotofrangonz.com\/wp-content\/uploads\/2026\/09\/Feria-Marchena-2026-1-Viernes-Francisco-Gonzalez-SOLEMNITY-9-500x750.jpg 500w, https:\/\/fotofrangonz.com\/wp-content\/uploads\/2026\/09\/Feria-Marchena-2026-1-Viernes-Francisco-Gonzalez-SOLEMNITY-9-800x1200.jpg 800w, https:\/\/fotofrangonz.com\/wp-content\/uploads\/2026\/09\/Feria-Marchena-2026-1-Viernes-Francisco-Gonzalez-SOLEMNITY-9-1240x1860.jpg 1240w, https:\/\/fotofrangonz.com\/wp-content\/uploads\/2026\/09\/Feria-Marchena-2026-1-Viernes-Francisco-Gonzalez-SOLEMNITY-9-508x762.jpg 508w\" data-sizes=\"auto\" loading=\"eager\">\n        <\/a>    <\/div>\n<\/div>\n\n<figcaption class=\"vp-portfolio__item-overlay vp-portfolio__item-align-center\">\n    <div class=\"vp-portfolio__item-meta-wrap vp-portfolio__custom-scrollbar\">\n        \t<a\n\t\thref=\"https:\/\/fotofrangonz.com\/wp-content\/uploads\/2026\/09\/Feria-Marchena-2026-1-Viernes-Francisco-Gonzalez-SOLEMNITY-9.jpg\"\n\t\ttabindex=\"-1\" class=\"vp-portfolio__item-meta\" \t>\n\t\n        \n        <\/a>    <\/div>\n<\/figcaption>\n\t\t\t<\/figure>\n\t\t\t\t\t<\/div>\n\t\t\n\t\t<div\t\tclass=\"vp-portfolio__item-wrap vp-portfolio__item-uid-dafce3d1\" data-vp-filter=\"\" \t\t>\n\t\t\t<template class=\"vp-portfolio__item-popup\" style=\"display: none\" data-vp-popup-img=\"https:\/\/fotofrangonz.com\/wp-content\/uploads\/2026\/09\/Feria-Marchena-2026-1-Viernes-Francisco-Gonzalez-SOLEMNITY-10.jpg\" data-vp-popup-img-srcset=\"https:\/\/fotofrangonz.com\/wp-content\/uploads\/2026\/09\/Feria-Marchena-2026-1-Viernes-Francisco-Gonzalez-SOLEMNITY-10.jpg 1920w, https:\/\/fotofrangonz.com\/wp-content\/uploads\/2026\/09\/Feria-Marchena-2026-1-Viernes-Francisco-Gonzalez-SOLEMNITY-10-300x200.jpg 300w, https:\/\/fotofrangonz.com\/wp-content\/uploads\/2026\/09\/Feria-Marchena-2026-1-Viernes-Francisco-Gonzalez-SOLEMNITY-10-1024x683.jpg 1024w, https:\/\/fotofrangonz.com\/wp-content\/uploads\/2026\/09\/Feria-Marchena-2026-1-Viernes-Francisco-Gonzalez-SOLEMNITY-10-1536x1024.jpg 1536w, https:\/\/fotofrangonz.com\/wp-content\/uploads\/2026\/09\/Feria-Marchena-2026-1-Viernes-Francisco-Gonzalez-SOLEMNITY-10-500x333.jpg 500w, https:\/\/fotofrangonz.com\/wp-content\/uploads\/2026\/09\/Feria-Marchena-2026-1-Viernes-Francisco-Gonzalez-SOLEMNITY-10-800x533.jpg 800w, https:\/\/fotofrangonz.com\/wp-content\/uploads\/2026\/09\/Feria-Marchena-2026-1-Viernes-Francisco-Gonzalez-SOLEMNITY-10-1280x853.jpg 1280w, https:\/\/fotofrangonz.com\/wp-content\/uploads\/2026\/09\/Feria-Marchena-2026-1-Viernes-Francisco-Gonzalez-SOLEMNITY-10-1240x827.jpg 1240w, https:\/\/fotofrangonz.com\/wp-content\/uploads\/2026\/09\/Feria-Marchena-2026-1-Viernes-Francisco-Gonzalez-SOLEMNITY-10-508x339.jpg 508w\" data-vp-popup-img-size=\"1920x1280\" data-vp-popup-md-img=\"https:\/\/fotofrangonz.com\/wp-content\/uploads\/2026\/09\/Feria-Marchena-2026-1-Viernes-Francisco-Gonzalez-SOLEMNITY-10-800x533.jpg\" data-vp-popup-md-img-size=\"800x533\" data-vp-popup-sm-img=\"https:\/\/fotofrangonz.com\/wp-content\/uploads\/2026\/09\/Feria-Marchena-2026-1-Viernes-Francisco-Gonzalez-SOLEMNITY-10-500x333.jpg\" data-vp-popup-sm-img-size=\"500x333\">\n\t<\/template>\n\t\t\t\t\t\t<figure class=\"vp-portfolio__item\">\n\t\t\t\t\n<div class=\"vp-portfolio__item-img-wrap\">\n    <div class=\"vp-portfolio__item-img\">\n        \t<a\n\t\thref=\"https:\/\/fotofrangonz.com\/wp-content\/uploads\/2026\/09\/Feria-Marchena-2026-1-Viernes-Francisco-Gonzalez-SOLEMNITY-10.jpg\"\n\t\t\t>\n\t\n        <noscript><img loading=\"lazy\" decoding=\"async\" width=\"1920\" height=\"1280\" data-skip-lazy src=\"https:\/\/fotofrangonz.com\/wp-content\/uploads\/2026\/09\/Feria-Marchena-2026-1-Viernes-Francisco-Gonzalez-SOLEMNITY-10.jpg\" class=\"wp-image-17966\" alt=\"\" srcset=\"https:\/\/fotofrangonz.com\/wp-content\/uploads\/2026\/09\/Feria-Marchena-2026-1-Viernes-Francisco-Gonzalez-SOLEMNITY-10.jpg 1920w, https:\/\/fotofrangonz.com\/wp-content\/uploads\/2026\/09\/Feria-Marchena-2026-1-Viernes-Francisco-Gonzalez-SOLEMNITY-10-300x200.jpg 300w, https:\/\/fotofrangonz.com\/wp-content\/uploads\/2026\/09\/Feria-Marchena-2026-1-Viernes-Francisco-Gonzalez-SOLEMNITY-10-1024x683.jpg 1024w, https:\/\/fotofrangonz.com\/wp-content\/uploads\/2026\/09\/Feria-Marchena-2026-1-Viernes-Francisco-Gonzalez-SOLEMNITY-10-1536x1024.jpg 1536w, https:\/\/fotofrangonz.com\/wp-content\/uploads\/2026\/09\/Feria-Marchena-2026-1-Viernes-Francisco-Gonzalez-SOLEMNITY-10-500x333.jpg 500w, https:\/\/fotofrangonz.com\/wp-content\/uploads\/2026\/09\/Feria-Marchena-2026-1-Viernes-Francisco-Gonzalez-SOLEMNITY-10-800x533.jpg 800w, https:\/\/fotofrangonz.com\/wp-content\/uploads\/2026\/09\/Feria-Marchena-2026-1-Viernes-Francisco-Gonzalez-SOLEMNITY-10-1280x853.jpg 1280w, https:\/\/fotofrangonz.com\/wp-content\/uploads\/2026\/09\/Feria-Marchena-2026-1-Viernes-Francisco-Gonzalez-SOLEMNITY-10-1240x827.jpg 1240w, https:\/\/fotofrangonz.com\/wp-content\/uploads\/2026\/09\/Feria-Marchena-2026-1-Viernes-Francisco-Gonzalez-SOLEMNITY-10-508x339.jpg 508w\" sizes=\"auto, (max-width: 1920px) 100vw, 1920px\" \/><\/noscript><img decoding=\"async\" width=\"1920\" height=\"1280\" src=\"https:\/\/fotofrangonz.com\/wp-content\/uploads\/2026\/09\/Feria-Marchena-2026-1-Viernes-Francisco-Gonzalez-SOLEMNITY-10.jpg\" class=\"wp-image-17966 vp-lazyload\" alt srcset=\"data:image\/svg+xml;base64,PHN2ZyB3aWR0aD0iMTkyMCIgaGVpZ2h0PSIxMjgwIiB2aWV3Qm94PSIwIDAgMTkyMCAxMjgwIiBmaWxsPSJub25lIiB4bWxucz0iaHR0cDovL3d3dy53My5vcmcvMjAwMC9zdmciPjwvc3ZnPg==\" data-src=\"https:\/\/fotofrangonz.com\/wp-content\/uploads\/2026\/09\/Feria-Marchena-2026-1-Viernes-Francisco-Gonzalez-SOLEMNITY-10.jpg\" data-srcset=\"https:\/\/fotofrangonz.com\/wp-content\/uploads\/2026\/09\/Feria-Marchena-2026-1-Viernes-Francisco-Gonzalez-SOLEMNITY-10.jpg 1920w, https:\/\/fotofrangonz.com\/wp-content\/uploads\/2026\/09\/Feria-Marchena-2026-1-Viernes-Francisco-Gonzalez-SOLEMNITY-10-300x200.jpg 300w, https:\/\/fotofrangonz.com\/wp-content\/uploads\/2026\/09\/Feria-Marchena-2026-1-Viernes-Francisco-Gonzalez-SOLEMNITY-10-1024x683.jpg 1024w, https:\/\/fotofrangonz.com\/wp-content\/uploads\/2026\/09\/Feria-Marchena-2026-1-Viernes-Francisco-Gonzalez-SOLEMNITY-10-1536x1024.jpg 1536w, https:\/\/fotofrangonz.com\/wp-content\/uploads\/2026\/09\/Feria-Marchena-2026-1-Viernes-Francisco-Gonzalez-SOLEMNITY-10-500x333.jpg 500w, https:\/\/fotofrangonz.com\/wp-content\/uploads\/2026\/09\/Feria-Marchena-2026-1-Viernes-Francisco-Gonzalez-SOLEMNITY-10-800x533.jpg 800w, https:\/\/fotofrangonz.com\/wp-content\/uploads\/2026\/09\/Feria-Marchena-2026-1-Viernes-Francisco-Gonzalez-SOLEMNITY-10-1280x853.jpg 1280w, https:\/\/fotofrangonz.com\/wp-content\/uploads\/2026\/09\/Feria-Marchena-2026-1-Viernes-Francisco-Gonzalez-SOLEMNITY-10-1240x827.jpg 1240w, https:\/\/fotofrangonz.com\/wp-content\/uploads\/2026\/09\/Feria-Marchena-2026-1-Viernes-Francisco-Gonzalez-SOLEMNITY-10-508x339.jpg 508w\" data-sizes=\"auto\" loading=\"eager\">\n        <\/a>    <\/div>\n<\/div>\n\n<figcaption class=\"vp-portfolio__item-overlay vp-portfolio__item-align-center\">\n    <div class=\"vp-portfolio__item-meta-wrap vp-portfolio__custom-scrollbar\">\n        \t<a\n\t\thref=\"https:\/\/fotofrangonz.com\/wp-content\/uploads\/2026\/09\/Feria-Marchena-2026-1-Viernes-Francisco-Gonzalez-SOLEMNITY-10.jpg\"\n\t\ttabindex=\"-1\" class=\"vp-portfolio__item-meta\" \t>\n\t\n        \n        <\/a>    <\/div>\n<\/figcaption>\n\t\t\t<\/figure>\n\t\t\t\t\t<\/div>\n\t\t\n\t\t<div\t\tclass=\"vp-portfolio__item-wrap vp-portfolio__item-uid-07c10c4f\" data-vp-filter=\"\" \t\t>\n\t\t\t<template class=\"vp-portfolio__item-popup\" style=\"display: none\" data-vp-popup-img=\"https:\/\/fotofrangonz.com\/wp-content\/uploads\/2026\/09\/Feria-Marchena-2026-1-Viernes-Francisco-Gonzalez-SOLEMNITY-11.jpg\" data-vp-popup-img-srcset=\"https:\/\/fotofrangonz.com\/wp-content\/uploads\/2026\/09\/Feria-Marchena-2026-1-Viernes-Francisco-Gonzalez-SOLEMNITY-11.jpg 1920w, https:\/\/fotofrangonz.com\/wp-content\/uploads\/2026\/09\/Feria-Marchena-2026-1-Viernes-Francisco-Gonzalez-SOLEMNITY-11-300x200.jpg 300w, https:\/\/fotofrangonz.com\/wp-content\/uploads\/2026\/09\/Feria-Marchena-2026-1-Viernes-Francisco-Gonzalez-SOLEMNITY-11-1024x683.jpg 1024w, https:\/\/fotofrangonz.com\/wp-content\/uploads\/2026\/09\/Feria-Marchena-2026-1-Viernes-Francisco-Gonzalez-SOLEMNITY-11-1536x1024.jpg 1536w, https:\/\/fotofrangonz.com\/wp-content\/uploads\/2026\/09\/Feria-Marchena-2026-1-Viernes-Francisco-Gonzalez-SOLEMNITY-11-500x333.jpg 500w, https:\/\/fotofrangonz.com\/wp-content\/uploads\/2026\/09\/Feria-Marchena-2026-1-Viernes-Francisco-Gonzalez-SOLEMNITY-11-800x533.jpg 800w, https:\/\/fotofrangonz.com\/wp-content\/uploads\/2026\/09\/Feria-Marchena-2026-1-Viernes-Francisco-Gonzalez-SOLEMNITY-11-1280x853.jpg 1280w, https:\/\/fotofrangonz.com\/wp-content\/uploads\/2026\/09\/Feria-Marchena-2026-1-Viernes-Francisco-Gonzalez-SOLEMNITY-11-1240x827.jpg 1240w, https:\/\/fotofrangonz.com\/wp-content\/uploads\/2026\/09\/Feria-Marchena-2026-1-Viernes-Francisco-Gonzalez-SOLEMNITY-11-508x339.jpg 508w\" data-vp-popup-img-size=\"1920x1280\" data-vp-popup-md-img=\"https:\/\/fotofrangonz.com\/wp-content\/uploads\/2026\/09\/Feria-Marchena-2026-1-Viernes-Francisco-Gonzalez-SOLEMNITY-11-800x533.jpg\" data-vp-popup-md-img-size=\"800x533\" data-vp-popup-sm-img=\"https:\/\/fotofrangonz.com\/wp-content\/uploads\/2026\/09\/Feria-Marchena-2026-1-Viernes-Francisco-Gonzalez-SOLEMNITY-11-500x333.jpg\" data-vp-popup-sm-img-size=\"500x333\">\n\t<\/template>\n\t\t\t\t\t\t<figure class=\"vp-portfolio__item\">\n\t\t\t\t\n<div class=\"vp-portfolio__item-img-wrap\">\n    <div class=\"vp-portfolio__item-img\">\n        \t<a\n\t\thref=\"https:\/\/fotofrangonz.com\/wp-content\/uploads\/2026\/09\/Feria-Marchena-2026-1-Viernes-Francisco-Gonzalez-SOLEMNITY-11.jpg\"\n\t\t\t>\n\t\n        <noscript><img loading=\"lazy\" decoding=\"async\" width=\"1920\" height=\"1280\" data-skip-lazy src=\"https:\/\/fotofrangonz.com\/wp-content\/uploads\/2026\/09\/Feria-Marchena-2026-1-Viernes-Francisco-Gonzalez-SOLEMNITY-11.jpg\" class=\"wp-image-17967\" alt=\"\" srcset=\"https:\/\/fotofrangonz.com\/wp-content\/uploads\/2026\/09\/Feria-Marchena-2026-1-Viernes-Francisco-Gonzalez-SOLEMNITY-11.jpg 1920w, https:\/\/fotofrangonz.com\/wp-content\/uploads\/2026\/09\/Feria-Marchena-2026-1-Viernes-Francisco-Gonzalez-SOLEMNITY-11-300x200.jpg 300w, https:\/\/fotofrangonz.com\/wp-content\/uploads\/2026\/09\/Feria-Marchena-2026-1-Viernes-Francisco-Gonzalez-SOLEMNITY-11-1024x683.jpg 1024w, https:\/\/fotofrangonz.com\/wp-content\/uploads\/2026\/09\/Feria-Marchena-2026-1-Viernes-Francisco-Gonzalez-SOLEMNITY-11-1536x1024.jpg 1536w, https:\/\/fotofrangonz.com\/wp-content\/uploads\/2026\/09\/Feria-Marchena-2026-1-Viernes-Francisco-Gonzalez-SOLEMNITY-11-500x333.jpg 500w, https:\/\/fotofrangonz.com\/wp-content\/uploads\/2026\/09\/Feria-Marchena-2026-1-Viernes-Francisco-Gonzalez-SOLEMNITY-11-800x533.jpg 800w, https:\/\/fotofrangonz.com\/wp-content\/uploads\/2026\/09\/Feria-Marchena-2026-1-Viernes-Francisco-Gonzalez-SOLEMNITY-11-1280x853.jpg 1280w, https:\/\/fotofrangonz.com\/wp-content\/uploads\/2026\/09\/Feria-Marchena-2026-1-Viernes-Francisco-Gonzalez-SOLEMNITY-11-1240x827.jpg 1240w, https:\/\/fotofrangonz.com\/wp-content\/uploads\/2026\/09\/Feria-Marchena-2026-1-Viernes-Francisco-Gonzalez-SOLEMNITY-11-508x339.jpg 508w\" sizes=\"auto, (max-width: 1920px) 100vw, 1920px\" \/><\/noscript><img decoding=\"async\" width=\"1920\" height=\"1280\" src=\"https:\/\/fotofrangonz.com\/wp-content\/uploads\/2026\/09\/Feria-Marchena-2026-1-Viernes-Francisco-Gonzalez-SOLEMNITY-11.jpg\" class=\"wp-image-17967 vp-lazyload\" alt srcset=\"data:image\/svg+xml;base64,PHN2ZyB3aWR0aD0iMTkyMCIgaGVpZ2h0PSIxMjgwIiB2aWV3Qm94PSIwIDAgMTkyMCAxMjgwIiBmaWxsPSJub25lIiB4bWxucz0iaHR0cDovL3d3dy53My5vcmcvMjAwMC9zdmciPjwvc3ZnPg==\" data-src=\"https:\/\/fotofrangonz.com\/wp-content\/uploads\/2026\/09\/Feria-Marchena-2026-1-Viernes-Francisco-Gonzalez-SOLEMNITY-11.jpg\" data-srcset=\"https:\/\/fotofrangonz.com\/wp-content\/uploads\/2026\/09\/Feria-Marchena-2026-1-Viernes-Francisco-Gonzalez-SOLEMNITY-11.jpg 1920w, https:\/\/fotofrangonz.com\/wp-content\/uploads\/2026\/09\/Feria-Marchena-2026-1-Viernes-Francisco-Gonzalez-SOLEMNITY-11-300x200.jpg 300w, https:\/\/fotofrangonz.com\/wp-content\/uploads\/2026\/09\/Feria-Marchena-2026-1-Viernes-Francisco-Gonzalez-SOLEMNITY-11-1024x683.jpg 1024w, https:\/\/fotofrangonz.com\/wp-content\/uploads\/2026\/09\/Feria-Marchena-2026-1-Viernes-Francisco-Gonzalez-SOLEMNITY-11-1536x1024.jpg 1536w, https:\/\/fotofrangonz.com\/wp-content\/uploads\/2026\/09\/Feria-Marchena-2026-1-Viernes-Francisco-Gonzalez-SOLEMNITY-11-500x333.jpg 500w, https:\/\/fotofrangonz.com\/wp-content\/uploads\/2026\/09\/Feria-Marchena-2026-1-Viernes-Francisco-Gonzalez-SOLEMNITY-11-800x533.jpg 800w, https:\/\/fotofrangonz.com\/wp-content\/uploads\/2026\/09\/Feria-Marchena-2026-1-Viernes-Francisco-Gonzalez-SOLEMNITY-11-1280x853.jpg 1280w, https:\/\/fotofrangonz.com\/wp-content\/uploads\/2026\/09\/Feria-Marchena-2026-1-Viernes-Francisco-Gonzalez-SOLEMNITY-11-1240x827.jpg 1240w, https:\/\/fotofrangonz.com\/wp-content\/uploads\/2026\/09\/Feria-Marchena-2026-1-Viernes-Francisco-Gonzalez-SOLEMNITY-11-508x339.jpg 508w\" data-sizes=\"auto\" loading=\"eager\">\n        <\/a>    <\/div>\n<\/div>\n\n<figcaption class=\"vp-portfolio__item-overlay vp-portfolio__item-align-center\">\n    <div class=\"vp-portfolio__item-meta-wrap vp-portfolio__custom-scrollbar\">\n        \t<a\n\t\thref=\"https:\/\/fotofrangonz.com\/wp-content\/uploads\/2026\/09\/Feria-Marchena-2026-1-Viernes-Francisco-Gonzalez-SOLEMNITY-11.jpg\"\n\t\ttabindex=\"-1\" class=\"vp-portfolio__item-meta\" \t>\n\t\n        \n        <\/a>    <\/div>\n<\/figcaption>\n\t\t\t<\/figure>\n\t\t\t\t\t<\/div>\n\t\t\n\t\t<div\t\tclass=\"vp-portfolio__item-wrap vp-portfolio__item-uid-5c22c27b\" data-vp-filter=\"\" \t\t>\n\t\t\t<template class=\"vp-portfolio__item-popup\" style=\"display: none\" data-vp-popup-img=\"https:\/\/fotofrangonz.com\/wp-content\/uploads\/2026\/09\/Feria-Marchena-2026-1-Viernes-Francisco-Gonzalez-SOLEMNITY-12.jpg\" data-vp-popup-img-srcset=\"https:\/\/fotofrangonz.com\/wp-content\/uploads\/2026\/09\/Feria-Marchena-2026-1-Viernes-Francisco-Gonzalez-SOLEMNITY-12.jpg 1280w, https:\/\/fotofrangonz.com\/wp-content\/uploads\/2026\/09\/Feria-Marchena-2026-1-Viernes-Francisco-Gonzalez-SOLEMNITY-12-200x300.jpg 200w, https:\/\/fotofrangonz.com\/wp-content\/uploads\/2026\/09\/Feria-Marchena-2026-1-Viernes-Francisco-Gonzalez-SOLEMNITY-12-683x1024.jpg 683w, https:\/\/fotofrangonz.com\/wp-content\/uploads\/2026\/09\/Feria-Marchena-2026-1-Viernes-Francisco-Gonzalez-SOLEMNITY-12-1024x1536.jpg 1024w, https:\/\/fotofrangonz.com\/wp-content\/uploads\/2026\/09\/Feria-Marchena-2026-1-Viernes-Francisco-Gonzalez-SOLEMNITY-12-500x750.jpg 500w, https:\/\/fotofrangonz.com\/wp-content\/uploads\/2026\/09\/Feria-Marchena-2026-1-Viernes-Francisco-Gonzalez-SOLEMNITY-12-800x1200.jpg 800w, https:\/\/fotofrangonz.com\/wp-content\/uploads\/2026\/09\/Feria-Marchena-2026-1-Viernes-Francisco-Gonzalez-SOLEMNITY-12-1240x1860.jpg 1240w, https:\/\/fotofrangonz.com\/wp-content\/uploads\/2026\/09\/Feria-Marchena-2026-1-Viernes-Francisco-Gonzalez-SOLEMNITY-12-508x762.jpg 508w\" data-vp-popup-img-size=\"1280x1920\" data-vp-popup-md-img=\"https:\/\/fotofrangonz.com\/wp-content\/uploads\/2026\/09\/Feria-Marchena-2026-1-Viernes-Francisco-Gonzalez-SOLEMNITY-12-800x1200.jpg\" data-vp-popup-md-img-size=\"800x1200\" data-vp-popup-sm-img=\"https:\/\/fotofrangonz.com\/wp-content\/uploads\/2026\/09\/Feria-Marchena-2026-1-Viernes-Francisco-Gonzalez-SOLEMNITY-12-500x750.jpg\" data-vp-popup-sm-img-size=\"500x750\">\n\t<\/template>\n\t\t\t\t\t\t<figure class=\"vp-portfolio__item\">\n\t\t\t\t\n<div class=\"vp-portfolio__item-img-wrap\">\n    <div class=\"vp-portfolio__item-img\">\n        \t<a\n\t\thref=\"https:\/\/fotofrangonz.com\/wp-content\/uploads\/2026\/09\/Feria-Marchena-2026-1-Viernes-Francisco-Gonzalez-SOLEMNITY-12.jpg\"\n\t\t\t>\n\t\n        <noscript><img loading=\"lazy\" decoding=\"async\" width=\"1280\" height=\"1920\" data-skip-lazy src=\"https:\/\/fotofrangonz.com\/wp-content\/uploads\/2026\/09\/Feria-Marchena-2026-1-Viernes-Francisco-Gonzalez-SOLEMNITY-12.jpg\" class=\"wp-image-17968\" alt=\"\" srcset=\"https:\/\/fotofrangonz.com\/wp-content\/uploads\/2026\/09\/Feria-Marchena-2026-1-Viernes-Francisco-Gonzalez-SOLEMNITY-12.jpg 1280w, https:\/\/fotofrangonz.com\/wp-content\/uploads\/2026\/09\/Feria-Marchena-2026-1-Viernes-Francisco-Gonzalez-SOLEMNITY-12-200x300.jpg 200w, https:\/\/fotofrangonz.com\/wp-content\/uploads\/2026\/09\/Feria-Marchena-2026-1-Viernes-Francisco-Gonzalez-SOLEMNITY-12-683x1024.jpg 683w, https:\/\/fotofrangonz.com\/wp-content\/uploads\/2026\/09\/Feria-Marchena-2026-1-Viernes-Francisco-Gonzalez-SOLEMNITY-12-1024x1536.jpg 1024w, https:\/\/fotofrangonz.com\/wp-content\/uploads\/2026\/09\/Feria-Marchena-2026-1-Viernes-Francisco-Gonzalez-SOLEMNITY-12-500x750.jpg 500w, https:\/\/fotofrangonz.com\/wp-content\/uploads\/2026\/09\/Feria-Marchena-2026-1-Viernes-Francisco-Gonzalez-SOLEMNITY-12-800x1200.jpg 800w, https:\/\/fotofrangonz.com\/wp-content\/uploads\/2026\/09\/Feria-Marchena-2026-1-Viernes-Francisco-Gonzalez-SOLEMNITY-12-1240x1860.jpg 1240w, https:\/\/fotofrangonz.com\/wp-content\/uploads\/2026\/09\/Feria-Marchena-2026-1-Viernes-Francisco-Gonzalez-SOLEMNITY-12-508x762.jpg 508w\" sizes=\"auto, (max-width: 1280px) 100vw, 1280px\" \/><\/noscript><img decoding=\"async\" width=\"1280\" height=\"1920\" src=\"https:\/\/fotofrangonz.com\/wp-content\/uploads\/2026\/09\/Feria-Marchena-2026-1-Viernes-Francisco-Gonzalez-SOLEMNITY-12.jpg\" class=\"wp-image-17968 vp-lazyload\" alt srcset=\"data:image\/svg+xml;base64,PHN2ZyB3aWR0aD0iMTI4MCIgaGVpZ2h0PSIxOTIwIiB2aWV3Qm94PSIwIDAgMTI4MCAxOTIwIiBmaWxsPSJub25lIiB4bWxucz0iaHR0cDovL3d3dy53My5vcmcvMjAwMC9zdmciPjwvc3ZnPg==\" data-src=\"https:\/\/fotofrangonz.com\/wp-content\/uploads\/2026\/09\/Feria-Marchena-2026-1-Viernes-Francisco-Gonzalez-SOLEMNITY-12.jpg\" data-srcset=\"https:\/\/fotofrangonz.com\/wp-content\/uploads\/2026\/09\/Feria-Marchena-2026-1-Viernes-Francisco-Gonzalez-SOLEMNITY-12.jpg 1280w, https:\/\/fotofrangonz.com\/wp-content\/uploads\/2026\/09\/Feria-Marchena-2026-1-Viernes-Francisco-Gonzalez-SOLEMNITY-12-200x300.jpg 200w, https:\/\/fotofrangonz.com\/wp-content\/uploads\/2026\/09\/Feria-Marchena-2026-1-Viernes-Francisco-Gonzalez-SOLEMNITY-12-683x1024.jpg 683w, https:\/\/fotofrangonz.com\/wp-content\/uploads\/2026\/09\/Feria-Marchena-2026-1-Viernes-Francisco-Gonzalez-SOLEMNITY-12-1024x1536.jpg 1024w, https:\/\/fotofrangonz.com\/wp-content\/uploads\/2026\/09\/Feria-Marchena-2026-1-Viernes-Francisco-Gonzalez-SOLEMNITY-12-500x750.jpg 500w, https:\/\/fotofrangonz.com\/wp-content\/uploads\/2026\/09\/Feria-Marchena-2026-1-Viernes-Francisco-Gonzalez-SOLEMNITY-12-800x1200.jpg 800w, https:\/\/fotofrangonz.com\/wp-content\/uploads\/2026\/09\/Feria-Marchena-2026-1-Viernes-Francisco-Gonzalez-SOLEMNITY-12-1240x1860.jpg 1240w, https:\/\/fotofrangonz.com\/wp-content\/uploads\/2026\/09\/Feria-Marchena-2026-1-Viernes-Francisco-Gonzalez-SOLEMNITY-12-508x762.jpg 508w\" data-sizes=\"auto\" loading=\"eager\">\n        <\/a>    <\/div>\n<\/div>\n\n<figcaption class=\"vp-portfolio__item-overlay vp-portfolio__item-align-center\">\n    <div class=\"vp-portfolio__item-meta-wrap vp-portfolio__custom-scrollbar\">\n        \t<a\n\t\thref=\"https:\/\/fotofrangonz.com\/wp-content\/uploads\/2026\/09\/Feria-Marchena-2026-1-Viernes-Francisco-Gonzalez-SOLEMNITY-12.jpg\"\n\t\ttabindex=\"-1\" class=\"vp-portfolio__item-meta\" \t>\n\t\n        \n        <\/a>    <\/div>\n<\/figcaption>\n\t\t\t<\/figure>\n\t\t\t\t\t<\/div>\n\t\t\n\t\t<div\t\tclass=\"vp-portfolio__item-wrap vp-portfolio__item-uid-adb18043\" data-vp-filter=\"\" \t\t>\n\t\t\t<template class=\"vp-portfolio__item-popup\" style=\"display: none\" data-vp-popup-img=\"https:\/\/fotofrangonz.com\/wp-content\/uploads\/2026\/09\/Feria-Marchena-2026-1-Viernes-Francisco-Gonzalez-SOLEMNITY-13.jpg\" data-vp-popup-img-srcset=\"https:\/\/fotofrangonz.com\/wp-content\/uploads\/2026\/09\/Feria-Marchena-2026-1-Viernes-Francisco-Gonzalez-SOLEMNITY-13.jpg 1280w, https:\/\/fotofrangonz.com\/wp-content\/uploads\/2026\/09\/Feria-Marchena-2026-1-Viernes-Francisco-Gonzalez-SOLEMNITY-13-200x300.jpg 200w, https:\/\/fotofrangonz.com\/wp-content\/uploads\/2026\/09\/Feria-Marchena-2026-1-Viernes-Francisco-Gonzalez-SOLEMNITY-13-683x1024.jpg 683w, https:\/\/fotofrangonz.com\/wp-content\/uploads\/2026\/09\/Feria-Marchena-2026-1-Viernes-Francisco-Gonzalez-SOLEMNITY-13-1024x1536.jpg 1024w, https:\/\/fotofrangonz.com\/wp-content\/uploads\/2026\/09\/Feria-Marchena-2026-1-Viernes-Francisco-Gonzalez-SOLEMNITY-13-500x750.jpg 500w, https:\/\/fotofrangonz.com\/wp-content\/uploads\/2026\/09\/Feria-Marchena-2026-1-Viernes-Francisco-Gonzalez-SOLEMNITY-13-800x1200.jpg 800w, https:\/\/fotofrangonz.com\/wp-content\/uploads\/2026\/09\/Feria-Marchena-2026-1-Viernes-Francisco-Gonzalez-SOLEMNITY-13-1240x1860.jpg 1240w, https:\/\/fotofrangonz.com\/wp-content\/uploads\/2026\/09\/Feria-Marchena-2026-1-Viernes-Francisco-Gonzalez-SOLEMNITY-13-508x762.jpg 508w\" data-vp-popup-img-size=\"1280x1920\" data-vp-popup-md-img=\"https:\/\/fotofrangonz.com\/wp-content\/uploads\/2026\/09\/Feria-Marchena-2026-1-Viernes-Francisco-Gonzalez-SOLEMNITY-13-800x1200.jpg\" data-vp-popup-md-img-size=\"800x1200\" data-vp-popup-sm-img=\"https:\/\/fotofrangonz.com\/wp-content\/uploads\/2026\/09\/Feria-Marchena-2026-1-Viernes-Francisco-Gonzalez-SOLEMNITY-13-500x750.jpg\" data-vp-popup-sm-img-size=\"500x750\">\n\t<\/template>\n\t\t\t\t\t\t<figure class=\"vp-portfolio__item\">\n\t\t\t\t\n<div class=\"vp-portfolio__item-img-wrap\">\n    <div class=\"vp-portfolio__item-img\">\n        \t<a\n\t\thref=\"https:\/\/fotofrangonz.com\/wp-content\/uploads\/2026\/09\/Feria-Marchena-2026-1-Viernes-Francisco-Gonzalez-SOLEMNITY-13.jpg\"\n\t\t\t>\n\t\n        <noscript><img loading=\"lazy\" decoding=\"async\" width=\"1280\" height=\"1920\" data-skip-lazy src=\"https:\/\/fotofrangonz.com\/wp-content\/uploads\/2026\/09\/Feria-Marchena-2026-1-Viernes-Francisco-Gonzalez-SOLEMNITY-13.jpg\" class=\"wp-image-17969\" alt=\"\" srcset=\"https:\/\/fotofrangonz.com\/wp-content\/uploads\/2026\/09\/Feria-Marchena-2026-1-Viernes-Francisco-Gonzalez-SOLEMNITY-13.jpg 1280w, https:\/\/fotofrangonz.com\/wp-content\/uploads\/2026\/09\/Feria-Marchena-2026-1-Viernes-Francisco-Gonzalez-SOLEMNITY-13-200x300.jpg 200w, https:\/\/fotofrangonz.com\/wp-content\/uploads\/2026\/09\/Feria-Marchena-2026-1-Viernes-Francisco-Gonzalez-SOLEMNITY-13-683x1024.jpg 683w, https:\/\/fotofrangonz.com\/wp-content\/uploads\/2026\/09\/Feria-Marchena-2026-1-Viernes-Francisco-Gonzalez-SOLEMNITY-13-1024x1536.jpg 1024w, https:\/\/fotofrangonz.com\/wp-content\/uploads\/2026\/09\/Feria-Marchena-2026-1-Viernes-Francisco-Gonzalez-SOLEMNITY-13-500x750.jpg 500w, https:\/\/fotofrangonz.com\/wp-content\/uploads\/2026\/09\/Feria-Marchena-2026-1-Viernes-Francisco-Gonzalez-SOLEMNITY-13-800x1200.jpg 800w, https:\/\/fotofrangonz.com\/wp-content\/uploads\/2026\/09\/Feria-Marchena-2026-1-Viernes-Francisco-Gonzalez-SOLEMNITY-13-1240x1860.jpg 1240w, https:\/\/fotofrangonz.com\/wp-content\/uploads\/2026\/09\/Feria-Marchena-2026-1-Viernes-Francisco-Gonzalez-SOLEMNITY-13-508x762.jpg 508w\" sizes=\"auto, (max-width: 1280px) 100vw, 1280px\" \/><\/noscript><img decoding=\"async\" width=\"1280\" height=\"1920\" src=\"https:\/\/fotofrangonz.com\/wp-content\/uploads\/2026\/09\/Feria-Marchena-2026-1-Viernes-Francisco-Gonzalez-SOLEMNITY-13.jpg\" class=\"wp-image-17969 vp-lazyload\" alt srcset=\"data:image\/svg+xml;base64,PHN2ZyB3aWR0aD0iMTI4MCIgaGVpZ2h0PSIxOTIwIiB2aWV3Qm94PSIwIDAgMTI4MCAxOTIwIiBmaWxsPSJub25lIiB4bWxucz0iaHR0cDovL3d3dy53My5vcmcvMjAwMC9zdmciPjwvc3ZnPg==\" data-src=\"https:\/\/fotofrangonz.com\/wp-content\/uploads\/2026\/09\/Feria-Marchena-2026-1-Viernes-Francisco-Gonzalez-SOLEMNITY-13.jpg\" data-srcset=\"https:\/\/fotofrangonz.com\/wp-content\/uploads\/2026\/09\/Feria-Marchena-2026-1-Viernes-Francisco-Gonzalez-SOLEMNITY-13.jpg 1280w, https:\/\/fotofrangonz.com\/wp-content\/uploads\/2026\/09\/Feria-Marchena-2026-1-Viernes-Francisco-Gonzalez-SOLEMNITY-13-200x300.jpg 200w, https:\/\/fotofrangonz.com\/wp-content\/uploads\/2026\/09\/Feria-Marchena-2026-1-Viernes-Francisco-Gonzalez-SOLEMNITY-13-683x1024.jpg 683w, https:\/\/fotofrangonz.com\/wp-content\/uploads\/2026\/09\/Feria-Marchena-2026-1-Viernes-Francisco-Gonzalez-SOLEMNITY-13-1024x1536.jpg 1024w, https:\/\/fotofrangonz.com\/wp-content\/uploads\/2026\/09\/Feria-Marchena-2026-1-Viernes-Francisco-Gonzalez-SOLEMNITY-13-500x750.jpg 500w, https:\/\/fotofrangonz.com\/wp-content\/uploads\/2026\/09\/Feria-Marchena-2026-1-Viernes-Francisco-Gonzalez-SOLEMNITY-13-800x1200.jpg 800w, https:\/\/fotofrangonz.com\/wp-content\/uploads\/2026\/09\/Feria-Marchena-2026-1-Viernes-Francisco-Gonzalez-SOLEMNITY-13-1240x1860.jpg 1240w, https:\/\/fotofrangonz.com\/wp-content\/uploads\/2026\/09\/Feria-Marchena-2026-1-Viernes-Francisco-Gonzalez-SOLEMNITY-13-508x762.jpg 508w\" data-sizes=\"auto\" loading=\"eager\">\n        <\/a>    <\/div>\n<\/div>\n\n<figcaption class=\"vp-portfolio__item-overlay vp-portfolio__item-align-center\">\n    <div class=\"vp-portfolio__item-meta-wrap vp-portfolio__custom-scrollbar\">\n        \t<a\n\t\thref=\"https:\/\/fotofrangonz.com\/wp-content\/uploads\/2026\/09\/Feria-Marchena-2026-1-Viernes-Francisco-Gonzalez-SOLEMNITY-13.jpg\"\n\t\ttabindex=\"-1\" class=\"vp-portfolio__item-meta\" \t>\n\t\n        \n        <\/a>    <\/div>\n<\/figcaption>\n\t\t\t<\/figure>\n\t\t\t\t\t<\/div>\n\t\t\n\t\t<div\t\tclass=\"vp-portfolio__item-wrap vp-portfolio__item-uid-062ada03\" data-vp-filter=\"\" \t\t>\n\t\t\t<template class=\"vp-portfolio__item-popup\" style=\"display: none\" data-vp-popup-img=\"https:\/\/fotofrangonz.com\/wp-content\/uploads\/2026\/09\/Feria-Marchena-2026-1-Viernes-Francisco-Gonzalez-SOLEMNITY-14.jpg\" data-vp-popup-img-srcset=\"https:\/\/fotofrangonz.com\/wp-content\/uploads\/2026\/09\/Feria-Marchena-2026-1-Viernes-Francisco-Gonzalez-SOLEMNITY-14.jpg 1920w, https:\/\/fotofrangonz.com\/wp-content\/uploads\/2026\/09\/Feria-Marchena-2026-1-Viernes-Francisco-Gonzalez-SOLEMNITY-14-300x200.jpg 300w, https:\/\/fotofrangonz.com\/wp-content\/uploads\/2026\/09\/Feria-Marchena-2026-1-Viernes-Francisco-Gonzalez-SOLEMNITY-14-1024x683.jpg 1024w, https:\/\/fotofrangonz.com\/wp-content\/uploads\/2026\/09\/Feria-Marchena-2026-1-Viernes-Francisco-Gonzalez-SOLEMNITY-14-1536x1024.jpg 1536w, https:\/\/fotofrangonz.com\/wp-content\/uploads\/2026\/09\/Feria-Marchena-2026-1-Viernes-Francisco-Gonzalez-SOLEMNITY-14-500x333.jpg 500w, https:\/\/fotofrangonz.com\/wp-content\/uploads\/2026\/09\/Feria-Marchena-2026-1-Viernes-Francisco-Gonzalez-SOLEMNITY-14-800x533.jpg 800w, https:\/\/fotofrangonz.com\/wp-content\/uploads\/2026\/09\/Feria-Marchena-2026-1-Viernes-Francisco-Gonzalez-SOLEMNITY-14-1280x853.jpg 1280w, https:\/\/fotofrangonz.com\/wp-content\/uploads\/2026\/09\/Feria-Marchena-2026-1-Viernes-Francisco-Gonzalez-SOLEMNITY-14-1240x827.jpg 1240w, https:\/\/fotofrangonz.com\/wp-content\/uploads\/2026\/09\/Feria-Marchena-2026-1-Viernes-Francisco-Gonzalez-SOLEMNITY-14-508x339.jpg 508w\" data-vp-popup-img-size=\"1920x1280\" data-vp-popup-md-img=\"https:\/\/fotofrangonz.com\/wp-content\/uploads\/2026\/09\/Feria-Marchena-2026-1-Viernes-Francisco-Gonzalez-SOLEMNITY-14-800x533.jpg\" data-vp-popup-md-img-size=\"800x533\" data-vp-popup-sm-img=\"https:\/\/fotofrangonz.com\/wp-content\/uploads\/2026\/09\/Feria-Marchena-2026-1-Viernes-Francisco-Gonzalez-SOLEMNITY-14-500x333.jpg\" data-vp-popup-sm-img-size=\"500x333\">\n\t<\/template>\n\t\t\t\t\t\t<figure class=\"vp-portfolio__item\">\n\t\t\t\t\n<div class=\"vp-portfolio__item-img-wrap\">\n    <div class=\"vp-portfolio__item-img\">\n        \t<a\n\t\thref=\"https:\/\/fotofrangonz.com\/wp-content\/uploads\/2026\/09\/Feria-Marchena-2026-1-Viernes-Francisco-Gonzalez-SOLEMNITY-14.jpg\"\n\t\t\t>\n\t\n        <noscript><img loading=\"lazy\" decoding=\"async\" width=\"1920\" height=\"1280\" data-skip-lazy src=\"https:\/\/fotofrangonz.com\/wp-content\/uploads\/2026\/09\/Feria-Marchena-2026-1-Viernes-Francisco-Gonzalez-SOLEMNITY-14.jpg\" class=\"wp-image-17970\" alt=\"\" srcset=\"https:\/\/fotofrangonz.com\/wp-content\/uploads\/2026\/09\/Feria-Marchena-2026-1-Viernes-Francisco-Gonzalez-SOLEMNITY-14.jpg 1920w, https:\/\/fotofrangonz.com\/wp-content\/uploads\/2026\/09\/Feria-Marchena-2026-1-Viernes-Francisco-Gonzalez-SOLEMNITY-14-300x200.jpg 300w, https:\/\/fotofrangonz.com\/wp-content\/uploads\/2026\/09\/Feria-Marchena-2026-1-Viernes-Francisco-Gonzalez-SOLEMNITY-14-1024x683.jpg 1024w, https:\/\/fotofrangonz.com\/wp-content\/uploads\/2026\/09\/Feria-Marchena-2026-1-Viernes-Francisco-Gonzalez-SOLEMNITY-14-1536x1024.jpg 1536w, https:\/\/fotofrangonz.com\/wp-content\/uploads\/2026\/09\/Feria-Marchena-2026-1-Viernes-Francisco-Gonzalez-SOLEMNITY-14-500x333.jpg 500w, https:\/\/fotofrangonz.com\/wp-content\/uploads\/2026\/09\/Feria-Marchena-2026-1-Viernes-Francisco-Gonzalez-SOLEMNITY-14-800x533.jpg 800w, https:\/\/fotofrangonz.com\/wp-content\/uploads\/2026\/09\/Feria-Marchena-2026-1-Viernes-Francisco-Gonzalez-SOLEMNITY-14-1280x853.jpg 1280w, https:\/\/fotofrangonz.com\/wp-content\/uploads\/2026\/09\/Feria-Marchena-2026-1-Viernes-Francisco-Gonzalez-SOLEMNITY-14-1240x827.jpg 1240w, https:\/\/fotofrangonz.com\/wp-content\/uploads\/2026\/09\/Feria-Marchena-2026-1-Viernes-Francisco-Gonzalez-SOLEMNITY-14-508x339.jpg 508w\" sizes=\"auto, (max-width: 1920px) 100vw, 1920px\" \/><\/noscript><img decoding=\"async\" width=\"1920\" height=\"1280\" src=\"https:\/\/fotofrangonz.com\/wp-content\/uploads\/2026\/09\/Feria-Marchena-2026-1-Viernes-Francisco-Gonzalez-SOLEMNITY-14.jpg\" class=\"wp-image-17970 vp-lazyload\" alt srcset=\"data:image\/svg+xml;base64,PHN2ZyB3aWR0aD0iMTkyMCIgaGVpZ2h0PSIxMjgwIiB2aWV3Qm94PSIwIDAgMTkyMCAxMjgwIiBmaWxsPSJub25lIiB4bWxucz0iaHR0cDovL3d3dy53My5vcmcvMjAwMC9zdmciPjwvc3ZnPg==\" data-src=\"https:\/\/fotofrangonz.com\/wp-content\/uploads\/2026\/09\/Feria-Marchena-2026-1-Viernes-Francisco-Gonzalez-SOLEMNITY-14.jpg\" data-srcset=\"https:\/\/fotofrangonz.com\/wp-content\/uploads\/2026\/09\/Feria-Marchena-2026-1-Viernes-Francisco-Gonzalez-SOLEMNITY-14.jpg 1920w, https:\/\/fotofrangonz.com\/wp-content\/uploads\/2026\/09\/Feria-Marchena-2026-1-Viernes-Francisco-Gonzalez-SOLEMNITY-14-300x200.jpg 300w, https:\/\/fotofrangonz.com\/wp-content\/uploads\/2026\/09\/Feria-Marchena-2026-1-Viernes-Francisco-Gonzalez-SOLEMNITY-14-1024x683.jpg 1024w, https:\/\/fotofrangonz.com\/wp-content\/uploads\/2026\/09\/Feria-Marchena-2026-1-Viernes-Francisco-Gonzalez-SOLEMNITY-14-1536x1024.jpg 1536w, https:\/\/fotofrangonz.com\/wp-content\/uploads\/2026\/09\/Feria-Marchena-2026-1-Viernes-Francisco-Gonzalez-SOLEMNITY-14-500x333.jpg 500w, https:\/\/fotofrangonz.com\/wp-content\/uploads\/2026\/09\/Feria-Marchena-2026-1-Viernes-Francisco-Gonzalez-SOLEMNITY-14-800x533.jpg 800w, https:\/\/fotofrangonz.com\/wp-content\/uploads\/2026\/09\/Feria-Marchena-2026-1-Viernes-Francisco-Gonzalez-SOLEMNITY-14-1280x853.jpg 1280w, https:\/\/fotofrangonz.com\/wp-content\/uploads\/2026\/09\/Feria-Marchena-2026-1-Viernes-Francisco-Gonzalez-SOLEMNITY-14-1240x827.jpg 1240w, https:\/\/fotofrangonz.com\/wp-content\/uploads\/2026\/09\/Feria-Marchena-2026-1-Viernes-Francisco-Gonzalez-SOLEMNITY-14-508x339.jpg 508w\" data-sizes=\"auto\" loading=\"eager\">\n        <\/a>    <\/div>\n<\/div>\n\n<figcaption class=\"vp-portfolio__item-overlay vp-portfolio__item-align-center\">\n    <div class=\"vp-portfolio__item-meta-wrap vp-portfolio__custom-scrollbar\">\n        \t<a\n\t\thref=\"https:\/\/fotofrangonz.com\/wp-content\/uploads\/2026\/09\/Feria-Marchena-2026-1-Viernes-Francisco-Gonzalez-SOLEMNITY-14.jpg\"\n\t\ttabindex=\"-1\" class=\"vp-portfolio__item-meta\" \t>\n\t\n        \n        <\/a>    <\/div>\n<\/figcaption>\n\t\t\t<\/figure>\n\t\t\t\t\t<\/div>\n\t\t\n\t\t<div\t\tclass=\"vp-portfolio__item-wrap vp-portfolio__item-uid-6c28da2d\" data-vp-filter=\"\" \t\t>\n\t\t\t<template class=\"vp-portfolio__item-popup\" style=\"display: none\" data-vp-popup-img=\"https:\/\/fotofrangonz.com\/wp-content\/uploads\/2026\/09\/Feria-Marchena-2026-1-Viernes-Francisco-Gonzalez-SOLEMNITY-15.jpg\" data-vp-popup-img-srcset=\"https:\/\/fotofrangonz.com\/wp-content\/uploads\/2026\/09\/Feria-Marchena-2026-1-Viernes-Francisco-Gonzalez-SOLEMNITY-15.jpg 1280w, https:\/\/fotofrangonz.com\/wp-content\/uploads\/2026\/09\/Feria-Marchena-2026-1-Viernes-Francisco-Gonzalez-SOLEMNITY-15-200x300.jpg 200w, https:\/\/fotofrangonz.com\/wp-content\/uploads\/2026\/09\/Feria-Marchena-2026-1-Viernes-Francisco-Gonzalez-SOLEMNITY-15-683x1024.jpg 683w, https:\/\/fotofrangonz.com\/wp-content\/uploads\/2026\/09\/Feria-Marchena-2026-1-Viernes-Francisco-Gonzalez-SOLEMNITY-15-1024x1536.jpg 1024w, https:\/\/fotofrangonz.com\/wp-content\/uploads\/2026\/09\/Feria-Marchena-2026-1-Viernes-Francisco-Gonzalez-SOLEMNITY-15-500x750.jpg 500w, https:\/\/fotofrangonz.com\/wp-content\/uploads\/2026\/09\/Feria-Marchena-2026-1-Viernes-Francisco-Gonzalez-SOLEMNITY-15-800x1200.jpg 800w, https:\/\/fotofrangonz.com\/wp-content\/uploads\/2026\/09\/Feria-Marchena-2026-1-Viernes-Francisco-Gonzalez-SOLEMNITY-15-1240x1860.jpg 1240w, https:\/\/fotofrangonz.com\/wp-content\/uploads\/2026\/09\/Feria-Marchena-2026-1-Viernes-Francisco-Gonzalez-SOLEMNITY-15-508x762.jpg 508w\" data-vp-popup-img-size=\"1280x1920\" data-vp-popup-md-img=\"https:\/\/fotofrangonz.com\/wp-content\/uploads\/2026\/09\/Feria-Marchena-2026-1-Viernes-Francisco-Gonzalez-SOLEMNITY-15-800x1200.jpg\" data-vp-popup-md-img-size=\"800x1200\" data-vp-popup-sm-img=\"https:\/\/fotofrangonz.com\/wp-content\/uploads\/2026\/09\/Feria-Marchena-2026-1-Viernes-Francisco-Gonzalez-SOLEMNITY-15-500x750.jpg\" data-vp-popup-sm-img-size=\"500x750\">\n\t<\/template>\n\t\t\t\t\t\t<figure class=\"vp-portfolio__item\">\n\t\t\t\t\n<div class=\"vp-portfolio__item-img-wrap\">\n    <div class=\"vp-portfolio__item-img\">\n        \t<a\n\t\thref=\"https:\/\/fotofrangonz.com\/wp-content\/uploads\/2026\/09\/Feria-Marchena-2026-1-Viernes-Francisco-Gonzalez-SOLEMNITY-15.jpg\"\n\t\t\t>\n\t\n        <noscript><img loading=\"lazy\" decoding=\"async\" width=\"1280\" height=\"1920\" data-skip-lazy src=\"https:\/\/fotofrangonz.com\/wp-content\/uploads\/2026\/09\/Feria-Marchena-2026-1-Viernes-Francisco-Gonzalez-SOLEMNITY-15.jpg\" class=\"wp-image-17971\" alt=\"\" srcset=\"https:\/\/fotofrangonz.com\/wp-content\/uploads\/2026\/09\/Feria-Marchena-2026-1-Viernes-Francisco-Gonzalez-SOLEMNITY-15.jpg 1280w, https:\/\/fotofrangonz.com\/wp-content\/uploads\/2026\/09\/Feria-Marchena-2026-1-Viernes-Francisco-Gonzalez-SOLEMNITY-15-200x300.jpg 200w, https:\/\/fotofrangonz.com\/wp-content\/uploads\/2026\/09\/Feria-Marchena-2026-1-Viernes-Francisco-Gonzalez-SOLEMNITY-15-683x1024.jpg 683w, https:\/\/fotofrangonz.com\/wp-content\/uploads\/2026\/09\/Feria-Marchena-2026-1-Viernes-Francisco-Gonzalez-SOLEMNITY-15-1024x1536.jpg 1024w, https:\/\/fotofrangonz.com\/wp-content\/uploads\/2026\/09\/Feria-Marchena-2026-1-Viernes-Francisco-Gonzalez-SOLEMNITY-15-500x750.jpg 500w, https:\/\/fotofrangonz.com\/wp-content\/uploads\/2026\/09\/Feria-Marchena-2026-1-Viernes-Francisco-Gonzalez-SOLEMNITY-15-800x1200.jpg 800w, https:\/\/fotofrangonz.com\/wp-content\/uploads\/2026\/09\/Feria-Marchena-2026-1-Viernes-Francisco-Gonzalez-SOLEMNITY-15-1240x1860.jpg 1240w, https:\/\/fotofrangonz.com\/wp-content\/uploads\/2026\/09\/Feria-Marchena-2026-1-Viernes-Francisco-Gonzalez-SOLEMNITY-15-508x762.jpg 508w\" sizes=\"auto, (max-width: 1280px) 100vw, 1280px\" \/><\/noscript><img decoding=\"async\" width=\"1280\" height=\"1920\" src=\"https:\/\/fotofrangonz.com\/wp-content\/uploads\/2026\/09\/Feria-Marchena-2026-1-Viernes-Francisco-Gonzalez-SOLEMNITY-15.jpg\" class=\"wp-image-17971 vp-lazyload\" alt srcset=\"data:image\/svg+xml;base64,PHN2ZyB3aWR0aD0iMTI4MCIgaGVpZ2h0PSIxOTIwIiB2aWV3Qm94PSIwIDAgMTI4MCAxOTIwIiBmaWxsPSJub25lIiB4bWxucz0iaHR0cDovL3d3dy53My5vcmcvMjAwMC9zdmciPjwvc3ZnPg==\" data-src=\"https:\/\/fotofrangonz.com\/wp-content\/uploads\/2026\/09\/Feria-Marchena-2026-1-Viernes-Francisco-Gonzalez-SOLEMNITY-15.jpg\" data-srcset=\"https:\/\/fotofrangonz.com\/wp-content\/uploads\/2026\/09\/Feria-Marchena-2026-1-Viernes-Francisco-Gonzalez-SOLEMNITY-15.jpg 1280w, https:\/\/fotofrangonz.com\/wp-content\/uploads\/2026\/09\/Feria-Marchena-2026-1-Viernes-Francisco-Gonzalez-SOLEMNITY-15-200x300.jpg 200w, https:\/\/fotofrangonz.com\/wp-content\/uploads\/2026\/09\/Feria-Marchena-2026-1-Viernes-Francisco-Gonzalez-SOLEMNITY-15-683x1024.jpg 683w, https:\/\/fotofrangonz.com\/wp-content\/uploads\/2026\/09\/Feria-Marchena-2026-1-Viernes-Francisco-Gonzalez-SOLEMNITY-15-1024x1536.jpg 1024w, https:\/\/fotofrangonz.com\/wp-content\/uploads\/2026\/09\/Feria-Marchena-2026-1-Viernes-Francisco-Gonzalez-SOLEMNITY-15-500x750.jpg 500w, https:\/\/fotofrangonz.com\/wp-content\/uploads\/2026\/09\/Feria-Marchena-2026-1-Viernes-Francisco-Gonzalez-SOLEMNITY-15-800x1200.jpg 800w, https:\/\/fotofrangonz.com\/wp-content\/uploads\/2026\/09\/Feria-Marchena-2026-1-Viernes-Francisco-Gonzalez-SOLEMNITY-15-1240x1860.jpg 1240w, https:\/\/fotofrangonz.com\/wp-content\/uploads\/2026\/09\/Feria-Marchena-2026-1-Viernes-Francisco-Gonzalez-SOLEMNITY-15-508x762.jpg 508w\" data-sizes=\"auto\" loading=\"eager\">\n        <\/a>    <\/div>\n<\/div>\n\n<figcaption class=\"vp-portfolio__item-overlay vp-portfolio__item-align-center\">\n    <div class=\"vp-portfolio__item-meta-wrap vp-portfolio__custom-scrollbar\">\n        \t<a\n\t\thref=\"https:\/\/fotofrangonz.com\/wp-content\/uploads\/2026\/09\/Feria-Marchena-2026-1-Viernes-Francisco-Gonzalez-SOLEMNITY-15.jpg\"\n\t\ttabindex=\"-1\" class=\"vp-portfolio__item-meta\" \t>\n\t\n        \n        <\/a>    <\/div>\n<\/figcaption>\n\t\t\t<\/figure>\n\t\t\t\t\t<\/div>\n\t\t\n\t\t<div\t\tclass=\"vp-portfolio__item-wrap vp-portfolio__item-uid-3e7d5832\" data-vp-filter=\"\" \t\t>\n\t\t\t<template class=\"vp-portfolio__item-popup\" style=\"display: none\" data-vp-popup-img=\"https:\/\/fotofrangonz.com\/wp-content\/uploads\/2026\/09\/Feria-Marchena-2026-1-Viernes-Francisco-Gonzalez-SOLEMNITY-16.jpg\" data-vp-popup-img-srcset=\"https:\/\/fotofrangonz.com\/wp-content\/uploads\/2026\/09\/Feria-Marchena-2026-1-Viernes-Francisco-Gonzalez-SOLEMNITY-16.jpg 1280w, https:\/\/fotofrangonz.com\/wp-content\/uploads\/2026\/09\/Feria-Marchena-2026-1-Viernes-Francisco-Gonzalez-SOLEMNITY-16-200x300.jpg 200w, https:\/\/fotofrangonz.com\/wp-content\/uploads\/2026\/09\/Feria-Marchena-2026-1-Viernes-Francisco-Gonzalez-SOLEMNITY-16-683x1024.jpg 683w, https:\/\/fotofrangonz.com\/wp-content\/uploads\/2026\/09\/Feria-Marchena-2026-1-Viernes-Francisco-Gonzalez-SOLEMNITY-16-1024x1536.jpg 1024w, https:\/\/fotofrangonz.com\/wp-content\/uploads\/2026\/09\/Feria-Marchena-2026-1-Viernes-Francisco-Gonzalez-SOLEMNITY-16-500x750.jpg 500w, https:\/\/fotofrangonz.com\/wp-content\/uploads\/2026\/09\/Feria-Marchena-2026-1-Viernes-Francisco-Gonzalez-SOLEMNITY-16-800x1200.jpg 800w, https:\/\/fotofrangonz.com\/wp-content\/uploads\/2026\/09\/Feria-Marchena-2026-1-Viernes-Francisco-Gonzalez-SOLEMNITY-16-1240x1860.jpg 1240w, https:\/\/fotofrangonz.com\/wp-content\/uploads\/2026\/09\/Feria-Marchena-2026-1-Viernes-Francisco-Gonzalez-SOLEMNITY-16-508x762.jpg 508w\" data-vp-popup-img-size=\"1280x1920\" data-vp-popup-md-img=\"https:\/\/fotofrangonz.com\/wp-content\/uploads\/2026\/09\/Feria-Marchena-2026-1-Viernes-Francisco-Gonzalez-SOLEMNITY-16-800x1200.jpg\" data-vp-popup-md-img-size=\"800x1200\" data-vp-popup-sm-img=\"https:\/\/fotofrangonz.com\/wp-content\/uploads\/2026\/09\/Feria-Marchena-2026-1-Viernes-Francisco-Gonzalez-SOLEMNITY-16-500x750.jpg\" data-vp-popup-sm-img-size=\"500x750\">\n\t<\/template>\n\t\t\t\t\t\t<figure class=\"vp-portfolio__item\">\n\t\t\t\t\n<div class=\"vp-portfolio__item-img-wrap\">\n    <div class=\"vp-portfolio__item-img\">\n        \t<a\n\t\thref=\"https:\/\/fotofrangonz.com\/wp-content\/uploads\/2026\/09\/Feria-Marchena-2026-1-Viernes-Francisco-Gonzalez-SOLEMNITY-16.jpg\"\n\t\t\t>\n\t\n        <noscript><img loading=\"lazy\" decoding=\"async\" width=\"1280\" height=\"1920\" data-skip-lazy src=\"https:\/\/fotofrangonz.com\/wp-content\/uploads\/2026\/09\/Feria-Marchena-2026-1-Viernes-Francisco-Gonzalez-SOLEMNITY-16.jpg\" class=\"wp-image-17972\" alt=\"\" srcset=\"https:\/\/fotofrangonz.com\/wp-content\/uploads\/2026\/09\/Feria-Marchena-2026-1-Viernes-Francisco-Gonzalez-SOLEMNITY-16.jpg 1280w, https:\/\/fotofrangonz.com\/wp-content\/uploads\/2026\/09\/Feria-Marchena-2026-1-Viernes-Francisco-Gonzalez-SOLEMNITY-16-200x300.jpg 200w, https:\/\/fotofrangonz.com\/wp-content\/uploads\/2026\/09\/Feria-Marchena-2026-1-Viernes-Francisco-Gonzalez-SOLEMNITY-16-683x1024.jpg 683w, https:\/\/fotofrangonz.com\/wp-content\/uploads\/2026\/09\/Feria-Marchena-2026-1-Viernes-Francisco-Gonzalez-SOLEMNITY-16-1024x1536.jpg 1024w, https:\/\/fotofrangonz.com\/wp-content\/uploads\/2026\/09\/Feria-Marchena-2026-1-Viernes-Francisco-Gonzalez-SOLEMNITY-16-500x750.jpg 500w, https:\/\/fotofrangonz.com\/wp-content\/uploads\/2026\/09\/Feria-Marchena-2026-1-Viernes-Francisco-Gonzalez-SOLEMNITY-16-800x1200.jpg 800w, https:\/\/fotofrangonz.com\/wp-content\/uploads\/2026\/09\/Feria-Marchena-2026-1-Viernes-Francisco-Gonzalez-SOLEMNITY-16-1240x1860.jpg 1240w, https:\/\/fotofrangonz.com\/wp-content\/uploads\/2026\/09\/Feria-Marchena-2026-1-Viernes-Francisco-Gonzalez-SOLEMNITY-16-508x762.jpg 508w\" sizes=\"auto, (max-width: 1280px) 100vw, 1280px\" \/><\/noscript><img decoding=\"async\" width=\"1280\" height=\"1920\" src=\"https:\/\/fotofrangonz.com\/wp-content\/uploads\/2026\/09\/Feria-Marchena-2026-1-Viernes-Francisco-Gonzalez-SOLEMNITY-16.jpg\" class=\"wp-image-17972 vp-lazyload\" alt srcset=\"data:image\/svg+xml;base64,PHN2ZyB3aWR0aD0iMTI4MCIgaGVpZ2h0PSIxOTIwIiB2aWV3Qm94PSIwIDAgMTI4MCAxOTIwIiBmaWxsPSJub25lIiB4bWxucz0iaHR0cDovL3d3dy53My5vcmcvMjAwMC9zdmciPjwvc3ZnPg==\" data-src=\"https:\/\/fotofrangonz.com\/wp-content\/uploads\/2026\/09\/Feria-Marchena-2026-1-Viernes-Francisco-Gonzalez-SOLEMNITY-16.jpg\" data-srcset=\"https:\/\/fotofrangonz.com\/wp-content\/uploads\/2026\/09\/Feria-Marchena-2026-1-Viernes-Francisco-Gonzalez-SOLEMNITY-16.jpg 1280w, https:\/\/fotofrangonz.com\/wp-content\/uploads\/2026\/09\/Feria-Marchena-2026-1-Viernes-Francisco-Gonzalez-SOLEMNITY-16-200x300.jpg 200w, https:\/\/fotofrangonz.com\/wp-content\/uploads\/2026\/09\/Feria-Marchena-2026-1-Viernes-Francisco-Gonzalez-SOLEMNITY-16-683x1024.jpg 683w, https:\/\/fotofrangonz.com\/wp-content\/uploads\/2026\/09\/Feria-Marchena-2026-1-Viernes-Francisco-Gonzalez-SOLEMNITY-16-1024x1536.jpg 1024w, https:\/\/fotofrangonz.com\/wp-content\/uploads\/2026\/09\/Feria-Marchena-2026-1-Viernes-Francisco-Gonzalez-SOLEMNITY-16-500x750.jpg 500w, https:\/\/fotofrangonz.com\/wp-content\/uploads\/2026\/09\/Feria-Marchena-2026-1-Viernes-Francisco-Gonzalez-SOLEMNITY-16-800x1200.jpg 800w, https:\/\/fotofrangonz.com\/wp-content\/uploads\/2026\/09\/Feria-Marchena-2026-1-Viernes-Francisco-Gonzalez-SOLEMNITY-16-1240x1860.jpg 1240w, https:\/\/fotofrangonz.com\/wp-content\/uploads\/2026\/09\/Feria-Marchena-2026-1-Viernes-Francisco-Gonzalez-SOLEMNITY-16-508x762.jpg 508w\" data-sizes=\"auto\" loading=\"eager\">\n        <\/a>    <\/div>\n<\/div>\n\n<figcaption class=\"vp-portfolio__item-overlay vp-portfolio__item-align-center\">\n    <div class=\"vp-portfolio__item-meta-wrap vp-portfolio__custom-scrollbar\">\n        \t<a\n\t\thref=\"https:\/\/fotofrangonz.com\/wp-content\/uploads\/2026\/09\/Feria-Marchena-2026-1-Viernes-Francisco-Gonzalez-SOLEMNITY-16.jpg\"\n\t\ttabindex=\"-1\" class=\"vp-portfolio__item-meta\" \t>\n\t\n        \n        <\/a>    <\/div>\n<\/figcaption>\n\t\t\t<\/figure>\n\t\t\t\t\t<\/div>\n\t\t\n\t\t<div\t\tclass=\"vp-portfolio__item-wrap vp-portfolio__item-uid-cfee1a0a\" data-vp-filter=\"\" \t\t>\n\t\t\t<template class=\"vp-portfolio__item-popup\" style=\"display: none\" data-vp-popup-img=\"https:\/\/fotofrangonz.com\/wp-content\/uploads\/2026\/09\/Feria-Marchena-2026-1-Viernes-Francisco-Gonzalez-SOLEMNITY-17.jpg\" data-vp-popup-img-srcset=\"https:\/\/fotofrangonz.com\/wp-content\/uploads\/2026\/09\/Feria-Marchena-2026-1-Viernes-Francisco-Gonzalez-SOLEMNITY-17.jpg 1280w, https:\/\/fotofrangonz.com\/wp-content\/uploads\/2026\/09\/Feria-Marchena-2026-1-Viernes-Francisco-Gonzalez-SOLEMNITY-17-200x300.jpg 200w, https:\/\/fotofrangonz.com\/wp-content\/uploads\/2026\/09\/Feria-Marchena-2026-1-Viernes-Francisco-Gonzalez-SOLEMNITY-17-683x1024.jpg 683w, https:\/\/fotofrangonz.com\/wp-content\/uploads\/2026\/09\/Feria-Marchena-2026-1-Viernes-Francisco-Gonzalez-SOLEMNITY-17-1024x1536.jpg 1024w, https:\/\/fotofrangonz.com\/wp-content\/uploads\/2026\/09\/Feria-Marchena-2026-1-Viernes-Francisco-Gonzalez-SOLEMNITY-17-500x750.jpg 500w, https:\/\/fotofrangonz.com\/wp-content\/uploads\/2026\/09\/Feria-Marchena-2026-1-Viernes-Francisco-Gonzalez-SOLEMNITY-17-800x1200.jpg 800w, https:\/\/fotofrangonz.com\/wp-content\/uploads\/2026\/09\/Feria-Marchena-2026-1-Viernes-Francisco-Gonzalez-SOLEMNITY-17-1240x1860.jpg 1240w, https:\/\/fotofrangonz.com\/wp-content\/uploads\/2026\/09\/Feria-Marchena-2026-1-Viernes-Francisco-Gonzalez-SOLEMNITY-17-508x762.jpg 508w\" data-vp-popup-img-size=\"1280x1920\" data-vp-popup-md-img=\"https:\/\/fotofrangonz.com\/wp-content\/uploads\/2026\/09\/Feria-Marchena-2026-1-Viernes-Francisco-Gonzalez-SOLEMNITY-17-800x1200.jpg\" data-vp-popup-md-img-size=\"800x1200\" data-vp-popup-sm-img=\"https:\/\/fotofrangonz.com\/wp-content\/uploads\/2026\/09\/Feria-Marchena-2026-1-Viernes-Francisco-Gonzalez-SOLEMNITY-17-500x750.jpg\" data-vp-popup-sm-img-size=\"500x750\">\n\t<\/template>\n\t\t\t\t\t\t<figure class=\"vp-portfolio__item\">\n\t\t\t\t\n<div class=\"vp-portfolio__item-img-wrap\">\n    <div class=\"vp-portfolio__item-img\">\n        \t<a\n\t\thref=\"https:\/\/fotofrangonz.com\/wp-content\/uploads\/2026\/09\/Feria-Marchena-2026-1-Viernes-Francisco-Gonzalez-SOLEMNITY-17.jpg\"\n\t\t\t>\n\t\n        <noscript><img loading=\"lazy\" decoding=\"async\" width=\"1280\" height=\"1920\" data-skip-lazy src=\"https:\/\/fotofrangonz.com\/wp-content\/uploads\/2026\/09\/Feria-Marchena-2026-1-Viernes-Francisco-Gonzalez-SOLEMNITY-17.jpg\" class=\"wp-image-17973\" alt=\"\" srcset=\"https:\/\/fotofrangonz.com\/wp-content\/uploads\/2026\/09\/Feria-Marchena-2026-1-Viernes-Francisco-Gonzalez-SOLEMNITY-17.jpg 1280w, https:\/\/fotofrangonz.com\/wp-content\/uploads\/2026\/09\/Feria-Marchena-2026-1-Viernes-Francisco-Gonzalez-SOLEMNITY-17-200x300.jpg 200w, https:\/\/fotofrangonz.com\/wp-content\/uploads\/2026\/09\/Feria-Marchena-2026-1-Viernes-Francisco-Gonzalez-SOLEMNITY-17-683x1024.jpg 683w, https:\/\/fotofrangonz.com\/wp-content\/uploads\/2026\/09\/Feria-Marchena-2026-1-Viernes-Francisco-Gonzalez-SOLEMNITY-17-1024x1536.jpg 1024w, https:\/\/fotofrangonz.com\/wp-content\/uploads\/2026\/09\/Feria-Marchena-2026-1-Viernes-Francisco-Gonzalez-SOLEMNITY-17-500x750.jpg 500w, https:\/\/fotofrangonz.com\/wp-content\/uploads\/2026\/09\/Feria-Marchena-2026-1-Viernes-Francisco-Gonzalez-SOLEMNITY-17-800x1200.jpg 800w, https:\/\/fotofrangonz.com\/wp-content\/uploads\/2026\/09\/Feria-Marchena-2026-1-Viernes-Francisco-Gonzalez-SOLEMNITY-17-1240x1860.jpg 1240w, https:\/\/fotofrangonz.com\/wp-content\/uploads\/2026\/09\/Feria-Marchena-2026-1-Viernes-Francisco-Gonzalez-SOLEMNITY-17-508x762.jpg 508w\" sizes=\"auto, (max-width: 1280px) 100vw, 1280px\" \/><\/noscript><img decoding=\"async\" width=\"1280\" height=\"1920\" src=\"https:\/\/fotofrangonz.com\/wp-content\/uploads\/2026\/09\/Feria-Marchena-2026-1-Viernes-Francisco-Gonzalez-SOLEMNITY-17.jpg\" class=\"wp-image-17973 vp-lazyload\" alt srcset=\"data:image\/svg+xml;base64,PHN2ZyB3aWR0aD0iMTI4MCIgaGVpZ2h0PSIxOTIwIiB2aWV3Qm94PSIwIDAgMTI4MCAxOTIwIiBmaWxsPSJub25lIiB4bWxucz0iaHR0cDovL3d3dy53My5vcmcvMjAwMC9zdmciPjwvc3ZnPg==\" data-src=\"https:\/\/fotofrangonz.com\/wp-content\/uploads\/2026\/09\/Feria-Marchena-2026-1-Viernes-Francisco-Gonzalez-SOLEMNITY-17.jpg\" data-srcset=\"https:\/\/fotofrangonz.com\/wp-content\/uploads\/2026\/09\/Feria-Marchena-2026-1-Viernes-Francisco-Gonzalez-SOLEMNITY-17.jpg 1280w, https:\/\/fotofrangonz.com\/wp-content\/uploads\/2026\/09\/Feria-Marchena-2026-1-Viernes-Francisco-Gonzalez-SOLEMNITY-17-200x300.jpg 200w, https:\/\/fotofrangonz.com\/wp-content\/uploads\/2026\/09\/Feria-Marchena-2026-1-Viernes-Francisco-Gonzalez-SOLEMNITY-17-683x1024.jpg 683w, https:\/\/fotofrangonz.com\/wp-content\/uploads\/2026\/09\/Feria-Marchena-2026-1-Viernes-Francisco-Gonzalez-SOLEMNITY-17-1024x1536.jpg 1024w, https:\/\/fotofrangonz.com\/wp-content\/uploads\/2026\/09\/Feria-Marchena-2026-1-Viernes-Francisco-Gonzalez-SOLEMNITY-17-500x750.jpg 500w, https:\/\/fotofrangonz.com\/wp-content\/uploads\/2026\/09\/Feria-Marchena-2026-1-Viernes-Francisco-Gonzalez-SOLEMNITY-17-800x1200.jpg 800w, https:\/\/fotofrangonz.com\/wp-content\/uploads\/2026\/09\/Feria-Marchena-2026-1-Viernes-Francisco-Gonzalez-SOLEMNITY-17-1240x1860.jpg 1240w, https:\/\/fotofrangonz.com\/wp-content\/uploads\/2026\/09\/Feria-Marchena-2026-1-Viernes-Francisco-Gonzalez-SOLEMNITY-17-508x762.jpg 508w\" data-sizes=\"auto\" loading=\"eager\">\n        <\/a>    <\/div>\n<\/div>\n\n<figcaption class=\"vp-portfolio__item-overlay vp-portfolio__item-align-center\">\n    <div class=\"vp-portfolio__item-meta-wrap vp-portfolio__custom-scrollbar\">\n        \t<a\n\t\thref=\"https:\/\/fotofrangonz.com\/wp-content\/uploads\/2026\/09\/Feria-Marchena-2026-1-Viernes-Francisco-Gonzalez-SOLEMNITY-17.jpg\"\n\t\ttabindex=\"-1\" class=\"vp-portfolio__item-meta\" \t>\n\t\n        \n        <\/a>    <\/div>\n<\/figcaption>\n\t\t\t<\/figure>\n\t\t\t\t\t<\/div>\n\t\t\n\t\t<div\t\tclass=\"vp-portfolio__item-wrap vp-portfolio__item-uid-9ad65c0c\" data-vp-filter=\"\" \t\t>\n\t\t\t<template class=\"vp-portfolio__item-popup\" style=\"display: none\" data-vp-popup-img=\"https:\/\/fotofrangonz.com\/wp-content\/uploads\/2026\/09\/Feria-Marchena-2026-1-Viernes-Francisco-Gonzalez-SOLEMNITY-18.jpg\" data-vp-popup-img-srcset=\"https:\/\/fotofrangonz.com\/wp-content\/uploads\/2026\/09\/Feria-Marchena-2026-1-Viernes-Francisco-Gonzalez-SOLEMNITY-18.jpg 1280w, https:\/\/fotofrangonz.com\/wp-content\/uploads\/2026\/09\/Feria-Marchena-2026-1-Viernes-Francisco-Gonzalez-SOLEMNITY-18-200x300.jpg 200w, https:\/\/fotofrangonz.com\/wp-content\/uploads\/2026\/09\/Feria-Marchena-2026-1-Viernes-Francisco-Gonzalez-SOLEMNITY-18-683x1024.jpg 683w, https:\/\/fotofrangonz.com\/wp-content\/uploads\/2026\/09\/Feria-Marchena-2026-1-Viernes-Francisco-Gonzalez-SOLEMNITY-18-1024x1536.jpg 1024w, https:\/\/fotofrangonz.com\/wp-content\/uploads\/2026\/09\/Feria-Marchena-2026-1-Viernes-Francisco-Gonzalez-SOLEMNITY-18-500x750.jpg 500w, https:\/\/fotofrangonz.com\/wp-content\/uploads\/2026\/09\/Feria-Marchena-2026-1-Viernes-Francisco-Gonzalez-SOLEMNITY-18-800x1200.jpg 800w, https:\/\/fotofrangonz.com\/wp-content\/uploads\/2026\/09\/Feria-Marchena-2026-1-Viernes-Francisco-Gonzalez-SOLEMNITY-18-1240x1860.jpg 1240w, https:\/\/fotofrangonz.com\/wp-content\/uploads\/2026\/09\/Feria-Marchena-2026-1-Viernes-Francisco-Gonzalez-SOLEMNITY-18-508x762.jpg 508w\" data-vp-popup-img-size=\"1280x1920\" data-vp-popup-md-img=\"https:\/\/fotofrangonz.com\/wp-content\/uploads\/2026\/09\/Feria-Marchena-2026-1-Viernes-Francisco-Gonzalez-SOLEMNITY-18-800x1200.jpg\" data-vp-popup-md-img-size=\"800x1200\" data-vp-popup-sm-img=\"https:\/\/fotofrangonz.com\/wp-content\/uploads\/2026\/09\/Feria-Marchena-2026-1-Viernes-Francisco-Gonzalez-SOLEMNITY-18-500x750.jpg\" data-vp-popup-sm-img-size=\"500x750\">\n\t<\/template>\n\t\t\t\t\t\t<figure class=\"vp-portfolio__item\">\n\t\t\t\t\n<div class=\"vp-portfolio__item-img-wrap\">\n    <div class=\"vp-portfolio__item-img\">\n        \t<a\n\t\thref=\"https:\/\/fotofrangonz.com\/wp-content\/uploads\/2026\/09\/Feria-Marchena-2026-1-Viernes-Francisco-Gonzalez-SOLEMNITY-18.jpg\"\n\t\t\t>\n\t\n        <noscript><img loading=\"lazy\" decoding=\"async\" width=\"1280\" height=\"1920\" data-skip-lazy src=\"https:\/\/fotofrangonz.com\/wp-content\/uploads\/2026\/09\/Feria-Marchena-2026-1-Viernes-Francisco-Gonzalez-SOLEMNITY-18.jpg\" class=\"wp-image-17974\" alt=\"\" srcset=\"https:\/\/fotofrangonz.com\/wp-content\/uploads\/2026\/09\/Feria-Marchena-2026-1-Viernes-Francisco-Gonzalez-SOLEMNITY-18.jpg 1280w, https:\/\/fotofrangonz.com\/wp-content\/uploads\/2026\/09\/Feria-Marchena-2026-1-Viernes-Francisco-Gonzalez-SOLEMNITY-18-200x300.jpg 200w, https:\/\/fotofrangonz.com\/wp-content\/uploads\/2026\/09\/Feria-Marchena-2026-1-Viernes-Francisco-Gonzalez-SOLEMNITY-18-683x1024.jpg 683w, https:\/\/fotofrangonz.com\/wp-content\/uploads\/2026\/09\/Feria-Marchena-2026-1-Viernes-Francisco-Gonzalez-SOLEMNITY-18-1024x1536.jpg 1024w, https:\/\/fotofrangonz.com\/wp-content\/uploads\/2026\/09\/Feria-Marchena-2026-1-Viernes-Francisco-Gonzalez-SOLEMNITY-18-500x750.jpg 500w, https:\/\/fotofrangonz.com\/wp-content\/uploads\/2026\/09\/Feria-Marchena-2026-1-Viernes-Francisco-Gonzalez-SOLEMNITY-18-800x1200.jpg 800w, https:\/\/fotofrangonz.com\/wp-content\/uploads\/2026\/09\/Feria-Marchena-2026-1-Viernes-Francisco-Gonzalez-SOLEMNITY-18-1240x1860.jpg 1240w, https:\/\/fotofrangonz.com\/wp-content\/uploads\/2026\/09\/Feria-Marchena-2026-1-Viernes-Francisco-Gonzalez-SOLEMNITY-18-508x762.jpg 508w\" sizes=\"auto, (max-width: 1280px) 100vw, 1280px\" \/><\/noscript><img decoding=\"async\" width=\"1280\" height=\"1920\" src=\"https:\/\/fotofrangonz.com\/wp-content\/uploads\/2026\/09\/Feria-Marchena-2026-1-Viernes-Francisco-Gonzalez-SOLEMNITY-18.jpg\" class=\"wp-image-17974 vp-lazyload\" alt srcset=\"data:image\/svg+xml;base64,PHN2ZyB3aWR0aD0iMTI4MCIgaGVpZ2h0PSIxOTIwIiB2aWV3Qm94PSIwIDAgMTI4MCAxOTIwIiBmaWxsPSJub25lIiB4bWxucz0iaHR0cDovL3d3dy53My5vcmcvMjAwMC9zdmciPjwvc3ZnPg==\" data-src=\"https:\/\/fotofrangonz.com\/wp-content\/uploads\/2026\/09\/Feria-Marchena-2026-1-Viernes-Francisco-Gonzalez-SOLEMNITY-18.jpg\" data-srcset=\"https:\/\/fotofrangonz.com\/wp-content\/uploads\/2026\/09\/Feria-Marchena-2026-1-Viernes-Francisco-Gonzalez-SOLEMNITY-18.jpg 1280w, https:\/\/fotofrangonz.com\/wp-content\/uploads\/2026\/09\/Feria-Marchena-2026-1-Viernes-Francisco-Gonzalez-SOLEMNITY-18-200x300.jpg 200w, https:\/\/fotofrangonz.com\/wp-content\/uploads\/2026\/09\/Feria-Marchena-2026-1-Viernes-Francisco-Gonzalez-SOLEMNITY-18-683x1024.jpg 683w, https:\/\/fotofrangonz.com\/wp-content\/uploads\/2026\/09\/Feria-Marchena-2026-1-Viernes-Francisco-Gonzalez-SOLEMNITY-18-1024x1536.jpg 1024w, https:\/\/fotofrangonz.com\/wp-content\/uploads\/2026\/09\/Feria-Marchena-2026-1-Viernes-Francisco-Gonzalez-SOLEMNITY-18-500x750.jpg 500w, https:\/\/fotofrangonz.com\/wp-content\/uploads\/2026\/09\/Feria-Marchena-2026-1-Viernes-Francisco-Gonzalez-SOLEMNITY-18-800x1200.jpg 800w, https:\/\/fotofrangonz.com\/wp-content\/uploads\/2026\/09\/Feria-Marchena-2026-1-Viernes-Francisco-Gonzalez-SOLEMNITY-18-1240x1860.jpg 1240w, https:\/\/fotofrangonz.com\/wp-content\/uploads\/2026\/09\/Feria-Marchena-2026-1-Viernes-Francisco-Gonzalez-SOLEMNITY-18-508x762.jpg 508w\" data-sizes=\"auto\" loading=\"eager\">\n        <\/a>    <\/div>\n<\/div>\n\n<figcaption class=\"vp-portfolio__item-overlay vp-portfolio__item-align-center\">\n    <div class=\"vp-portfolio__item-meta-wrap vp-portfolio__custom-scrollbar\">\n        \t<a\n\t\thref=\"https:\/\/fotofrangonz.com\/wp-content\/uploads\/2026\/09\/Feria-Marchena-2026-1-Viernes-Francisco-Gonzalez-SOLEMNITY-18.jpg\"\n\t\ttabindex=\"-1\" class=\"vp-portfolio__item-meta\" \t>\n\t\n        \n        <\/a>    <\/div>\n<\/figcaption>\n\t\t\t<\/figure>\n\t\t\t\t\t<\/div>\n\t\t\n\t\t<div\t\tclass=\"vp-portfolio__item-wrap vp-portfolio__item-uid-1c87de4f\" data-vp-filter=\"\" \t\t>\n\t\t\t<template class=\"vp-portfolio__item-popup\" style=\"display: none\" data-vp-popup-img=\"https:\/\/fotofrangonz.com\/wp-content\/uploads\/2026\/09\/Feria-Marchena-2026-1-Viernes-Francisco-Gonzalez-SOLEMNITY-19.jpg\" data-vp-popup-img-srcset=\"https:\/\/fotofrangonz.com\/wp-content\/uploads\/2026\/09\/Feria-Marchena-2026-1-Viernes-Francisco-Gonzalez-SOLEMNITY-19.jpg 1280w, https:\/\/fotofrangonz.com\/wp-content\/uploads\/2026\/09\/Feria-Marchena-2026-1-Viernes-Francisco-Gonzalez-SOLEMNITY-19-200x300.jpg 200w, https:\/\/fotofrangonz.com\/wp-content\/uploads\/2026\/09\/Feria-Marchena-2026-1-Viernes-Francisco-Gonzalez-SOLEMNITY-19-683x1024.jpg 683w, https:\/\/fotofrangonz.com\/wp-content\/uploads\/2026\/09\/Feria-Marchena-2026-1-Viernes-Francisco-Gonzalez-SOLEMNITY-19-1024x1536.jpg 1024w, https:\/\/fotofrangonz.com\/wp-content\/uploads\/2026\/09\/Feria-Marchena-2026-1-Viernes-Francisco-Gonzalez-SOLEMNITY-19-500x750.jpg 500w, https:\/\/fotofrangonz.com\/wp-content\/uploads\/2026\/09\/Feria-Marchena-2026-1-Viernes-Francisco-Gonzalez-SOLEMNITY-19-800x1200.jpg 800w, https:\/\/fotofrangonz.com\/wp-content\/uploads\/2026\/09\/Feria-Marchena-2026-1-Viernes-Francisco-Gonzalez-SOLEMNITY-19-1240x1860.jpg 1240w, https:\/\/fotofrangonz.com\/wp-content\/uploads\/2026\/09\/Feria-Marchena-2026-1-Viernes-Francisco-Gonzalez-SOLEMNITY-19-508x762.jpg 508w\" data-vp-popup-img-size=\"1280x1920\" data-vp-popup-md-img=\"https:\/\/fotofrangonz.com\/wp-content\/uploads\/2026\/09\/Feria-Marchena-2026-1-Viernes-Francisco-Gonzalez-SOLEMNITY-19-800x1200.jpg\" data-vp-popup-md-img-size=\"800x1200\" data-vp-popup-sm-img=\"https:\/\/fotofrangonz.com\/wp-content\/uploads\/2026\/09\/Feria-Marchena-2026-1-Viernes-Francisco-Gonzalez-SOLEMNITY-19-500x750.jpg\" data-vp-popup-sm-img-size=\"500x750\">\n\t<\/template>\n\t\t\t\t\t\t<figure class=\"vp-portfolio__item\">\n\t\t\t\t\n<div class=\"vp-portfolio__item-img-wrap\">\n    <div class=\"vp-portfolio__item-img\">\n        \t<a\n\t\thref=\"https:\/\/fotofrangonz.com\/wp-content\/uploads\/2026\/09\/Feria-Marchena-2026-1-Viernes-Francisco-Gonzalez-SOLEMNITY-19.jpg\"\n\t\t\t>\n\t\n        <noscript><img loading=\"lazy\" decoding=\"async\" width=\"1280\" height=\"1920\" data-skip-lazy src=\"https:\/\/fotofrangonz.com\/wp-content\/uploads\/2026\/09\/Feria-Marchena-2026-1-Viernes-Francisco-Gonzalez-SOLEMNITY-19.jpg\" class=\"wp-image-17975\" alt=\"\" srcset=\"https:\/\/fotofrangonz.com\/wp-content\/uploads\/2026\/09\/Feria-Marchena-2026-1-Viernes-Francisco-Gonzalez-SOLEMNITY-19.jpg 1280w, https:\/\/fotofrangonz.com\/wp-content\/uploads\/2026\/09\/Feria-Marchena-2026-1-Viernes-Francisco-Gonzalez-SOLEMNITY-19-200x300.jpg 200w, https:\/\/fotofrangonz.com\/wp-content\/uploads\/2026\/09\/Feria-Marchena-2026-1-Viernes-Francisco-Gonzalez-SOLEMNITY-19-683x1024.jpg 683w, https:\/\/fotofrangonz.com\/wp-content\/uploads\/2026\/09\/Feria-Marchena-2026-1-Viernes-Francisco-Gonzalez-SOLEMNITY-19-1024x1536.jpg 1024w, https:\/\/fotofrangonz.com\/wp-content\/uploads\/2026\/09\/Feria-Marchena-2026-1-Viernes-Francisco-Gonzalez-SOLEMNITY-19-500x750.jpg 500w, https:\/\/fotofrangonz.com\/wp-content\/uploads\/2026\/09\/Feria-Marchena-2026-1-Viernes-Francisco-Gonzalez-SOLEMNITY-19-800x1200.jpg 800w, https:\/\/fotofrangonz.com\/wp-content\/uploads\/2026\/09\/Feria-Marchena-2026-1-Viernes-Francisco-Gonzalez-SOLEMNITY-19-1240x1860.jpg 1240w, https:\/\/fotofrangonz.com\/wp-content\/uploads\/2026\/09\/Feria-Marchena-2026-1-Viernes-Francisco-Gonzalez-SOLEMNITY-19-508x762.jpg 508w\" sizes=\"auto, (max-width: 1280px) 100vw, 1280px\" \/><\/noscript><img decoding=\"async\" width=\"1280\" height=\"1920\" src=\"https:\/\/fotofrangonz.com\/wp-content\/uploads\/2026\/09\/Feria-Marchena-2026-1-Viernes-Francisco-Gonzalez-SOLEMNITY-19.jpg\" class=\"wp-image-17975 vp-lazyload\" alt srcset=\"data:image\/svg+xml;base64,PHN2ZyB3aWR0aD0iMTI4MCIgaGVpZ2h0PSIxOTIwIiB2aWV3Qm94PSIwIDAgMTI4MCAxOTIwIiBmaWxsPSJub25lIiB4bWxucz0iaHR0cDovL3d3dy53My5vcmcvMjAwMC9zdmciPjwvc3ZnPg==\" data-src=\"https:\/\/fotofrangonz.com\/wp-content\/uploads\/2026\/09\/Feria-Marchena-2026-1-Viernes-Francisco-Gonzalez-SOLEMNITY-19.jpg\" data-srcset=\"https:\/\/fotofrangonz.com\/wp-content\/uploads\/2026\/09\/Feria-Marchena-2026-1-Viernes-Francisco-Gonzalez-SOLEMNITY-19.jpg 1280w, https:\/\/fotofrangonz.com\/wp-content\/uploads\/2026\/09\/Feria-Marchena-2026-1-Viernes-Francisco-Gonzalez-SOLEMNITY-19-200x300.jpg 200w, https:\/\/fotofrangonz.com\/wp-content\/uploads\/2026\/09\/Feria-Marchena-2026-1-Viernes-Francisco-Gonzalez-SOLEMNITY-19-683x1024.jpg 683w, https:\/\/fotofrangonz.com\/wp-content\/uploads\/2026\/09\/Feria-Marchena-2026-1-Viernes-Francisco-Gonzalez-SOLEMNITY-19-1024x1536.jpg 1024w, https:\/\/fotofrangonz.com\/wp-content\/uploads\/2026\/09\/Feria-Marchena-2026-1-Viernes-Francisco-Gonzalez-SOLEMNITY-19-500x750.jpg 500w, https:\/\/fotofrangonz.com\/wp-content\/uploads\/2026\/09\/Feria-Marchena-2026-1-Viernes-Francisco-Gonzalez-SOLEMNITY-19-800x1200.jpg 800w, https:\/\/fotofrangonz.com\/wp-content\/uploads\/2026\/09\/Feria-Marchena-2026-1-Viernes-Francisco-Gonzalez-SOLEMNITY-19-1240x1860.jpg 1240w, https:\/\/fotofrangonz.com\/wp-content\/uploads\/2026\/09\/Feria-Marchena-2026-1-Viernes-Francisco-Gonzalez-SOLEMNITY-19-508x762.jpg 508w\" data-sizes=\"auto\" loading=\"eager\">\n        <\/a>    <\/div>\n<\/div>\n\n<figcaption class=\"vp-portfolio__item-overlay vp-portfolio__item-align-center\">\n    <div class=\"vp-portfolio__item-meta-wrap vp-portfolio__custom-scrollbar\">\n        \t<a\n\t\thref=\"https:\/\/fotofrangonz.com\/wp-content\/uploads\/2026\/09\/Feria-Marchena-2026-1-Viernes-Francisco-Gonzalez-SOLEMNITY-19.jpg\"\n\t\ttabindex=\"-1\" class=\"vp-portfolio__item-meta\" \t>\n\t\n        \n        <\/a>    <\/div>\n<\/figcaption>\n\t\t\t<\/figure>\n\t\t\t\t\t<\/div>\n\t\t\n\t\t<div\t\tclass=\"vp-portfolio__item-wrap vp-portfolio__item-uid-4ed25c50\" data-vp-filter=\"\" \t\t>\n\t\t\t<template class=\"vp-portfolio__item-popup\" style=\"display: none\" data-vp-popup-img=\"https:\/\/fotofrangonz.com\/wp-content\/uploads\/2026\/09\/Feria-Marchena-2026-1-Viernes-Francisco-Gonzalez-SOLEMNITY-20.jpg\" data-vp-popup-img-srcset=\"https:\/\/fotofrangonz.com\/wp-content\/uploads\/2026\/09\/Feria-Marchena-2026-1-Viernes-Francisco-Gonzalez-SOLEMNITY-20.jpg 1280w, https:\/\/fotofrangonz.com\/wp-content\/uploads\/2026\/09\/Feria-Marchena-2026-1-Viernes-Francisco-Gonzalez-SOLEMNITY-20-200x300.jpg 200w, https:\/\/fotofrangonz.com\/wp-content\/uploads\/2026\/09\/Feria-Marchena-2026-1-Viernes-Francisco-Gonzalez-SOLEMNITY-20-683x1024.jpg 683w, https:\/\/fotofrangonz.com\/wp-content\/uploads\/2026\/09\/Feria-Marchena-2026-1-Viernes-Francisco-Gonzalez-SOLEMNITY-20-1024x1536.jpg 1024w, https:\/\/fotofrangonz.com\/wp-content\/uploads\/2026\/09\/Feria-Marchena-2026-1-Viernes-Francisco-Gonzalez-SOLEMNITY-20-500x750.jpg 500w, https:\/\/fotofrangonz.com\/wp-content\/uploads\/2026\/09\/Feria-Marchena-2026-1-Viernes-Francisco-Gonzalez-SOLEMNITY-20-800x1200.jpg 800w, https:\/\/fotofrangonz.com\/wp-content\/uploads\/2026\/09\/Feria-Marchena-2026-1-Viernes-Francisco-Gonzalez-SOLEMNITY-20-1240x1860.jpg 1240w, https:\/\/fotofrangonz.com\/wp-content\/uploads\/2026\/09\/Feria-Marchena-2026-1-Viernes-Francisco-Gonzalez-SOLEMNITY-20-508x762.jpg 508w\" data-vp-popup-img-size=\"1280x1920\" data-vp-popup-md-img=\"https:\/\/fotofrangonz.com\/wp-content\/uploads\/2026\/09\/Feria-Marchena-2026-1-Viernes-Francisco-Gonzalez-SOLEMNITY-20-800x1200.jpg\" data-vp-popup-md-img-size=\"800x1200\" data-vp-popup-sm-img=\"https:\/\/fotofrangonz.com\/wp-content\/uploads\/2026\/09\/Feria-Marchena-2026-1-Viernes-Francisco-Gonzalez-SOLEMNITY-20-500x750.jpg\" data-vp-popup-sm-img-size=\"500x750\">\n\t<\/template>\n\t\t\t\t\t\t<figure class=\"vp-portfolio__item\">\n\t\t\t\t\n<div class=\"vp-portfolio__item-img-wrap\">\n    <div class=\"vp-portfolio__item-img\">\n        \t<a\n\t\thref=\"https:\/\/fotofrangonz.com\/wp-content\/uploads\/2026\/09\/Feria-Marchena-2026-1-Viernes-Francisco-Gonzalez-SOLEMNITY-20.jpg\"\n\t\t\t>\n\t\n        <noscript><img loading=\"lazy\" decoding=\"async\" width=\"1280\" height=\"1920\" data-skip-lazy src=\"https:\/\/fotofrangonz.com\/wp-content\/uploads\/2026\/09\/Feria-Marchena-2026-1-Viernes-Francisco-Gonzalez-SOLEMNITY-20.jpg\" class=\"wp-image-17976\" alt=\"\" srcset=\"https:\/\/fotofrangonz.com\/wp-content\/uploads\/2026\/09\/Feria-Marchena-2026-1-Viernes-Francisco-Gonzalez-SOLEMNITY-20.jpg 1280w, https:\/\/fotofrangonz.com\/wp-content\/uploads\/2026\/09\/Feria-Marchena-2026-1-Viernes-Francisco-Gonzalez-SOLEMNITY-20-200x300.jpg 200w, https:\/\/fotofrangonz.com\/wp-content\/uploads\/2026\/09\/Feria-Marchena-2026-1-Viernes-Francisco-Gonzalez-SOLEMNITY-20-683x1024.jpg 683w, https:\/\/fotofrangonz.com\/wp-content\/uploads\/2026\/09\/Feria-Marchena-2026-1-Viernes-Francisco-Gonzalez-SOLEMNITY-20-1024x1536.jpg 1024w, https:\/\/fotofrangonz.com\/wp-content\/uploads\/2026\/09\/Feria-Marchena-2026-1-Viernes-Francisco-Gonzalez-SOLEMNITY-20-500x750.jpg 500w, https:\/\/fotofrangonz.com\/wp-content\/uploads\/2026\/09\/Feria-Marchena-2026-1-Viernes-Francisco-Gonzalez-SOLEMNITY-20-800x1200.jpg 800w, https:\/\/fotofrangonz.com\/wp-content\/uploads\/2026\/09\/Feria-Marchena-2026-1-Viernes-Francisco-Gonzalez-SOLEMNITY-20-1240x1860.jpg 1240w, https:\/\/fotofrangonz.com\/wp-content\/uploads\/2026\/09\/Feria-Marchena-2026-1-Viernes-Francisco-Gonzalez-SOLEMNITY-20-508x762.jpg 508w\" sizes=\"auto, (max-width: 1280px) 100vw, 1280px\" \/><\/noscript><img decoding=\"async\" width=\"1280\" height=\"1920\" src=\"https:\/\/fotofrangonz.com\/wp-content\/uploads\/2026\/09\/Feria-Marchena-2026-1-Viernes-Francisco-Gonzalez-SOLEMNITY-20.jpg\" class=\"wp-image-17976 vp-lazyload\" alt srcset=\"data:image\/svg+xml;base64,PHN2ZyB3aWR0aD0iMTI4MCIgaGVpZ2h0PSIxOTIwIiB2aWV3Qm94PSIwIDAgMTI4MCAxOTIwIiBmaWxsPSJub25lIiB4bWxucz0iaHR0cDovL3d3dy53My5vcmcvMjAwMC9zdmciPjwvc3ZnPg==\" data-src=\"https:\/\/fotofrangonz.com\/wp-content\/uploads\/2026\/09\/Feria-Marchena-2026-1-Viernes-Francisco-Gonzalez-SOLEMNITY-20.jpg\" data-srcset=\"https:\/\/fotofrangonz.com\/wp-content\/uploads\/2026\/09\/Feria-Marchena-2026-1-Viernes-Francisco-Gonzalez-SOLEMNITY-20.jpg 1280w, https:\/\/fotofrangonz.com\/wp-content\/uploads\/2026\/09\/Feria-Marchena-2026-1-Viernes-Francisco-Gonzalez-SOLEMNITY-20-200x300.jpg 200w, https:\/\/fotofrangonz.com\/wp-content\/uploads\/2026\/09\/Feria-Marchena-2026-1-Viernes-Francisco-Gonzalez-SOLEMNITY-20-683x1024.jpg 683w, https:\/\/fotofrangonz.com\/wp-content\/uploads\/2026\/09\/Feria-Marchena-2026-1-Viernes-Francisco-Gonzalez-SOLEMNITY-20-1024x1536.jpg 1024w, https:\/\/fotofrangonz.com\/wp-content\/uploads\/2026\/09\/Feria-Marchena-2026-1-Viernes-Francisco-Gonzalez-SOLEMNITY-20-500x750.jpg 500w, https:\/\/fotofrangonz.com\/wp-content\/uploads\/2026\/09\/Feria-Marchena-2026-1-Viernes-Francisco-Gonzalez-SOLEMNITY-20-800x1200.jpg 800w, https:\/\/fotofrangonz.com\/wp-content\/uploads\/2026\/09\/Feria-Marchena-2026-1-Viernes-Francisco-Gonzalez-SOLEMNITY-20-1240x1860.jpg 1240w, https:\/\/fotofrangonz.com\/wp-content\/uploads\/2026\/09\/Feria-Marchena-2026-1-Viernes-Francisco-Gonzalez-SOLEMNITY-20-508x762.jpg 508w\" data-sizes=\"auto\" loading=\"eager\">\n        <\/a>    <\/div>\n<\/div>\n\n<figcaption class=\"vp-portfolio__item-overlay vp-portfolio__item-align-center\">\n    <div class=\"vp-portfolio__item-meta-wrap vp-portfolio__custom-scrollbar\">\n        \t<a\n\t\thref=\"https:\/\/fotofrangonz.com\/wp-content\/uploads\/2026\/09\/Feria-Marchena-2026-1-Viernes-Francisco-Gonzalez-SOLEMNITY-20.jpg\"\n\t\ttabindex=\"-1\" class=\"vp-portfolio__item-meta\" \t>\n\t\n        \n        <\/a>    <\/div>\n<\/figcaption>\n\t\t\t<\/figure>\n\t\t\t\t\t<\/div>\n\t\t\n\t\t<div\t\tclass=\"vp-portfolio__item-wrap vp-portfolio__item-uid-2f322793\" data-vp-filter=\"\" \t\t>\n\t\t\t<template class=\"vp-portfolio__item-popup\" style=\"display: none\" data-vp-popup-img=\"https:\/\/fotofrangonz.com\/wp-content\/uploads\/2026\/09\/Feria-Marchena-2026-1-Viernes-Francisco-Gonzalez-SOLEMNITY-21.jpg\" data-vp-popup-img-srcset=\"https:\/\/fotofrangonz.com\/wp-content\/uploads\/2026\/09\/Feria-Marchena-2026-1-Viernes-Francisco-Gonzalez-SOLEMNITY-21.jpg 1280w, https:\/\/fotofrangonz.com\/wp-content\/uploads\/2026\/09\/Feria-Marchena-2026-1-Viernes-Francisco-Gonzalez-SOLEMNITY-21-200x300.jpg 200w, https:\/\/fotofrangonz.com\/wp-content\/uploads\/2026\/09\/Feria-Marchena-2026-1-Viernes-Francisco-Gonzalez-SOLEMNITY-21-683x1024.jpg 683w, https:\/\/fotofrangonz.com\/wp-content\/uploads\/2026\/09\/Feria-Marchena-2026-1-Viernes-Francisco-Gonzalez-SOLEMNITY-21-1024x1536.jpg 1024w, https:\/\/fotofrangonz.com\/wp-content\/uploads\/2026\/09\/Feria-Marchena-2026-1-Viernes-Francisco-Gonzalez-SOLEMNITY-21-500x750.jpg 500w, https:\/\/fotofrangonz.com\/wp-content\/uploads\/2026\/09\/Feria-Marchena-2026-1-Viernes-Francisco-Gonzalez-SOLEMNITY-21-800x1200.jpg 800w, https:\/\/fotofrangonz.com\/wp-content\/uploads\/2026\/09\/Feria-Marchena-2026-1-Viernes-Francisco-Gonzalez-SOLEMNITY-21-1240x1860.jpg 1240w, https:\/\/fotofrangonz.com\/wp-content\/uploads\/2026\/09\/Feria-Marchena-2026-1-Viernes-Francisco-Gonzalez-SOLEMNITY-21-508x762.jpg 508w\" data-vp-popup-img-size=\"1280x1920\" data-vp-popup-md-img=\"https:\/\/fotofrangonz.com\/wp-content\/uploads\/2026\/09\/Feria-Marchena-2026-1-Viernes-Francisco-Gonzalez-SOLEMNITY-21-800x1200.jpg\" data-vp-popup-md-img-size=\"800x1200\" data-vp-popup-sm-img=\"https:\/\/fotofrangonz.com\/wp-content\/uploads\/2026\/09\/Feria-Marchena-2026-1-Viernes-Francisco-Gonzalez-SOLEMNITY-21-500x750.jpg\" data-vp-popup-sm-img-size=\"500x750\">\n\t<\/template>\n\t\t\t\t\t\t<figure class=\"vp-portfolio__item\">\n\t\t\t\t\n<div class=\"vp-portfolio__item-img-wrap\">\n    <div class=\"vp-portfolio__item-img\">\n        \t<a\n\t\thref=\"https:\/\/fotofrangonz.com\/wp-content\/uploads\/2026\/09\/Feria-Marchena-2026-1-Viernes-Francisco-Gonzalez-SOLEMNITY-21.jpg\"\n\t\t\t>\n\t\n        <noscript><img loading=\"lazy\" decoding=\"async\" width=\"1280\" height=\"1920\" data-skip-lazy src=\"https:\/\/fotofrangonz.com\/wp-content\/uploads\/2026\/09\/Feria-Marchena-2026-1-Viernes-Francisco-Gonzalez-SOLEMNITY-21.jpg\" class=\"wp-image-17977\" alt=\"\" srcset=\"https:\/\/fotofrangonz.com\/wp-content\/uploads\/2026\/09\/Feria-Marchena-2026-1-Viernes-Francisco-Gonzalez-SOLEMNITY-21.jpg 1280w, https:\/\/fotofrangonz.com\/wp-content\/uploads\/2026\/09\/Feria-Marchena-2026-1-Viernes-Francisco-Gonzalez-SOLEMNITY-21-200x300.jpg 200w, https:\/\/fotofrangonz.com\/wp-content\/uploads\/2026\/09\/Feria-Marchena-2026-1-Viernes-Francisco-Gonzalez-SOLEMNITY-21-683x1024.jpg 683w, https:\/\/fotofrangonz.com\/wp-content\/uploads\/2026\/09\/Feria-Marchena-2026-1-Viernes-Francisco-Gonzalez-SOLEMNITY-21-1024x1536.jpg 1024w, https:\/\/fotofrangonz.com\/wp-content\/uploads\/2026\/09\/Feria-Marchena-2026-1-Viernes-Francisco-Gonzalez-SOLEMNITY-21-500x750.jpg 500w, https:\/\/fotofrangonz.com\/wp-content\/uploads\/2026\/09\/Feria-Marchena-2026-1-Viernes-Francisco-Gonzalez-SOLEMNITY-21-800x1200.jpg 800w, https:\/\/fotofrangonz.com\/wp-content\/uploads\/2026\/09\/Feria-Marchena-2026-1-Viernes-Francisco-Gonzalez-SOLEMNITY-21-1240x1860.jpg 1240w, https:\/\/fotofrangonz.com\/wp-content\/uploads\/2026\/09\/Feria-Marchena-2026-1-Viernes-Francisco-Gonzalez-SOLEMNITY-21-508x762.jpg 508w\" sizes=\"auto, (max-width: 1280px) 100vw, 1280px\" \/><\/noscript><img decoding=\"async\" width=\"1280\" height=\"1920\" src=\"https:\/\/fotofrangonz.com\/wp-content\/uploads\/2026\/09\/Feria-Marchena-2026-1-Viernes-Francisco-Gonzalez-SOLEMNITY-21.jpg\" class=\"wp-image-17977 vp-lazyload\" alt srcset=\"data:image\/svg+xml;base64,PHN2ZyB3aWR0aD0iMTI4MCIgaGVpZ2h0PSIxOTIwIiB2aWV3Qm94PSIwIDAgMTI4MCAxOTIwIiBmaWxsPSJub25lIiB4bWxucz0iaHR0cDovL3d3dy53My5vcmcvMjAwMC9zdmciPjwvc3ZnPg==\" data-src=\"https:\/\/fotofrangonz.com\/wp-content\/uploads\/2026\/09\/Feria-Marchena-2026-1-Viernes-Francisco-Gonzalez-SOLEMNITY-21.jpg\" data-srcset=\"https:\/\/fotofrangonz.com\/wp-content\/uploads\/2026\/09\/Feria-Marchena-2026-1-Viernes-Francisco-Gonzalez-SOLEMNITY-21.jpg 1280w, https:\/\/fotofrangonz.com\/wp-content\/uploads\/2026\/09\/Feria-Marchena-2026-1-Viernes-Francisco-Gonzalez-SOLEMNITY-21-200x300.jpg 200w, https:\/\/fotofrangonz.com\/wp-content\/uploads\/2026\/09\/Feria-Marchena-2026-1-Viernes-Francisco-Gonzalez-SOLEMNITY-21-683x1024.jpg 683w, https:\/\/fotofrangonz.com\/wp-content\/uploads\/2026\/09\/Feria-Marchena-2026-1-Viernes-Francisco-Gonzalez-SOLEMNITY-21-1024x1536.jpg 1024w, https:\/\/fotofrangonz.com\/wp-content\/uploads\/2026\/09\/Feria-Marchena-2026-1-Viernes-Francisco-Gonzalez-SOLEMNITY-21-500x750.jpg 500w, https:\/\/fotofrangonz.com\/wp-content\/uploads\/2026\/09\/Feria-Marchena-2026-1-Viernes-Francisco-Gonzalez-SOLEMNITY-21-800x1200.jpg 800w, https:\/\/fotofrangonz.com\/wp-content\/uploads\/2026\/09\/Feria-Marchena-2026-1-Viernes-Francisco-Gonzalez-SOLEMNITY-21-1240x1860.jpg 1240w, https:\/\/fotofrangonz.com\/wp-content\/uploads\/2026\/09\/Feria-Marchena-2026-1-Viernes-Francisco-Gonzalez-SOLEMNITY-21-508x762.jpg 508w\" data-sizes=\"auto\" loading=\"eager\">\n        <\/a>    <\/div>\n<\/div>\n\n<figcaption class=\"vp-portfolio__item-overlay vp-portfolio__item-align-center\">\n    <div class=\"vp-portfolio__item-meta-wrap vp-portfolio__custom-scrollbar\">\n        \t<a\n\t\thref=\"https:\/\/fotofrangonz.com\/wp-content\/uploads\/2026\/09\/Feria-Marchena-2026-1-Viernes-Francisco-Gonzalez-SOLEMNITY-21.jpg\"\n\t\ttabindex=\"-1\" class=\"vp-portfolio__item-meta\" \t>\n\t\n        \n        <\/a>    <\/div>\n<\/figcaption>\n\t\t\t<\/figure>\n\t\t\t\t\t<\/div>\n\t\t\n\t\t<div\t\tclass=\"vp-portfolio__item-wrap vp-portfolio__item-uid-74d1e9a7\" data-vp-filter=\"\" \t\t>\n\t\t\t<template class=\"vp-portfolio__item-popup\" style=\"display: none\" data-vp-popup-img=\"https:\/\/fotofrangonz.com\/wp-content\/uploads\/2026\/09\/Feria-Marchena-2026-1-Viernes-Francisco-Gonzalez-SOLEMNITY-22.jpg\" data-vp-popup-img-srcset=\"https:\/\/fotofrangonz.com\/wp-content\/uploads\/2026\/09\/Feria-Marchena-2026-1-Viernes-Francisco-Gonzalez-SOLEMNITY-22.jpg 1280w, https:\/\/fotofrangonz.com\/wp-content\/uploads\/2026\/09\/Feria-Marchena-2026-1-Viernes-Francisco-Gonzalez-SOLEMNITY-22-200x300.jpg 200w, https:\/\/fotofrangonz.com\/wp-content\/uploads\/2026\/09\/Feria-Marchena-2026-1-Viernes-Francisco-Gonzalez-SOLEMNITY-22-683x1024.jpg 683w, https:\/\/fotofrangonz.com\/wp-content\/uploads\/2026\/09\/Feria-Marchena-2026-1-Viernes-Francisco-Gonzalez-SOLEMNITY-22-1024x1536.jpg 1024w, https:\/\/fotofrangonz.com\/wp-content\/uploads\/2026\/09\/Feria-Marchena-2026-1-Viernes-Francisco-Gonzalez-SOLEMNITY-22-500x750.jpg 500w, https:\/\/fotofrangonz.com\/wp-content\/uploads\/2026\/09\/Feria-Marchena-2026-1-Viernes-Francisco-Gonzalez-SOLEMNITY-22-800x1200.jpg 800w, https:\/\/fotofrangonz.com\/wp-content\/uploads\/2026\/09\/Feria-Marchena-2026-1-Viernes-Francisco-Gonzalez-SOLEMNITY-22-1240x1860.jpg 1240w, https:\/\/fotofrangonz.com\/wp-content\/uploads\/2026\/09\/Feria-Marchena-2026-1-Viernes-Francisco-Gonzalez-SOLEMNITY-22-508x762.jpg 508w\" data-vp-popup-img-size=\"1280x1920\" data-vp-popup-md-img=\"https:\/\/fotofrangonz.com\/wp-content\/uploads\/2026\/09\/Feria-Marchena-2026-1-Viernes-Francisco-Gonzalez-SOLEMNITY-22-800x1200.jpg\" data-vp-popup-md-img-size=\"800x1200\" data-vp-popup-sm-img=\"https:\/\/fotofrangonz.com\/wp-content\/uploads\/2026\/09\/Feria-Marchena-2026-1-Viernes-Francisco-Gonzalez-SOLEMNITY-22-500x750.jpg\" data-vp-popup-sm-img-size=\"500x750\">\n\t<\/template>\n\t\t\t\t\t\t<figure class=\"vp-portfolio__item\">\n\t\t\t\t\n<div class=\"vp-portfolio__item-img-wrap\">\n    <div class=\"vp-portfolio__item-img\">\n        \t<a\n\t\thref=\"https:\/\/fotofrangonz.com\/wp-content\/uploads\/2026\/09\/Feria-Marchena-2026-1-Viernes-Francisco-Gonzalez-SOLEMNITY-22.jpg\"\n\t\t\t>\n\t\n        <noscript><img loading=\"lazy\" decoding=\"async\" width=\"1280\" height=\"1920\" data-skip-lazy src=\"https:\/\/fotofrangonz.com\/wp-content\/uploads\/2026\/09\/Feria-Marchena-2026-1-Viernes-Francisco-Gonzalez-SOLEMNITY-22.jpg\" class=\"wp-image-17978\" alt=\"\" srcset=\"https:\/\/fotofrangonz.com\/wp-content\/uploads\/2026\/09\/Feria-Marchena-2026-1-Viernes-Francisco-Gonzalez-SOLEMNITY-22.jpg 1280w, https:\/\/fotofrangonz.com\/wp-content\/uploads\/2026\/09\/Feria-Marchena-2026-1-Viernes-Francisco-Gonzalez-SOLEMNITY-22-200x300.jpg 200w, https:\/\/fotofrangonz.com\/wp-content\/uploads\/2026\/09\/Feria-Marchena-2026-1-Viernes-Francisco-Gonzalez-SOLEMNITY-22-683x1024.jpg 683w, https:\/\/fotofrangonz.com\/wp-content\/uploads\/2026\/09\/Feria-Marchena-2026-1-Viernes-Francisco-Gonzalez-SOLEMNITY-22-1024x1536.jpg 1024w, https:\/\/fotofrangonz.com\/wp-content\/uploads\/2026\/09\/Feria-Marchena-2026-1-Viernes-Francisco-Gonzalez-SOLEMNITY-22-500x750.jpg 500w, https:\/\/fotofrangonz.com\/wp-content\/uploads\/2026\/09\/Feria-Marchena-2026-1-Viernes-Francisco-Gonzalez-SOLEMNITY-22-800x1200.jpg 800w, https:\/\/fotofrangonz.com\/wp-content\/uploads\/2026\/09\/Feria-Marchena-2026-1-Viernes-Francisco-Gonzalez-SOLEMNITY-22-1240x1860.jpg 1240w, https:\/\/fotofrangonz.com\/wp-content\/uploads\/2026\/09\/Feria-Marchena-2026-1-Viernes-Francisco-Gonzalez-SOLEMNITY-22-508x762.jpg 508w\" sizes=\"auto, (max-width: 1280px) 100vw, 1280px\" \/><\/noscript><img decoding=\"async\" width=\"1280\" height=\"1920\" src=\"https:\/\/fotofrangonz.com\/wp-content\/uploads\/2026\/09\/Feria-Marchena-2026-1-Viernes-Francisco-Gonzalez-SOLEMNITY-22.jpg\" class=\"wp-image-17978 vp-lazyload\" alt srcset=\"data:image\/svg+xml;base64,PHN2ZyB3aWR0aD0iMTI4MCIgaGVpZ2h0PSIxOTIwIiB2aWV3Qm94PSIwIDAgMTI4MCAxOTIwIiBmaWxsPSJub25lIiB4bWxucz0iaHR0cDovL3d3dy53My5vcmcvMjAwMC9zdmciPjwvc3ZnPg==\" data-src=\"https:\/\/fotofrangonz.com\/wp-content\/uploads\/2026\/09\/Feria-Marchena-2026-1-Viernes-Francisco-Gonzalez-SOLEMNITY-22.jpg\" data-srcset=\"https:\/\/fotofrangonz.com\/wp-content\/uploads\/2026\/09\/Feria-Marchena-2026-1-Viernes-Francisco-Gonzalez-SOLEMNITY-22.jpg 1280w, https:\/\/fotofrangonz.com\/wp-content\/uploads\/2026\/09\/Feria-Marchena-2026-1-Viernes-Francisco-Gonzalez-SOLEMNITY-22-200x300.jpg 200w, https:\/\/fotofrangonz.com\/wp-content\/uploads\/2026\/09\/Feria-Marchena-2026-1-Viernes-Francisco-Gonzalez-SOLEMNITY-22-683x1024.jpg 683w, https:\/\/fotofrangonz.com\/wp-content\/uploads\/2026\/09\/Feria-Marchena-2026-1-Viernes-Francisco-Gonzalez-SOLEMNITY-22-1024x1536.jpg 1024w, https:\/\/fotofrangonz.com\/wp-content\/uploads\/2026\/09\/Feria-Marchena-2026-1-Viernes-Francisco-Gonzalez-SOLEMNITY-22-500x750.jpg 500w, https:\/\/fotofrangonz.com\/wp-content\/uploads\/2026\/09\/Feria-Marchena-2026-1-Viernes-Francisco-Gonzalez-SOLEMNITY-22-800x1200.jpg 800w, https:\/\/fotofrangonz.com\/wp-content\/uploads\/2026\/09\/Feria-Marchena-2026-1-Viernes-Francisco-Gonzalez-SOLEMNITY-22-1240x1860.jpg 1240w, https:\/\/fotofrangonz.com\/wp-content\/uploads\/2026\/09\/Feria-Marchena-2026-1-Viernes-Francisco-Gonzalez-SOLEMNITY-22-508x762.jpg 508w\" data-sizes=\"auto\" loading=\"eager\">\n        <\/a>    <\/div>\n<\/div>\n\n<figcaption class=\"vp-portfolio__item-overlay vp-portfolio__item-align-center\">\n    <div class=\"vp-portfolio__item-meta-wrap vp-portfolio__custom-scrollbar\">\n        \t<a\n\t\thref=\"https:\/\/fotofrangonz.com\/wp-content\/uploads\/2026\/09\/Feria-Marchena-2026-1-Viernes-Francisco-Gonzalez-SOLEMNITY-22.jpg\"\n\t\ttabindex=\"-1\" class=\"vp-portfolio__item-meta\" \t>\n\t\n        \n        <\/a>    <\/div>\n<\/figcaption>\n\t\t\t<\/figure>\n\t\t\t\t\t<\/div>\n\t\t\n\t\t<div\t\tclass=\"vp-portfolio__item-wrap vp-portfolio__item-uid-8542ab9f\" data-vp-filter=\"\" \t\t>\n\t\t\t<template class=\"vp-portfolio__item-popup\" style=\"display: none\" data-vp-popup-img=\"https:\/\/fotofrangonz.com\/wp-content\/uploads\/2026\/09\/Feria-Marchena-2026-1-Viernes-Francisco-Gonzalez-SOLEMNITY-23.jpg\" data-vp-popup-img-srcset=\"https:\/\/fotofrangonz.com\/wp-content\/uploads\/2026\/09\/Feria-Marchena-2026-1-Viernes-Francisco-Gonzalez-SOLEMNITY-23.jpg 1280w, https:\/\/fotofrangonz.com\/wp-content\/uploads\/2026\/09\/Feria-Marchena-2026-1-Viernes-Francisco-Gonzalez-SOLEMNITY-23-200x300.jpg 200w, https:\/\/fotofrangonz.com\/wp-content\/uploads\/2026\/09\/Feria-Marchena-2026-1-Viernes-Francisco-Gonzalez-SOLEMNITY-23-683x1024.jpg 683w, https:\/\/fotofrangonz.com\/wp-content\/uploads\/2026\/09\/Feria-Marchena-2026-1-Viernes-Francisco-Gonzalez-SOLEMNITY-23-1024x1536.jpg 1024w, https:\/\/fotofrangonz.com\/wp-content\/uploads\/2026\/09\/Feria-Marchena-2026-1-Viernes-Francisco-Gonzalez-SOLEMNITY-23-500x750.jpg 500w, https:\/\/fotofrangonz.com\/wp-content\/uploads\/2026\/09\/Feria-Marchena-2026-1-Viernes-Francisco-Gonzalez-SOLEMNITY-23-800x1200.jpg 800w, https:\/\/fotofrangonz.com\/wp-content\/uploads\/2026\/09\/Feria-Marchena-2026-1-Viernes-Francisco-Gonzalez-SOLEMNITY-23-1240x1860.jpg 1240w, https:\/\/fotofrangonz.com\/wp-content\/uploads\/2026\/09\/Feria-Marchena-2026-1-Viernes-Francisco-Gonzalez-SOLEMNITY-23-508x762.jpg 508w\" data-vp-popup-img-size=\"1280x1920\" data-vp-popup-md-img=\"https:\/\/fotofrangonz.com\/wp-content\/uploads\/2026\/09\/Feria-Marchena-2026-1-Viernes-Francisco-Gonzalez-SOLEMNITY-23-800x1200.jpg\" data-vp-popup-md-img-size=\"800x1200\" data-vp-popup-sm-img=\"https:\/\/fotofrangonz.com\/wp-content\/uploads\/2026\/09\/Feria-Marchena-2026-1-Viernes-Francisco-Gonzalez-SOLEMNITY-23-500x750.jpg\" data-vp-popup-sm-img-size=\"500x750\">\n\t<\/template>\n\t\t\t\t\t\t<figure class=\"vp-portfolio__item\">\n\t\t\t\t\n<div class=\"vp-portfolio__item-img-wrap\">\n    <div class=\"vp-portfolio__item-img\">\n        \t<a\n\t\thref=\"https:\/\/fotofrangonz.com\/wp-content\/uploads\/2026\/09\/Feria-Marchena-2026-1-Viernes-Francisco-Gonzalez-SOLEMNITY-23.jpg\"\n\t\t\t>\n\t\n        <noscript><img loading=\"lazy\" decoding=\"async\" width=\"1280\" height=\"1920\" data-skip-lazy src=\"https:\/\/fotofrangonz.com\/wp-content\/uploads\/2026\/09\/Feria-Marchena-2026-1-Viernes-Francisco-Gonzalez-SOLEMNITY-23.jpg\" class=\"wp-image-17979\" alt=\"\" srcset=\"https:\/\/fotofrangonz.com\/wp-content\/uploads\/2026\/09\/Feria-Marchena-2026-1-Viernes-Francisco-Gonzalez-SOLEMNITY-23.jpg 1280w, https:\/\/fotofrangonz.com\/wp-content\/uploads\/2026\/09\/Feria-Marchena-2026-1-Viernes-Francisco-Gonzalez-SOLEMNITY-23-200x300.jpg 200w, https:\/\/fotofrangonz.com\/wp-content\/uploads\/2026\/09\/Feria-Marchena-2026-1-Viernes-Francisco-Gonzalez-SOLEMNITY-23-683x1024.jpg 683w, https:\/\/fotofrangonz.com\/wp-content\/uploads\/2026\/09\/Feria-Marchena-2026-1-Viernes-Francisco-Gonzalez-SOLEMNITY-23-1024x1536.jpg 1024w, https:\/\/fotofrangonz.com\/wp-content\/uploads\/2026\/09\/Feria-Marchena-2026-1-Viernes-Francisco-Gonzalez-SOLEMNITY-23-500x750.jpg 500w, https:\/\/fotofrangonz.com\/wp-content\/uploads\/2026\/09\/Feria-Marchena-2026-1-Viernes-Francisco-Gonzalez-SOLEMNITY-23-800x1200.jpg 800w, https:\/\/fotofrangonz.com\/wp-content\/uploads\/2026\/09\/Feria-Marchena-2026-1-Viernes-Francisco-Gonzalez-SOLEMNITY-23-1240x1860.jpg 1240w, https:\/\/fotofrangonz.com\/wp-content\/uploads\/2026\/09\/Feria-Marchena-2026-1-Viernes-Francisco-Gonzalez-SOLEMNITY-23-508x762.jpg 508w\" sizes=\"auto, (max-width: 1280px) 100vw, 1280px\" \/><\/noscript><img decoding=\"async\" width=\"1280\" height=\"1920\" src=\"https:\/\/fotofrangonz.com\/wp-content\/uploads\/2026\/09\/Feria-Marchena-2026-1-Viernes-Francisco-Gonzalez-SOLEMNITY-23.jpg\" class=\"wp-image-17979 vp-lazyload\" alt srcset=\"data:image\/svg+xml;base64,PHN2ZyB3aWR0aD0iMTI4MCIgaGVpZ2h0PSIxOTIwIiB2aWV3Qm94PSIwIDAgMTI4MCAxOTIwIiBmaWxsPSJub25lIiB4bWxucz0iaHR0cDovL3d3dy53My5vcmcvMjAwMC9zdmciPjwvc3ZnPg==\" data-src=\"https:\/\/fotofrangonz.com\/wp-content\/uploads\/2026\/09\/Feria-Marchena-2026-1-Viernes-Francisco-Gonzalez-SOLEMNITY-23.jpg\" data-srcset=\"https:\/\/fotofrangonz.com\/wp-content\/uploads\/2026\/09\/Feria-Marchena-2026-1-Viernes-Francisco-Gonzalez-SOLEMNITY-23.jpg 1280w, https:\/\/fotofrangonz.com\/wp-content\/uploads\/2026\/09\/Feria-Marchena-2026-1-Viernes-Francisco-Gonzalez-SOLEMNITY-23-200x300.jpg 200w, https:\/\/fotofrangonz.com\/wp-content\/uploads\/2026\/09\/Feria-Marchena-2026-1-Viernes-Francisco-Gonzalez-SOLEMNITY-23-683x1024.jpg 683w, https:\/\/fotofrangonz.com\/wp-content\/uploads\/2026\/09\/Feria-Marchena-2026-1-Viernes-Francisco-Gonzalez-SOLEMNITY-23-1024x1536.jpg 1024w, https:\/\/fotofrangonz.com\/wp-content\/uploads\/2026\/09\/Feria-Marchena-2026-1-Viernes-Francisco-Gonzalez-SOLEMNITY-23-500x750.jpg 500w, https:\/\/fotofrangonz.com\/wp-content\/uploads\/2026\/09\/Feria-Marchena-2026-1-Viernes-Francisco-Gonzalez-SOLEMNITY-23-800x1200.jpg 800w, https:\/\/fotofrangonz.com\/wp-content\/uploads\/2026\/09\/Feria-Marchena-2026-1-Viernes-Francisco-Gonzalez-SOLEMNITY-23-1240x1860.jpg 1240w, https:\/\/fotofrangonz.com\/wp-content\/uploads\/2026\/09\/Feria-Marchena-2026-1-Viernes-Francisco-Gonzalez-SOLEMNITY-23-508x762.jpg 508w\" data-sizes=\"auto\" loading=\"eager\">\n        <\/a>    <\/div>\n<\/div>\n\n<figcaption class=\"vp-portfolio__item-overlay vp-portfolio__item-align-center\">\n    <div class=\"vp-portfolio__item-meta-wrap vp-portfolio__custom-scrollbar\">\n        \t<a\n\t\thref=\"https:\/\/fotofrangonz.com\/wp-content\/uploads\/2026\/09\/Feria-Marchena-2026-1-Viernes-Francisco-Gonzalez-SOLEMNITY-23.jpg\"\n\t\ttabindex=\"-1\" class=\"vp-portfolio__item-meta\" \t>\n\t\n        \n        <\/a>    <\/div>\n<\/figcaption>\n\t\t\t<\/figure>\n\t\t\t\t\t<\/div>\n\t\t\n\t\t<div\t\tclass=\"vp-portfolio__item-wrap vp-portfolio__item-uid-b05adc51\" data-vp-filter=\"\" \t\t>\n\t\t\t<template class=\"vp-portfolio__item-popup\" style=\"display: none\" data-vp-popup-img=\"https:\/\/fotofrangonz.com\/wp-content\/uploads\/2026\/09\/Feria-Marchena-2026-1-Viernes-Francisco-Gonzalez-SOLEMNITY-24.jpg\" data-vp-popup-img-srcset=\"https:\/\/fotofrangonz.com\/wp-content\/uploads\/2026\/09\/Feria-Marchena-2026-1-Viernes-Francisco-Gonzalez-SOLEMNITY-24.jpg 1280w, https:\/\/fotofrangonz.com\/wp-content\/uploads\/2026\/09\/Feria-Marchena-2026-1-Viernes-Francisco-Gonzalez-SOLEMNITY-24-200x300.jpg 200w, https:\/\/fotofrangonz.com\/wp-content\/uploads\/2026\/09\/Feria-Marchena-2026-1-Viernes-Francisco-Gonzalez-SOLEMNITY-24-683x1024.jpg 683w, https:\/\/fotofrangonz.com\/wp-content\/uploads\/2026\/09\/Feria-Marchena-2026-1-Viernes-Francisco-Gonzalez-SOLEMNITY-24-1024x1536.jpg 1024w, https:\/\/fotofrangonz.com\/wp-content\/uploads\/2026\/09\/Feria-Marchena-2026-1-Viernes-Francisco-Gonzalez-SOLEMNITY-24-500x750.jpg 500w, https:\/\/fotofrangonz.com\/wp-content\/uploads\/2026\/09\/Feria-Marchena-2026-1-Viernes-Francisco-Gonzalez-SOLEMNITY-24-800x1200.jpg 800w, https:\/\/fotofrangonz.com\/wp-content\/uploads\/2026\/09\/Feria-Marchena-2026-1-Viernes-Francisco-Gonzalez-SOLEMNITY-24-1240x1860.jpg 1240w, https:\/\/fotofrangonz.com\/wp-content\/uploads\/2026\/09\/Feria-Marchena-2026-1-Viernes-Francisco-Gonzalez-SOLEMNITY-24-508x762.jpg 508w\" data-vp-popup-img-size=\"1280x1920\" data-vp-popup-md-img=\"https:\/\/fotofrangonz.com\/wp-content\/uploads\/2026\/09\/Feria-Marchena-2026-1-Viernes-Francisco-Gonzalez-SOLEMNITY-24-800x1200.jpg\" data-vp-popup-md-img-size=\"800x1200\" data-vp-popup-sm-img=\"https:\/\/fotofrangonz.com\/wp-content\/uploads\/2026\/09\/Feria-Marchena-2026-1-Viernes-Francisco-Gonzalez-SOLEMNITY-24-500x750.jpg\" data-vp-popup-sm-img-size=\"500x750\">\n\t<\/template>\n\t\t\t\t\t\t<figure class=\"vp-portfolio__item\">\n\t\t\t\t\n<div class=\"vp-portfolio__item-img-wrap\">\n    <div class=\"vp-portfolio__item-img\">\n        \t<a\n\t\thref=\"https:\/\/fotofrangonz.com\/wp-content\/uploads\/2026\/09\/Feria-Marchena-2026-1-Viernes-Francisco-Gonzalez-SOLEMNITY-24.jpg\"\n\t\t\t>\n\t\n        <noscript><img loading=\"lazy\" decoding=\"async\" width=\"1280\" height=\"1920\" data-skip-lazy src=\"https:\/\/fotofrangonz.com\/wp-content\/uploads\/2026\/09\/Feria-Marchena-2026-1-Viernes-Francisco-Gonzalez-SOLEMNITY-24.jpg\" class=\"wp-image-17980\" alt=\"\" srcset=\"https:\/\/fotofrangonz.com\/wp-content\/uploads\/2026\/09\/Feria-Marchena-2026-1-Viernes-Francisco-Gonzalez-SOLEMNITY-24.jpg 1280w, https:\/\/fotofrangonz.com\/wp-content\/uploads\/2026\/09\/Feria-Marchena-2026-1-Viernes-Francisco-Gonzalez-SOLEMNITY-24-200x300.jpg 200w, https:\/\/fotofrangonz.com\/wp-content\/uploads\/2026\/09\/Feria-Marchena-2026-1-Viernes-Francisco-Gonzalez-SOLEMNITY-24-683x1024.jpg 683w, https:\/\/fotofrangonz.com\/wp-content\/uploads\/2026\/09\/Feria-Marchena-2026-1-Viernes-Francisco-Gonzalez-SOLEMNITY-24-1024x1536.jpg 1024w, https:\/\/fotofrangonz.com\/wp-content\/uploads\/2026\/09\/Feria-Marchena-2026-1-Viernes-Francisco-Gonzalez-SOLEMNITY-24-500x750.jpg 500w, https:\/\/fotofrangonz.com\/wp-content\/uploads\/2026\/09\/Feria-Marchena-2026-1-Viernes-Francisco-Gonzalez-SOLEMNITY-24-800x1200.jpg 800w, https:\/\/fotofrangonz.com\/wp-content\/uploads\/2026\/09\/Feria-Marchena-2026-1-Viernes-Francisco-Gonzalez-SOLEMNITY-24-1240x1860.jpg 1240w, https:\/\/fotofrangonz.com\/wp-content\/uploads\/2026\/09\/Feria-Marchena-2026-1-Viernes-Francisco-Gonzalez-SOLEMNITY-24-508x762.jpg 508w\" sizes=\"auto, (max-width: 1280px) 100vw, 1280px\" \/><\/noscript><img decoding=\"async\" width=\"1280\" height=\"1920\" src=\"https:\/\/fotofrangonz.com\/wp-content\/uploads\/2026\/09\/Feria-Marchena-2026-1-Viernes-Francisco-Gonzalez-SOLEMNITY-24.jpg\" class=\"wp-image-17980 vp-lazyload\" alt srcset=\"data:image\/svg+xml;base64,PHN2ZyB3aWR0aD0iMTI4MCIgaGVpZ2h0PSIxOTIwIiB2aWV3Qm94PSIwIDAgMTI4MCAxOTIwIiBmaWxsPSJub25lIiB4bWxucz0iaHR0cDovL3d3dy53My5vcmcvMjAwMC9zdmciPjwvc3ZnPg==\" data-src=\"https:\/\/fotofrangonz.com\/wp-content\/uploads\/2026\/09\/Feria-Marchena-2026-1-Viernes-Francisco-Gonzalez-SOLEMNITY-24.jpg\" data-srcset=\"https:\/\/fotofrangonz.com\/wp-content\/uploads\/2026\/09\/Feria-Marchena-2026-1-Viernes-Francisco-Gonzalez-SOLEMNITY-24.jpg 1280w, https:\/\/fotofrangonz.com\/wp-content\/uploads\/2026\/09\/Feria-Marchena-2026-1-Viernes-Francisco-Gonzalez-SOLEMNITY-24-200x300.jpg 200w, https:\/\/fotofrangonz.com\/wp-content\/uploads\/2026\/09\/Feria-Marchena-2026-1-Viernes-Francisco-Gonzalez-SOLEMNITY-24-683x1024.jpg 683w, https:\/\/fotofrangonz.com\/wp-content\/uploads\/2026\/09\/Feria-Marchena-2026-1-Viernes-Francisco-Gonzalez-SOLEMNITY-24-1024x1536.jpg 1024w, https:\/\/fotofrangonz.com\/wp-content\/uploads\/2026\/09\/Feria-Marchena-2026-1-Viernes-Francisco-Gonzalez-SOLEMNITY-24-500x750.jpg 500w, https:\/\/fotofrangonz.com\/wp-content\/uploads\/2026\/09\/Feria-Marchena-2026-1-Viernes-Francisco-Gonzalez-SOLEMNITY-24-800x1200.jpg 800w, https:\/\/fotofrangonz.com\/wp-content\/uploads\/2026\/09\/Feria-Marchena-2026-1-Viernes-Francisco-Gonzalez-SOLEMNITY-24-1240x1860.jpg 1240w, https:\/\/fotofrangonz.com\/wp-content\/uploads\/2026\/09\/Feria-Marchena-2026-1-Viernes-Francisco-Gonzalez-SOLEMNITY-24-508x762.jpg 508w\" data-sizes=\"auto\" loading=\"eager\">\n        <\/a>    <\/div>\n<\/div>\n\n<figcaption class=\"vp-portfolio__item-overlay vp-portfolio__item-align-center\">\n    <div class=\"vp-portfolio__item-meta-wrap vp-portfolio__custom-scrollbar\">\n        \t<a\n\t\thref=\"https:\/\/fotofrangonz.com\/wp-content\/uploads\/2026\/09\/Feria-Marchena-2026-1-Viernes-Francisco-Gonzalez-SOLEMNITY-24.jpg\"\n\t\ttabindex=\"-1\" class=\"vp-portfolio__item-meta\" \t>\n\t\n        \n        <\/a>    <\/div>\n<\/figcaption>\n\t\t\t<\/figure>\n\t\t\t\t\t<\/div>\n\t\t\n\t\t<div\t\tclass=\"vp-portfolio__item-wrap vp-portfolio__item-uid-da58dc7f\" data-vp-filter=\"\" \t\t>\n\t\t\t<template class=\"vp-portfolio__item-popup\" style=\"display: none\" data-vp-popup-img=\"https:\/\/fotofrangonz.com\/wp-content\/uploads\/2026\/09\/Feria-Marchena-2026-1-Viernes-Francisco-Gonzalez-SOLEMNITY-25.jpg\" data-vp-popup-img-srcset=\"https:\/\/fotofrangonz.com\/wp-content\/uploads\/2026\/09\/Feria-Marchena-2026-1-Viernes-Francisco-Gonzalez-SOLEMNITY-25.jpg 1280w, https:\/\/fotofrangonz.com\/wp-content\/uploads\/2026\/09\/Feria-Marchena-2026-1-Viernes-Francisco-Gonzalez-SOLEMNITY-25-200x300.jpg 200w, https:\/\/fotofrangonz.com\/wp-content\/uploads\/2026\/09\/Feria-Marchena-2026-1-Viernes-Francisco-Gonzalez-SOLEMNITY-25-683x1024.jpg 683w, https:\/\/fotofrangonz.com\/wp-content\/uploads\/2026\/09\/Feria-Marchena-2026-1-Viernes-Francisco-Gonzalez-SOLEMNITY-25-1024x1536.jpg 1024w, https:\/\/fotofrangonz.com\/wp-content\/uploads\/2026\/09\/Feria-Marchena-2026-1-Viernes-Francisco-Gonzalez-SOLEMNITY-25-500x750.jpg 500w, https:\/\/fotofrangonz.com\/wp-content\/uploads\/2026\/09\/Feria-Marchena-2026-1-Viernes-Francisco-Gonzalez-SOLEMNITY-25-800x1200.jpg 800w, https:\/\/fotofrangonz.com\/wp-content\/uploads\/2026\/09\/Feria-Marchena-2026-1-Viernes-Francisco-Gonzalez-SOLEMNITY-25-1240x1860.jpg 1240w, https:\/\/fotofrangonz.com\/wp-content\/uploads\/2026\/09\/Feria-Marchena-2026-1-Viernes-Francisco-Gonzalez-SOLEMNITY-25-508x762.jpg 508w\" data-vp-popup-img-size=\"1280x1920\" data-vp-popup-md-img=\"https:\/\/fotofrangonz.com\/wp-content\/uploads\/2026\/09\/Feria-Marchena-2026-1-Viernes-Francisco-Gonzalez-SOLEMNITY-25-800x1200.jpg\" data-vp-popup-md-img-size=\"800x1200\" data-vp-popup-sm-img=\"https:\/\/fotofrangonz.com\/wp-content\/uploads\/2026\/09\/Feria-Marchena-2026-1-Viernes-Francisco-Gonzalez-SOLEMNITY-25-500x750.jpg\" data-vp-popup-sm-img-size=\"500x750\">\n\t<\/template>\n\t\t\t\t\t\t<figure class=\"vp-portfolio__item\">\n\t\t\t\t\n<div class=\"vp-portfolio__item-img-wrap\">\n    <div class=\"vp-portfolio__item-img\">\n        \t<a\n\t\thref=\"https:\/\/fotofrangonz.com\/wp-content\/uploads\/2026\/09\/Feria-Marchena-2026-1-Viernes-Francisco-Gonzalez-SOLEMNITY-25.jpg\"\n\t\t\t>\n\t\n        <noscript><img loading=\"lazy\" decoding=\"async\" width=\"1280\" height=\"1920\" data-skip-lazy src=\"https:\/\/fotofrangonz.com\/wp-content\/uploads\/2026\/09\/Feria-Marchena-2026-1-Viernes-Francisco-Gonzalez-SOLEMNITY-25.jpg\" class=\"wp-image-17981\" alt=\"\" srcset=\"https:\/\/fotofrangonz.com\/wp-content\/uploads\/2026\/09\/Feria-Marchena-2026-1-Viernes-Francisco-Gonzalez-SOLEMNITY-25.jpg 1280w, https:\/\/fotofrangonz.com\/wp-content\/uploads\/2026\/09\/Feria-Marchena-2026-1-Viernes-Francisco-Gonzalez-SOLEMNITY-25-200x300.jpg 200w, https:\/\/fotofrangonz.com\/wp-content\/uploads\/2026\/09\/Feria-Marchena-2026-1-Viernes-Francisco-Gonzalez-SOLEMNITY-25-683x1024.jpg 683w, https:\/\/fotofrangonz.com\/wp-content\/uploads\/2026\/09\/Feria-Marchena-2026-1-Viernes-Francisco-Gonzalez-SOLEMNITY-25-1024x1536.jpg 1024w, https:\/\/fotofrangonz.com\/wp-content\/uploads\/2026\/09\/Feria-Marchena-2026-1-Viernes-Francisco-Gonzalez-SOLEMNITY-25-500x750.jpg 500w, https:\/\/fotofrangonz.com\/wp-content\/uploads\/2026\/09\/Feria-Marchena-2026-1-Viernes-Francisco-Gonzalez-SOLEMNITY-25-800x1200.jpg 800w, https:\/\/fotofrangonz.com\/wp-content\/uploads\/2026\/09\/Feria-Marchena-2026-1-Viernes-Francisco-Gonzalez-SOLEMNITY-25-1240x1860.jpg 1240w, https:\/\/fotofrangonz.com\/wp-content\/uploads\/2026\/09\/Feria-Marchena-2026-1-Viernes-Francisco-Gonzalez-SOLEMNITY-25-508x762.jpg 508w\" sizes=\"auto, (max-width: 1280px) 100vw, 1280px\" \/><\/noscript><img decoding=\"async\" width=\"1280\" height=\"1920\" src=\"https:\/\/fotofrangonz.com\/wp-content\/uploads\/2026\/09\/Feria-Marchena-2026-1-Viernes-Francisco-Gonzalez-SOLEMNITY-25.jpg\" class=\"wp-image-17981 vp-lazyload\" alt srcset=\"data:image\/svg+xml;base64,PHN2ZyB3aWR0aD0iMTI4MCIgaGVpZ2h0PSIxOTIwIiB2aWV3Qm94PSIwIDAgMTI4MCAxOTIwIiBmaWxsPSJub25lIiB4bWxucz0iaHR0cDovL3d3dy53My5vcmcvMjAwMC9zdmciPjwvc3ZnPg==\" data-src=\"https:\/\/fotofrangonz.com\/wp-content\/uploads\/2026\/09\/Feria-Marchena-2026-1-Viernes-Francisco-Gonzalez-SOLEMNITY-25.jpg\" data-srcset=\"https:\/\/fotofrangonz.com\/wp-content\/uploads\/2026\/09\/Feria-Marchena-2026-1-Viernes-Francisco-Gonzalez-SOLEMNITY-25.jpg 1280w, https:\/\/fotofrangonz.com\/wp-content\/uploads\/2026\/09\/Feria-Marchena-2026-1-Viernes-Francisco-Gonzalez-SOLEMNITY-25-200x300.jpg 200w, https:\/\/fotofrangonz.com\/wp-content\/uploads\/2026\/09\/Feria-Marchena-2026-1-Viernes-Francisco-Gonzalez-SOLEMNITY-25-683x1024.jpg 683w, https:\/\/fotofrangonz.com\/wp-content\/uploads\/2026\/09\/Feria-Marchena-2026-1-Viernes-Francisco-Gonzalez-SOLEMNITY-25-1024x1536.jpg 1024w, https:\/\/fotofrangonz.com\/wp-content\/uploads\/2026\/09\/Feria-Marchena-2026-1-Viernes-Francisco-Gonzalez-SOLEMNITY-25-500x750.jpg 500w, https:\/\/fotofrangonz.com\/wp-content\/uploads\/2026\/09\/Feria-Marchena-2026-1-Viernes-Francisco-Gonzalez-SOLEMNITY-25-800x1200.jpg 800w, https:\/\/fotofrangonz.com\/wp-content\/uploads\/2026\/09\/Feria-Marchena-2026-1-Viernes-Francisco-Gonzalez-SOLEMNITY-25-1240x1860.jpg 1240w, https:\/\/fotofrangonz.com\/wp-content\/uploads\/2026\/09\/Feria-Marchena-2026-1-Viernes-Francisco-Gonzalez-SOLEMNITY-25-508x762.jpg 508w\" data-sizes=\"auto\" loading=\"eager\">\n        <\/a>    <\/div>\n<\/div>\n\n<figcaption class=\"vp-portfolio__item-overlay vp-portfolio__item-align-center\">\n    <div class=\"vp-portfolio__item-meta-wrap vp-portfolio__custom-scrollbar\">\n        \t<a\n\t\thref=\"https:\/\/fotofrangonz.com\/wp-content\/uploads\/2026\/09\/Feria-Marchena-2026-1-Viernes-Francisco-Gonzalez-SOLEMNITY-25.jpg\"\n\t\ttabindex=\"-1\" class=\"vp-portfolio__item-meta\" \t>\n\t\n        \n        <\/a>    <\/div>\n<\/figcaption>\n\t\t\t<\/figure>\n\t\t\t\t\t<\/div>\n\t\t\n\t\t<div\t\tclass=\"vp-portfolio__item-wrap vp-portfolio__item-uid-880d5e60\" data-vp-filter=\"\" \t\t>\n\t\t\t<template class=\"vp-portfolio__item-popup\" style=\"display: none\" data-vp-popup-img=\"https:\/\/fotofrangonz.com\/wp-content\/uploads\/2026\/09\/Feria-Marchena-2026-1-Viernes-Francisco-Gonzalez-SOLEMNITY-26.jpg\" data-vp-popup-img-srcset=\"https:\/\/fotofrangonz.com\/wp-content\/uploads\/2026\/09\/Feria-Marchena-2026-1-Viernes-Francisco-Gonzalez-SOLEMNITY-26.jpg 1280w, https:\/\/fotofrangonz.com\/wp-content\/uploads\/2026\/09\/Feria-Marchena-2026-1-Viernes-Francisco-Gonzalez-SOLEMNITY-26-200x300.jpg 200w, https:\/\/fotofrangonz.com\/wp-content\/uploads\/2026\/09\/Feria-Marchena-2026-1-Viernes-Francisco-Gonzalez-SOLEMNITY-26-683x1024.jpg 683w, https:\/\/fotofrangonz.com\/wp-content\/uploads\/2026\/09\/Feria-Marchena-2026-1-Viernes-Francisco-Gonzalez-SOLEMNITY-26-1024x1536.jpg 1024w, https:\/\/fotofrangonz.com\/wp-content\/uploads\/2026\/09\/Feria-Marchena-2026-1-Viernes-Francisco-Gonzalez-SOLEMNITY-26-500x750.jpg 500w, https:\/\/fotofrangonz.com\/wp-content\/uploads\/2026\/09\/Feria-Marchena-2026-1-Viernes-Francisco-Gonzalez-SOLEMNITY-26-800x1200.jpg 800w, https:\/\/fotofrangonz.com\/wp-content\/uploads\/2026\/09\/Feria-Marchena-2026-1-Viernes-Francisco-Gonzalez-SOLEMNITY-26-1240x1860.jpg 1240w, https:\/\/fotofrangonz.com\/wp-content\/uploads\/2026\/09\/Feria-Marchena-2026-1-Viernes-Francisco-Gonzalez-SOLEMNITY-26-508x762.jpg 508w\" data-vp-popup-img-size=\"1280x1920\" data-vp-popup-md-img=\"https:\/\/fotofrangonz.com\/wp-content\/uploads\/2026\/09\/Feria-Marchena-2026-1-Viernes-Francisco-Gonzalez-SOLEMNITY-26-800x1200.jpg\" data-vp-popup-md-img-size=\"800x1200\" data-vp-popup-sm-img=\"https:\/\/fotofrangonz.com\/wp-content\/uploads\/2026\/09\/Feria-Marchena-2026-1-Viernes-Francisco-Gonzalez-SOLEMNITY-26-500x750.jpg\" data-vp-popup-sm-img-size=\"500x750\">\n\t<\/template>\n\t\t\t\t\t\t<figure class=\"vp-portfolio__item\">\n\t\t\t\t\n<div class=\"vp-portfolio__item-img-wrap\">\n    <div class=\"vp-portfolio__item-img\">\n        \t<a\n\t\thref=\"https:\/\/fotofrangonz.com\/wp-content\/uploads\/2026\/09\/Feria-Marchena-2026-1-Viernes-Francisco-Gonzalez-SOLEMNITY-26.jpg\"\n\t\t\t>\n\t\n        <noscript><img loading=\"lazy\" decoding=\"async\" width=\"1280\" height=\"1920\" data-skip-lazy src=\"https:\/\/fotofrangonz.com\/wp-content\/uploads\/2026\/09\/Feria-Marchena-2026-1-Viernes-Francisco-Gonzalez-SOLEMNITY-26.jpg\" class=\"wp-image-17982\" alt=\"\" srcset=\"https:\/\/fotofrangonz.com\/wp-content\/uploads\/2026\/09\/Feria-Marchena-2026-1-Viernes-Francisco-Gonzalez-SOLEMNITY-26.jpg 1280w, https:\/\/fotofrangonz.com\/wp-content\/uploads\/2026\/09\/Feria-Marchena-2026-1-Viernes-Francisco-Gonzalez-SOLEMNITY-26-200x300.jpg 200w, https:\/\/fotofrangonz.com\/wp-content\/uploads\/2026\/09\/Feria-Marchena-2026-1-Viernes-Francisco-Gonzalez-SOLEMNITY-26-683x1024.jpg 683w, https:\/\/fotofrangonz.com\/wp-content\/uploads\/2026\/09\/Feria-Marchena-2026-1-Viernes-Francisco-Gonzalez-SOLEMNITY-26-1024x1536.jpg 1024w, https:\/\/fotofrangonz.com\/wp-content\/uploads\/2026\/09\/Feria-Marchena-2026-1-Viernes-Francisco-Gonzalez-SOLEMNITY-26-500x750.jpg 500w, https:\/\/fotofrangonz.com\/wp-content\/uploads\/2026\/09\/Feria-Marchena-2026-1-Viernes-Francisco-Gonzalez-SOLEMNITY-26-800x1200.jpg 800w, https:\/\/fotofrangonz.com\/wp-content\/uploads\/2026\/09\/Feria-Marchena-2026-1-Viernes-Francisco-Gonzalez-SOLEMNITY-26-1240x1860.jpg 1240w, https:\/\/fotofrangonz.com\/wp-content\/uploads\/2026\/09\/Feria-Marchena-2026-1-Viernes-Francisco-Gonzalez-SOLEMNITY-26-508x762.jpg 508w\" sizes=\"auto, (max-width: 1280px) 100vw, 1280px\" \/><\/noscript><img decoding=\"async\" width=\"1280\" height=\"1920\" src=\"https:\/\/fotofrangonz.com\/wp-content\/uploads\/2026\/09\/Feria-Marchena-2026-1-Viernes-Francisco-Gonzalez-SOLEMNITY-26.jpg\" class=\"wp-image-17982 vp-lazyload\" alt srcset=\"data:image\/svg+xml;base64,PHN2ZyB3aWR0aD0iMTI4MCIgaGVpZ2h0PSIxOTIwIiB2aWV3Qm94PSIwIDAgMTI4MCAxOTIwIiBmaWxsPSJub25lIiB4bWxucz0iaHR0cDovL3d3dy53My5vcmcvMjAwMC9zdmciPjwvc3ZnPg==\" data-src=\"https:\/\/fotofrangonz.com\/wp-content\/uploads\/2026\/09\/Feria-Marchena-2026-1-Viernes-Francisco-Gonzalez-SOLEMNITY-26.jpg\" data-srcset=\"https:\/\/fotofrangonz.com\/wp-content\/uploads\/2026\/09\/Feria-Marchena-2026-1-Viernes-Francisco-Gonzalez-SOLEMNITY-26.jpg 1280w, https:\/\/fotofrangonz.com\/wp-content\/uploads\/2026\/09\/Feria-Marchena-2026-1-Viernes-Francisco-Gonzalez-SOLEMNITY-26-200x300.jpg 200w, https:\/\/fotofrangonz.com\/wp-content\/uploads\/2026\/09\/Feria-Marchena-2026-1-Viernes-Francisco-Gonzalez-SOLEMNITY-26-683x1024.jpg 683w, https:\/\/fotofrangonz.com\/wp-content\/uploads\/2026\/09\/Feria-Marchena-2026-1-Viernes-Francisco-Gonzalez-SOLEMNITY-26-1024x1536.jpg 1024w, https:\/\/fotofrangonz.com\/wp-content\/uploads\/2026\/09\/Feria-Marchena-2026-1-Viernes-Francisco-Gonzalez-SOLEMNITY-26-500x750.jpg 500w, https:\/\/fotofrangonz.com\/wp-content\/uploads\/2026\/09\/Feria-Marchena-2026-1-Viernes-Francisco-Gonzalez-SOLEMNITY-26-800x1200.jpg 800w, https:\/\/fotofrangonz.com\/wp-content\/uploads\/2026\/09\/Feria-Marchena-2026-1-Viernes-Francisco-Gonzalez-SOLEMNITY-26-1240x1860.jpg 1240w, https:\/\/fotofrangonz.com\/wp-content\/uploads\/2026\/09\/Feria-Marchena-2026-1-Viernes-Francisco-Gonzalez-SOLEMNITY-26-508x762.jpg 508w\" data-sizes=\"auto\" loading=\"eager\">\n        <\/a>    <\/div>\n<\/div>\n\n<figcaption class=\"vp-portfolio__item-overlay vp-portfolio__item-align-center\">\n    <div class=\"vp-portfolio__item-meta-wrap vp-portfolio__custom-scrollbar\">\n        \t<a\n\t\thref=\"https:\/\/fotofrangonz.com\/wp-content\/uploads\/2026\/09\/Feria-Marchena-2026-1-Viernes-Francisco-Gonzalez-SOLEMNITY-26.jpg\"\n\t\ttabindex=\"-1\" class=\"vp-portfolio__item-meta\" \t>\n\t\n        \n        <\/a>    <\/div>\n<\/figcaption>\n\t\t\t<\/figure>\n\t\t\t\t\t<\/div>\n\t\t\n\t\t<div\t\tclass=\"vp-portfolio__item-wrap vp-portfolio__item-uid-799e1c58\" data-vp-filter=\"\" \t\t>\n\t\t\t<template class=\"vp-portfolio__item-popup\" style=\"display: none\" data-vp-popup-img=\"https:\/\/fotofrangonz.com\/wp-content\/uploads\/2026\/09\/Feria-Marchena-2026-1-Viernes-Francisco-Gonzalez-SOLEMNITY-27.jpg\" data-vp-popup-img-srcset=\"https:\/\/fotofrangonz.com\/wp-content\/uploads\/2026\/09\/Feria-Marchena-2026-1-Viernes-Francisco-Gonzalez-SOLEMNITY-27.jpg 1920w, https:\/\/fotofrangonz.com\/wp-content\/uploads\/2026\/09\/Feria-Marchena-2026-1-Viernes-Francisco-Gonzalez-SOLEMNITY-27-300x200.jpg 300w, https:\/\/fotofrangonz.com\/wp-content\/uploads\/2026\/09\/Feria-Marchena-2026-1-Viernes-Francisco-Gonzalez-SOLEMNITY-27-1024x683.jpg 1024w, https:\/\/fotofrangonz.com\/wp-content\/uploads\/2026\/09\/Feria-Marchena-2026-1-Viernes-Francisco-Gonzalez-SOLEMNITY-27-1536x1024.jpg 1536w, https:\/\/fotofrangonz.com\/wp-content\/uploads\/2026\/09\/Feria-Marchena-2026-1-Viernes-Francisco-Gonzalez-SOLEMNITY-27-500x333.jpg 500w, https:\/\/fotofrangonz.com\/wp-content\/uploads\/2026\/09\/Feria-Marchena-2026-1-Viernes-Francisco-Gonzalez-SOLEMNITY-27-800x533.jpg 800w, https:\/\/fotofrangonz.com\/wp-content\/uploads\/2026\/09\/Feria-Marchena-2026-1-Viernes-Francisco-Gonzalez-SOLEMNITY-27-1280x853.jpg 1280w, https:\/\/fotofrangonz.com\/wp-content\/uploads\/2026\/09\/Feria-Marchena-2026-1-Viernes-Francisco-Gonzalez-SOLEMNITY-27-1240x827.jpg 1240w, https:\/\/fotofrangonz.com\/wp-content\/uploads\/2026\/09\/Feria-Marchena-2026-1-Viernes-Francisco-Gonzalez-SOLEMNITY-27-508x339.jpg 508w\" data-vp-popup-img-size=\"1920x1280\" data-vp-popup-md-img=\"https:\/\/fotofrangonz.com\/wp-content\/uploads\/2026\/09\/Feria-Marchena-2026-1-Viernes-Francisco-Gonzalez-SOLEMNITY-27-800x533.jpg\" data-vp-popup-md-img-size=\"800x533\" data-vp-popup-sm-img=\"https:\/\/fotofrangonz.com\/wp-content\/uploads\/2026\/09\/Feria-Marchena-2026-1-Viernes-Francisco-Gonzalez-SOLEMNITY-27-500x333.jpg\" data-vp-popup-sm-img-size=\"500x333\">\n\t<\/template>\n\t\t\t\t\t\t<figure class=\"vp-portfolio__item\">\n\t\t\t\t\n<div class=\"vp-portfolio__item-img-wrap\">\n    <div class=\"vp-portfolio__item-img\">\n        \t<a\n\t\thref=\"https:\/\/fotofrangonz.com\/wp-content\/uploads\/2026\/09\/Feria-Marchena-2026-1-Viernes-Francisco-Gonzalez-SOLEMNITY-27.jpg\"\n\t\t\t>\n\t\n        <noscript><img loading=\"lazy\" decoding=\"async\" width=\"1920\" height=\"1280\" data-skip-lazy src=\"https:\/\/fotofrangonz.com\/wp-content\/uploads\/2026\/09\/Feria-Marchena-2026-1-Viernes-Francisco-Gonzalez-SOLEMNITY-27.jpg\" class=\"wp-image-17983\" alt=\"\" srcset=\"https:\/\/fotofrangonz.com\/wp-content\/uploads\/2026\/09\/Feria-Marchena-2026-1-Viernes-Francisco-Gonzalez-SOLEMNITY-27.jpg 1920w, https:\/\/fotofrangonz.com\/wp-content\/uploads\/2026\/09\/Feria-Marchena-2026-1-Viernes-Francisco-Gonzalez-SOLEMNITY-27-300x200.jpg 300w, https:\/\/fotofrangonz.com\/wp-content\/uploads\/2026\/09\/Feria-Marchena-2026-1-Viernes-Francisco-Gonzalez-SOLEMNITY-27-1024x683.jpg 1024w, https:\/\/fotofrangonz.com\/wp-content\/uploads\/2026\/09\/Feria-Marchena-2026-1-Viernes-Francisco-Gonzalez-SOLEMNITY-27-1536x1024.jpg 1536w, https:\/\/fotofrangonz.com\/wp-content\/uploads\/2026\/09\/Feria-Marchena-2026-1-Viernes-Francisco-Gonzalez-SOLEMNITY-27-500x333.jpg 500w, https:\/\/fotofrangonz.com\/wp-content\/uploads\/2026\/09\/Feria-Marchena-2026-1-Viernes-Francisco-Gonzalez-SOLEMNITY-27-800x533.jpg 800w, https:\/\/fotofrangonz.com\/wp-content\/uploads\/2026\/09\/Feria-Marchena-2026-1-Viernes-Francisco-Gonzalez-SOLEMNITY-27-1280x853.jpg 1280w, https:\/\/fotofrangonz.com\/wp-content\/uploads\/2026\/09\/Feria-Marchena-2026-1-Viernes-Francisco-Gonzalez-SOLEMNITY-27-1240x827.jpg 1240w, https:\/\/fotofrangonz.com\/wp-content\/uploads\/2026\/09\/Feria-Marchena-2026-1-Viernes-Francisco-Gonzalez-SOLEMNITY-27-508x339.jpg 508w\" sizes=\"auto, (max-width: 1920px) 100vw, 1920px\" \/><\/noscript><img decoding=\"async\" width=\"1920\" height=\"1280\" src=\"https:\/\/fotofrangonz.com\/wp-content\/uploads\/2026\/09\/Feria-Marchena-2026-1-Viernes-Francisco-Gonzalez-SOLEMNITY-27.jpg\" class=\"wp-image-17983 vp-lazyload\" alt srcset=\"data:image\/svg+xml;base64,PHN2ZyB3aWR0aD0iMTkyMCIgaGVpZ2h0PSIxMjgwIiB2aWV3Qm94PSIwIDAgMTkyMCAxMjgwIiBmaWxsPSJub25lIiB4bWxucz0iaHR0cDovL3d3dy53My5vcmcvMjAwMC9zdmciPjwvc3ZnPg==\" data-src=\"https:\/\/fotofrangonz.com\/wp-content\/uploads\/2026\/09\/Feria-Marchena-2026-1-Viernes-Francisco-Gonzalez-SOLEMNITY-27.jpg\" data-srcset=\"https:\/\/fotofrangonz.com\/wp-content\/uploads\/2026\/09\/Feria-Marchena-2026-1-Viernes-Francisco-Gonzalez-SOLEMNITY-27.jpg 1920w, https:\/\/fotofrangonz.com\/wp-content\/uploads\/2026\/09\/Feria-Marchena-2026-1-Viernes-Francisco-Gonzalez-SOLEMNITY-27-300x200.jpg 300w, https:\/\/fotofrangonz.com\/wp-content\/uploads\/2026\/09\/Feria-Marchena-2026-1-Viernes-Francisco-Gonzalez-SOLEMNITY-27-1024x683.jpg 1024w, https:\/\/fotofrangonz.com\/wp-content\/uploads\/2026\/09\/Feria-Marchena-2026-1-Viernes-Francisco-Gonzalez-SOLEMNITY-27-1536x1024.jpg 1536w, https:\/\/fotofrangonz.com\/wp-content\/uploads\/2026\/09\/Feria-Marchena-2026-1-Viernes-Francisco-Gonzalez-SOLEMNITY-27-500x333.jpg 500w, https:\/\/fotofrangonz.com\/wp-content\/uploads\/2026\/09\/Feria-Marchena-2026-1-Viernes-Francisco-Gonzalez-SOLEMNITY-27-800x533.jpg 800w, https:\/\/fotofrangonz.com\/wp-content\/uploads\/2026\/09\/Feria-Marchena-2026-1-Viernes-Francisco-Gonzalez-SOLEMNITY-27-1280x853.jpg 1280w, https:\/\/fotofrangonz.com\/wp-content\/uploads\/2026\/09\/Feria-Marchena-2026-1-Viernes-Francisco-Gonzalez-SOLEMNITY-27-1240x827.jpg 1240w, https:\/\/fotofrangonz.com\/wp-content\/uploads\/2026\/09\/Feria-Marchena-2026-1-Viernes-Francisco-Gonzalez-SOLEMNITY-27-508x339.jpg 508w\" data-sizes=\"auto\" loading=\"eager\">\n        <\/a>    <\/div>\n<\/div>\n\n<figcaption class=\"vp-portfolio__item-overlay vp-portfolio__item-align-center\">\n    <div class=\"vp-portfolio__item-meta-wrap vp-portfolio__custom-scrollbar\">\n        \t<a\n\t\thref=\"https:\/\/fotofrangonz.com\/wp-content\/uploads\/2026\/09\/Feria-Marchena-2026-1-Viernes-Francisco-Gonzalez-SOLEMNITY-27.jpg\"\n\t\ttabindex=\"-1\" class=\"vp-portfolio__item-meta\" \t>\n\t\n        \n        <\/a>    <\/div>\n<\/figcaption>\n\t\t\t<\/figure>\n\t\t\t\t\t<\/div>\n\t\t\n\t\t<div\t\tclass=\"vp-portfolio__item-wrap vp-portfolio__item-uid-2ca65a5e\" data-vp-filter=\"\" \t\t>\n\t\t\t<template class=\"vp-portfolio__item-popup\" style=\"display: none\" data-vp-popup-img=\"https:\/\/fotofrangonz.com\/wp-content\/uploads\/2026\/09\/Feria-Marchena-2026-1-Viernes-Francisco-Gonzalez-SOLEMNITY-28.jpg\" data-vp-popup-img-srcset=\"https:\/\/fotofrangonz.com\/wp-content\/uploads\/2026\/09\/Feria-Marchena-2026-1-Viernes-Francisco-Gonzalez-SOLEMNITY-28.jpg 1280w, https:\/\/fotofrangonz.com\/wp-content\/uploads\/2026\/09\/Feria-Marchena-2026-1-Viernes-Francisco-Gonzalez-SOLEMNITY-28-200x300.jpg 200w, https:\/\/fotofrangonz.com\/wp-content\/uploads\/2026\/09\/Feria-Marchena-2026-1-Viernes-Francisco-Gonzalez-SOLEMNITY-28-683x1024.jpg 683w, https:\/\/fotofrangonz.com\/wp-content\/uploads\/2026\/09\/Feria-Marchena-2026-1-Viernes-Francisco-Gonzalez-SOLEMNITY-28-1024x1536.jpg 1024w, https:\/\/fotofrangonz.com\/wp-content\/uploads\/2026\/09\/Feria-Marchena-2026-1-Viernes-Francisco-Gonzalez-SOLEMNITY-28-500x750.jpg 500w, https:\/\/fotofrangonz.com\/wp-content\/uploads\/2026\/09\/Feria-Marchena-2026-1-Viernes-Francisco-Gonzalez-SOLEMNITY-28-800x1200.jpg 800w, https:\/\/fotofrangonz.com\/wp-content\/uploads\/2026\/09\/Feria-Marchena-2026-1-Viernes-Francisco-Gonzalez-SOLEMNITY-28-1240x1860.jpg 1240w, https:\/\/fotofrangonz.com\/wp-content\/uploads\/2026\/09\/Feria-Marchena-2026-1-Viernes-Francisco-Gonzalez-SOLEMNITY-28-508x762.jpg 508w\" data-vp-popup-img-size=\"1280x1920\" data-vp-popup-md-img=\"https:\/\/fotofrangonz.com\/wp-content\/uploads\/2026\/09\/Feria-Marchena-2026-1-Viernes-Francisco-Gonzalez-SOLEMNITY-28-800x1200.jpg\" data-vp-popup-md-img-size=\"800x1200\" data-vp-popup-sm-img=\"https:\/\/fotofrangonz.com\/wp-content\/uploads\/2026\/09\/Feria-Marchena-2026-1-Viernes-Francisco-Gonzalez-SOLEMNITY-28-500x750.jpg\" data-vp-popup-sm-img-size=\"500x750\">\n\t<\/template>\n\t\t\t\t\t\t<figure class=\"vp-portfolio__item\">\n\t\t\t\t\n<div class=\"vp-portfolio__item-img-wrap\">\n    <div class=\"vp-portfolio__item-img\">\n        \t<a\n\t\thref=\"https:\/\/fotofrangonz.com\/wp-content\/uploads\/2026\/09\/Feria-Marchena-2026-1-Viernes-Francisco-Gonzalez-SOLEMNITY-28.jpg\"\n\t\t\t>\n\t\n        <noscript><img loading=\"lazy\" decoding=\"async\" width=\"1280\" height=\"1920\" data-skip-lazy src=\"https:\/\/fotofrangonz.com\/wp-content\/uploads\/2026\/09\/Feria-Marchena-2026-1-Viernes-Francisco-Gonzalez-SOLEMNITY-28.jpg\" class=\"wp-image-17984\" alt=\"\" srcset=\"https:\/\/fotofrangonz.com\/wp-content\/uploads\/2026\/09\/Feria-Marchena-2026-1-Viernes-Francisco-Gonzalez-SOLEMNITY-28.jpg 1280w, https:\/\/fotofrangonz.com\/wp-content\/uploads\/2026\/09\/Feria-Marchena-2026-1-Viernes-Francisco-Gonzalez-SOLEMNITY-28-200x300.jpg 200w, https:\/\/fotofrangonz.com\/wp-content\/uploads\/2026\/09\/Feria-Marchena-2026-1-Viernes-Francisco-Gonzalez-SOLEMNITY-28-683x1024.jpg 683w, https:\/\/fotofrangonz.com\/wp-content\/uploads\/2026\/09\/Feria-Marchena-2026-1-Viernes-Francisco-Gonzalez-SOLEMNITY-28-1024x1536.jpg 1024w, https:\/\/fotofrangonz.com\/wp-content\/uploads\/2026\/09\/Feria-Marchena-2026-1-Viernes-Francisco-Gonzalez-SOLEMNITY-28-500x750.jpg 500w, https:\/\/fotofrangonz.com\/wp-content\/uploads\/2026\/09\/Feria-Marchena-2026-1-Viernes-Francisco-Gonzalez-SOLEMNITY-28-800x1200.jpg 800w, https:\/\/fotofrangonz.com\/wp-content\/uploads\/2026\/09\/Feria-Marchena-2026-1-Viernes-Francisco-Gonzalez-SOLEMNITY-28-1240x1860.jpg 1240w, https:\/\/fotofrangonz.com\/wp-content\/uploads\/2026\/09\/Feria-Marchena-2026-1-Viernes-Francisco-Gonzalez-SOLEMNITY-28-508x762.jpg 508w\" sizes=\"auto, (max-width: 1280px) 100vw, 1280px\" \/><\/noscript><img decoding=\"async\" width=\"1280\" height=\"1920\" src=\"https:\/\/fotofrangonz.com\/wp-content\/uploads\/2026\/09\/Feria-Marchena-2026-1-Viernes-Francisco-Gonzalez-SOLEMNITY-28.jpg\" class=\"wp-image-17984 vp-lazyload\" alt srcset=\"data:image\/svg+xml;base64,PHN2ZyB3aWR0aD0iMTI4MCIgaGVpZ2h0PSIxOTIwIiB2aWV3Qm94PSIwIDAgMTI4MCAxOTIwIiBmaWxsPSJub25lIiB4bWxucz0iaHR0cDovL3d3dy53My5vcmcvMjAwMC9zdmciPjwvc3ZnPg==\" data-src=\"https:\/\/fotofrangonz.com\/wp-content\/uploads\/2026\/09\/Feria-Marchena-2026-1-Viernes-Francisco-Gonzalez-SOLEMNITY-28.jpg\" data-srcset=\"https:\/\/fotofrangonz.com\/wp-content\/uploads\/2026\/09\/Feria-Marchena-2026-1-Viernes-Francisco-Gonzalez-SOLEMNITY-28.jpg 1280w, https:\/\/fotofrangonz.com\/wp-content\/uploads\/2026\/09\/Feria-Marchena-2026-1-Viernes-Francisco-Gonzalez-SOLEMNITY-28-200x300.jpg 200w, https:\/\/fotofrangonz.com\/wp-content\/uploads\/2026\/09\/Feria-Marchena-2026-1-Viernes-Francisco-Gonzalez-SOLEMNITY-28-683x1024.jpg 683w, https:\/\/fotofrangonz.com\/wp-content\/uploads\/2026\/09\/Feria-Marchena-2026-1-Viernes-Francisco-Gonzalez-SOLEMNITY-28-1024x1536.jpg 1024w, https:\/\/fotofrangonz.com\/wp-content\/uploads\/2026\/09\/Feria-Marchena-2026-1-Viernes-Francisco-Gonzalez-SOLEMNITY-28-500x750.jpg 500w, https:\/\/fotofrangonz.com\/wp-content\/uploads\/2026\/09\/Feria-Marchena-2026-1-Viernes-Francisco-Gonzalez-SOLEMNITY-28-800x1200.jpg 800w, https:\/\/fotofrangonz.com\/wp-content\/uploads\/2026\/09\/Feria-Marchena-2026-1-Viernes-Francisco-Gonzalez-SOLEMNITY-28-1240x1860.jpg 1240w, https:\/\/fotofrangonz.com\/wp-content\/uploads\/2026\/09\/Feria-Marchena-2026-1-Viernes-Francisco-Gonzalez-SOLEMNITY-28-508x762.jpg 508w\" data-sizes=\"auto\" loading=\"eager\">\n        <\/a>    <\/div>\n<\/div>\n\n<figcaption class=\"vp-portfolio__item-overlay vp-portfolio__item-align-center\">\n    <div class=\"vp-portfolio__item-meta-wrap vp-portfolio__custom-scrollbar\">\n        \t<a\n\t\thref=\"https:\/\/fotofrangonz.com\/wp-content\/uploads\/2026\/09\/Feria-Marchena-2026-1-Viernes-Francisco-Gonzalez-SOLEMNITY-28.jpg\"\n\t\ttabindex=\"-1\" class=\"vp-portfolio__item-meta\" \t>\n\t\n        \n        <\/a>    <\/div>\n<\/figcaption>\n\t\t\t<\/figure>\n\t\t\t\t\t<\/div>\n\t\t\n\t\t<div\t\tclass=\"vp-portfolio__item-wrap vp-portfolio__item-uid-aaf7d81d\" data-vp-filter=\"\" \t\t>\n\t\t\t<template class=\"vp-portfolio__item-popup\" style=\"display: none\" data-vp-popup-img=\"https:\/\/fotofrangonz.com\/wp-content\/uploads\/2026\/09\/Feria-Marchena-2026-1-Viernes-Francisco-Gonzalez-SOLEMNITY-29.jpg\" data-vp-popup-img-srcset=\"https:\/\/fotofrangonz.com\/wp-content\/uploads\/2026\/09\/Feria-Marchena-2026-1-Viernes-Francisco-Gonzalez-SOLEMNITY-29.jpg 1280w, https:\/\/fotofrangonz.com\/wp-content\/uploads\/2026\/09\/Feria-Marchena-2026-1-Viernes-Francisco-Gonzalez-SOLEMNITY-29-200x300.jpg 200w, https:\/\/fotofrangonz.com\/wp-content\/uploads\/2026\/09\/Feria-Marchena-2026-1-Viernes-Francisco-Gonzalez-SOLEMNITY-29-683x1024.jpg 683w, https:\/\/fotofrangonz.com\/wp-content\/uploads\/2026\/09\/Feria-Marchena-2026-1-Viernes-Francisco-Gonzalez-SOLEMNITY-29-1024x1536.jpg 1024w, https:\/\/fotofrangonz.com\/wp-content\/uploads\/2026\/09\/Feria-Marchena-2026-1-Viernes-Francisco-Gonzalez-SOLEMNITY-29-500x750.jpg 500w, https:\/\/fotofrangonz.com\/wp-content\/uploads\/2026\/09\/Feria-Marchena-2026-1-Viernes-Francisco-Gonzalez-SOLEMNITY-29-800x1200.jpg 800w, https:\/\/fotofrangonz.com\/wp-content\/uploads\/2026\/09\/Feria-Marchena-2026-1-Viernes-Francisco-Gonzalez-SOLEMNITY-29-1240x1860.jpg 1240w, https:\/\/fotofrangonz.com\/wp-content\/uploads\/2026\/09\/Feria-Marchena-2026-1-Viernes-Francisco-Gonzalez-SOLEMNITY-29-508x762.jpg 508w\" data-vp-popup-img-size=\"1280x1920\" data-vp-popup-md-img=\"https:\/\/fotofrangonz.com\/wp-content\/uploads\/2026\/09\/Feria-Marchena-2026-1-Viernes-Francisco-Gonzalez-SOLEMNITY-29-800x1200.jpg\" data-vp-popup-md-img-size=\"800x1200\" data-vp-popup-sm-img=\"https:\/\/fotofrangonz.com\/wp-content\/uploads\/2026\/09\/Feria-Marchena-2026-1-Viernes-Francisco-Gonzalez-SOLEMNITY-29-500x750.jpg\" data-vp-popup-sm-img-size=\"500x750\">\n\t<\/template>\n\t\t\t\t\t\t<figure class=\"vp-portfolio__item\">\n\t\t\t\t\n<div class=\"vp-portfolio__item-img-wrap\">\n    <div class=\"vp-portfolio__item-img\">\n        \t<a\n\t\thref=\"https:\/\/fotofrangonz.com\/wp-content\/uploads\/2026\/09\/Feria-Marchena-2026-1-Viernes-Francisco-Gonzalez-SOLEMNITY-29.jpg\"\n\t\t\t>\n\t\n        <noscript><img loading=\"lazy\" decoding=\"async\" width=\"1280\" height=\"1920\" data-skip-lazy src=\"https:\/\/fotofrangonz.com\/wp-content\/uploads\/2026\/09\/Feria-Marchena-2026-1-Viernes-Francisco-Gonzalez-SOLEMNITY-29.jpg\" class=\"wp-image-17985\" alt=\"\" srcset=\"https:\/\/fotofrangonz.com\/wp-content\/uploads\/2026\/09\/Feria-Marchena-2026-1-Viernes-Francisco-Gonzalez-SOLEMNITY-29.jpg 1280w, https:\/\/fotofrangonz.com\/wp-content\/uploads\/2026\/09\/Feria-Marchena-2026-1-Viernes-Francisco-Gonzalez-SOLEMNITY-29-200x300.jpg 200w, https:\/\/fotofrangonz.com\/wp-content\/uploads\/2026\/09\/Feria-Marchena-2026-1-Viernes-Francisco-Gonzalez-SOLEMNITY-29-683x1024.jpg 683w, https:\/\/fotofrangonz.com\/wp-content\/uploads\/2026\/09\/Feria-Marchena-2026-1-Viernes-Francisco-Gonzalez-SOLEMNITY-29-1024x1536.jpg 1024w, https:\/\/fotofrangonz.com\/wp-content\/uploads\/2026\/09\/Feria-Marchena-2026-1-Viernes-Francisco-Gonzalez-SOLEMNITY-29-500x750.jpg 500w, https:\/\/fotofrangonz.com\/wp-content\/uploads\/2026\/09\/Feria-Marchena-2026-1-Viernes-Francisco-Gonzalez-SOLEMNITY-29-800x1200.jpg 800w, https:\/\/fotofrangonz.com\/wp-content\/uploads\/2026\/09\/Feria-Marchena-2026-1-Viernes-Francisco-Gonzalez-SOLEMNITY-29-1240x1860.jpg 1240w, https:\/\/fotofrangonz.com\/wp-content\/uploads\/2026\/09\/Feria-Marchena-2026-1-Viernes-Francisco-Gonzalez-SOLEMNITY-29-508x762.jpg 508w\" sizes=\"auto, (max-width: 1280px) 100vw, 1280px\" \/><\/noscript><img decoding=\"async\" width=\"1280\" height=\"1920\" src=\"https:\/\/fotofrangonz.com\/wp-content\/uploads\/2026\/09\/Feria-Marchena-2026-1-Viernes-Francisco-Gonzalez-SOLEMNITY-29.jpg\" class=\"wp-image-17985 vp-lazyload\" alt srcset=\"data:image\/svg+xml;base64,PHN2ZyB3aWR0aD0iMTI4MCIgaGVpZ2h0PSIxOTIwIiB2aWV3Qm94PSIwIDAgMTI4MCAxOTIwIiBmaWxsPSJub25lIiB4bWxucz0iaHR0cDovL3d3dy53My5vcmcvMjAwMC9zdmciPjwvc3ZnPg==\" data-src=\"https:\/\/fotofrangonz.com\/wp-content\/uploads\/2026\/09\/Feria-Marchena-2026-1-Viernes-Francisco-Gonzalez-SOLEMNITY-29.jpg\" data-srcset=\"https:\/\/fotofrangonz.com\/wp-content\/uploads\/2026\/09\/Feria-Marchena-2026-1-Viernes-Francisco-Gonzalez-SOLEMNITY-29.jpg 1280w, https:\/\/fotofrangonz.com\/wp-content\/uploads\/2026\/09\/Feria-Marchena-2026-1-Viernes-Francisco-Gonzalez-SOLEMNITY-29-200x300.jpg 200w, https:\/\/fotofrangonz.com\/wp-content\/uploads\/2026\/09\/Feria-Marchena-2026-1-Viernes-Francisco-Gonzalez-SOLEMNITY-29-683x1024.jpg 683w, https:\/\/fotofrangonz.com\/wp-content\/uploads\/2026\/09\/Feria-Marchena-2026-1-Viernes-Francisco-Gonzalez-SOLEMNITY-29-1024x1536.jpg 1024w, https:\/\/fotofrangonz.com\/wp-content\/uploads\/2026\/09\/Feria-Marchena-2026-1-Viernes-Francisco-Gonzalez-SOLEMNITY-29-500x750.jpg 500w, https:\/\/fotofrangonz.com\/wp-content\/uploads\/2026\/09\/Feria-Marchena-2026-1-Viernes-Francisco-Gonzalez-SOLEMNITY-29-800x1200.jpg 800w, https:\/\/fotofrangonz.com\/wp-content\/uploads\/2026\/09\/Feria-Marchena-2026-1-Viernes-Francisco-Gonzalez-SOLEMNITY-29-1240x1860.jpg 1240w, https:\/\/fotofrangonz.com\/wp-content\/uploads\/2026\/09\/Feria-Marchena-2026-1-Viernes-Francisco-Gonzalez-SOLEMNITY-29-508x762.jpg 508w\" data-sizes=\"auto\" loading=\"eager\">\n        <\/a>    <\/div>\n<\/div>\n\n<figcaption class=\"vp-portfolio__item-overlay vp-portfolio__item-align-center\">\n    <div class=\"vp-portfolio__item-meta-wrap vp-portfolio__custom-scrollbar\">\n        \t<a\n\t\thref=\"https:\/\/fotofrangonz.com\/wp-content\/uploads\/2026\/09\/Feria-Marchena-2026-1-Viernes-Francisco-Gonzalez-SOLEMNITY-29.jpg\"\n\t\ttabindex=\"-1\" class=\"vp-portfolio__item-meta\" \t>\n\t\n        \n        <\/a>    <\/div>\n<\/figcaption>\n\t\t\t<\/figure>\n\t\t\t\t\t<\/div>\n\t\t\n\t\t<div\t\tclass=\"vp-portfolio__item-wrap vp-portfolio__item-uid-f8a25a02\" data-vp-filter=\"\" \t\t>\n\t\t\t<template class=\"vp-portfolio__item-popup\" style=\"display: none\" data-vp-popup-img=\"https:\/\/fotofrangonz.com\/wp-content\/uploads\/2026\/09\/Feria-Marchena-2026-1-Viernes-Francisco-Gonzalez-SOLEMNITY-30.jpg\" data-vp-popup-img-srcset=\"https:\/\/fotofrangonz.com\/wp-content\/uploads\/2026\/09\/Feria-Marchena-2026-1-Viernes-Francisco-Gonzalez-SOLEMNITY-30.jpg 1280w, https:\/\/fotofrangonz.com\/wp-content\/uploads\/2026\/09\/Feria-Marchena-2026-1-Viernes-Francisco-Gonzalez-SOLEMNITY-30-200x300.jpg 200w, https:\/\/fotofrangonz.com\/wp-content\/uploads\/2026\/09\/Feria-Marchena-2026-1-Viernes-Francisco-Gonzalez-SOLEMNITY-30-683x1024.jpg 683w, https:\/\/fotofrangonz.com\/wp-content\/uploads\/2026\/09\/Feria-Marchena-2026-1-Viernes-Francisco-Gonzalez-SOLEMNITY-30-1024x1536.jpg 1024w, https:\/\/fotofrangonz.com\/wp-content\/uploads\/2026\/09\/Feria-Marchena-2026-1-Viernes-Francisco-Gonzalez-SOLEMNITY-30-500x750.jpg 500w, https:\/\/fotofrangonz.com\/wp-content\/uploads\/2026\/09\/Feria-Marchena-2026-1-Viernes-Francisco-Gonzalez-SOLEMNITY-30-800x1200.jpg 800w, https:\/\/fotofrangonz.com\/wp-content\/uploads\/2026\/09\/Feria-Marchena-2026-1-Viernes-Francisco-Gonzalez-SOLEMNITY-30-1240x1860.jpg 1240w, https:\/\/fotofrangonz.com\/wp-content\/uploads\/2026\/09\/Feria-Marchena-2026-1-Viernes-Francisco-Gonzalez-SOLEMNITY-30-508x762.jpg 508w\" data-vp-popup-img-size=\"1280x1920\" data-vp-popup-md-img=\"https:\/\/fotofrangonz.com\/wp-content\/uploads\/2026\/09\/Feria-Marchena-2026-1-Viernes-Francisco-Gonzalez-SOLEMNITY-30-800x1200.jpg\" data-vp-popup-md-img-size=\"800x1200\" data-vp-popup-sm-img=\"https:\/\/fotofrangonz.com\/wp-content\/uploads\/2026\/09\/Feria-Marchena-2026-1-Viernes-Francisco-Gonzalez-SOLEMNITY-30-500x750.jpg\" data-vp-popup-sm-img-size=\"500x750\">\n\t<\/template>\n\t\t\t\t\t\t<figure class=\"vp-portfolio__item\">\n\t\t\t\t\n<div class=\"vp-portfolio__item-img-wrap\">\n    <div class=\"vp-portfolio__item-img\">\n        \t<a\n\t\thref=\"https:\/\/fotofrangonz.com\/wp-content\/uploads\/2026\/09\/Feria-Marchena-2026-1-Viernes-Francisco-Gonzalez-SOLEMNITY-30.jpg\"\n\t\t\t>\n\t\n        <noscript><img loading=\"lazy\" decoding=\"async\" width=\"1280\" height=\"1920\" data-skip-lazy src=\"https:\/\/fotofrangonz.com\/wp-content\/uploads\/2026\/09\/Feria-Marchena-2026-1-Viernes-Francisco-Gonzalez-SOLEMNITY-30.jpg\" class=\"wp-image-17986\" alt=\"\" srcset=\"https:\/\/fotofrangonz.com\/wp-content\/uploads\/2026\/09\/Feria-Marchena-2026-1-Viernes-Francisco-Gonzalez-SOLEMNITY-30.jpg 1280w, https:\/\/fotofrangonz.com\/wp-content\/uploads\/2026\/09\/Feria-Marchena-2026-1-Viernes-Francisco-Gonzalez-SOLEMNITY-30-200x300.jpg 200w, https:\/\/fotofrangonz.com\/wp-content\/uploads\/2026\/09\/Feria-Marchena-2026-1-Viernes-Francisco-Gonzalez-SOLEMNITY-30-683x1024.jpg 683w, https:\/\/fotofrangonz.com\/wp-content\/uploads\/2026\/09\/Feria-Marchena-2026-1-Viernes-Francisco-Gonzalez-SOLEMNITY-30-1024x1536.jpg 1024w, https:\/\/fotofrangonz.com\/wp-content\/uploads\/2026\/09\/Feria-Marchena-2026-1-Viernes-Francisco-Gonzalez-SOLEMNITY-30-500x750.jpg 500w, https:\/\/fotofrangonz.com\/wp-content\/uploads\/2026\/09\/Feria-Marchena-2026-1-Viernes-Francisco-Gonzalez-SOLEMNITY-30-800x1200.jpg 800w, https:\/\/fotofrangonz.com\/wp-content\/uploads\/2026\/09\/Feria-Marchena-2026-1-Viernes-Francisco-Gonzalez-SOLEMNITY-30-1240x1860.jpg 1240w, https:\/\/fotofrangonz.com\/wp-content\/uploads\/2026\/09\/Feria-Marchena-2026-1-Viernes-Francisco-Gonzalez-SOLEMNITY-30-508x762.jpg 508w\" sizes=\"auto, (max-width: 1280px) 100vw, 1280px\" \/><\/noscript><img decoding=\"async\" width=\"1280\" height=\"1920\" src=\"https:\/\/fotofrangonz.com\/wp-content\/uploads\/2026\/09\/Feria-Marchena-2026-1-Viernes-Francisco-Gonzalez-SOLEMNITY-30.jpg\" class=\"wp-image-17986 vp-lazyload\" alt srcset=\"data:image\/svg+xml;base64,PHN2ZyB3aWR0aD0iMTI4MCIgaGVpZ2h0PSIxOTIwIiB2aWV3Qm94PSIwIDAgMTI4MCAxOTIwIiBmaWxsPSJub25lIiB4bWxucz0iaHR0cDovL3d3dy53My5vcmcvMjAwMC9zdmciPjwvc3ZnPg==\" data-src=\"https:\/\/fotofrangonz.com\/wp-content\/uploads\/2026\/09\/Feria-Marchena-2026-1-Viernes-Francisco-Gonzalez-SOLEMNITY-30.jpg\" data-srcset=\"https:\/\/fotofrangonz.com\/wp-content\/uploads\/2026\/09\/Feria-Marchena-2026-1-Viernes-Francisco-Gonzalez-SOLEMNITY-30.jpg 1280w, https:\/\/fotofrangonz.com\/wp-content\/uploads\/2026\/09\/Feria-Marchena-2026-1-Viernes-Francisco-Gonzalez-SOLEMNITY-30-200x300.jpg 200w, https:\/\/fotofrangonz.com\/wp-content\/uploads\/2026\/09\/Feria-Marchena-2026-1-Viernes-Francisco-Gonzalez-SOLEMNITY-30-683x1024.jpg 683w, https:\/\/fotofrangonz.com\/wp-content\/uploads\/2026\/09\/Feria-Marchena-2026-1-Viernes-Francisco-Gonzalez-SOLEMNITY-30-1024x1536.jpg 1024w, https:\/\/fotofrangonz.com\/wp-content\/uploads\/2026\/09\/Feria-Marchena-2026-1-Viernes-Francisco-Gonzalez-SOLEMNITY-30-500x750.jpg 500w, https:\/\/fotofrangonz.com\/wp-content\/uploads\/2026\/09\/Feria-Marchena-2026-1-Viernes-Francisco-Gonzalez-SOLEMNITY-30-800x1200.jpg 800w, https:\/\/fotofrangonz.com\/wp-content\/uploads\/2026\/09\/Feria-Marchena-2026-1-Viernes-Francisco-Gonzalez-SOLEMNITY-30-1240x1860.jpg 1240w, https:\/\/fotofrangonz.com\/wp-content\/uploads\/2026\/09\/Feria-Marchena-2026-1-Viernes-Francisco-Gonzalez-SOLEMNITY-30-508x762.jpg 508w\" data-sizes=\"auto\" loading=\"eager\">\n        <\/a>    <\/div>\n<\/div>\n\n<figcaption class=\"vp-portfolio__item-overlay vp-portfolio__item-align-center\">\n    <div class=\"vp-portfolio__item-meta-wrap vp-portfolio__custom-scrollbar\">\n        \t<a\n\t\thref=\"https:\/\/fotofrangonz.com\/wp-content\/uploads\/2026\/09\/Feria-Marchena-2026-1-Viernes-Francisco-Gonzalez-SOLEMNITY-30.jpg\"\n\t\ttabindex=\"-1\" class=\"vp-portfolio__item-meta\" \t>\n\t\n        \n        <\/a>    <\/div>\n<\/figcaption>\n\t\t\t<\/figure>\n\t\t\t\t\t<\/div>\n\t\t\n\t\t<div\t\tclass=\"vp-portfolio__item-wrap vp-portfolio__item-uid-0edd30e8\" data-vp-filter=\"\" \t\t>\n\t\t\t<template class=\"vp-portfolio__item-popup\" style=\"display: none\" data-vp-popup-img=\"https:\/\/fotofrangonz.com\/wp-content\/uploads\/2026\/09\/Feria-Marchena-2026-1-Viernes-Francisco-Gonzalez-SOLEMNITY-31.jpg\" data-vp-popup-img-srcset=\"https:\/\/fotofrangonz.com\/wp-content\/uploads\/2026\/09\/Feria-Marchena-2026-1-Viernes-Francisco-Gonzalez-SOLEMNITY-31.jpg 1280w, https:\/\/fotofrangonz.com\/wp-content\/uploads\/2026\/09\/Feria-Marchena-2026-1-Viernes-Francisco-Gonzalez-SOLEMNITY-31-200x300.jpg 200w, https:\/\/fotofrangonz.com\/wp-content\/uploads\/2026\/09\/Feria-Marchena-2026-1-Viernes-Francisco-Gonzalez-SOLEMNITY-31-683x1024.jpg 683w, https:\/\/fotofrangonz.com\/wp-content\/uploads\/2026\/09\/Feria-Marchena-2026-1-Viernes-Francisco-Gonzalez-SOLEMNITY-31-1024x1536.jpg 1024w, https:\/\/fotofrangonz.com\/wp-content\/uploads\/2026\/09\/Feria-Marchena-2026-1-Viernes-Francisco-Gonzalez-SOLEMNITY-31-500x750.jpg 500w, https:\/\/fotofrangonz.com\/wp-content\/uploads\/2026\/09\/Feria-Marchena-2026-1-Viernes-Francisco-Gonzalez-SOLEMNITY-31-800x1200.jpg 800w, https:\/\/fotofrangonz.com\/wp-content\/uploads\/2026\/09\/Feria-Marchena-2026-1-Viernes-Francisco-Gonzalez-SOLEMNITY-31-1240x1860.jpg 1240w, https:\/\/fotofrangonz.com\/wp-content\/uploads\/2026\/09\/Feria-Marchena-2026-1-Viernes-Francisco-Gonzalez-SOLEMNITY-31-508x762.jpg 508w\" data-vp-popup-img-size=\"1280x1920\" data-vp-popup-md-img=\"https:\/\/fotofrangonz.com\/wp-content\/uploads\/2026\/09\/Feria-Marchena-2026-1-Viernes-Francisco-Gonzalez-SOLEMNITY-31-800x1200.jpg\" data-vp-popup-md-img-size=\"800x1200\" data-vp-popup-sm-img=\"https:\/\/fotofrangonz.com\/wp-content\/uploads\/2026\/09\/Feria-Marchena-2026-1-Viernes-Francisco-Gonzalez-SOLEMNITY-31-500x750.jpg\" data-vp-popup-sm-img-size=\"500x750\">\n\t<\/template>\n\t\t\t\t\t\t<figure class=\"vp-portfolio__item\">\n\t\t\t\t\n<div class=\"vp-portfolio__item-img-wrap\">\n    <div class=\"vp-portfolio__item-img\">\n        \t<a\n\t\thref=\"https:\/\/fotofrangonz.com\/wp-content\/uploads\/2026\/09\/Feria-Marchena-2026-1-Viernes-Francisco-Gonzalez-SOLEMNITY-31.jpg\"\n\t\t\t>\n\t\n        <noscript><img loading=\"lazy\" decoding=\"async\" width=\"1280\" height=\"1920\" data-skip-lazy src=\"https:\/\/fotofrangonz.com\/wp-content\/uploads\/2026\/09\/Feria-Marchena-2026-1-Viernes-Francisco-Gonzalez-SOLEMNITY-31.jpg\" class=\"wp-image-17987\" alt=\"\" srcset=\"https:\/\/fotofrangonz.com\/wp-content\/uploads\/2026\/09\/Feria-Marchena-2026-1-Viernes-Francisco-Gonzalez-SOLEMNITY-31.jpg 1280w, https:\/\/fotofrangonz.com\/wp-content\/uploads\/2026\/09\/Feria-Marchena-2026-1-Viernes-Francisco-Gonzalez-SOLEMNITY-31-200x300.jpg 200w, https:\/\/fotofrangonz.com\/wp-content\/uploads\/2026\/09\/Feria-Marchena-2026-1-Viernes-Francisco-Gonzalez-SOLEMNITY-31-683x1024.jpg 683w, https:\/\/fotofrangonz.com\/wp-content\/uploads\/2026\/09\/Feria-Marchena-2026-1-Viernes-Francisco-Gonzalez-SOLEMNITY-31-1024x1536.jpg 1024w, https:\/\/fotofrangonz.com\/wp-content\/uploads\/2026\/09\/Feria-Marchena-2026-1-Viernes-Francisco-Gonzalez-SOLEMNITY-31-500x750.jpg 500w, https:\/\/fotofrangonz.com\/wp-content\/uploads\/2026\/09\/Feria-Marchena-2026-1-Viernes-Francisco-Gonzalez-SOLEMNITY-31-800x1200.jpg 800w, https:\/\/fotofrangonz.com\/wp-content\/uploads\/2026\/09\/Feria-Marchena-2026-1-Viernes-Francisco-Gonzalez-SOLEMNITY-31-1240x1860.jpg 1240w, https:\/\/fotofrangonz.com\/wp-content\/uploads\/2026\/09\/Feria-Marchena-2026-1-Viernes-Francisco-Gonzalez-SOLEMNITY-31-508x762.jpg 508w\" sizes=\"auto, (max-width: 1280px) 100vw, 1280px\" \/><\/noscript><img decoding=\"async\" width=\"1280\" height=\"1920\" src=\"https:\/\/fotofrangonz.com\/wp-content\/uploads\/2026\/09\/Feria-Marchena-2026-1-Viernes-Francisco-Gonzalez-SOLEMNITY-31.jpg\" class=\"wp-image-17987 vp-lazyload\" alt srcset=\"data:image\/svg+xml;base64,PHN2ZyB3aWR0aD0iMTI4MCIgaGVpZ2h0PSIxOTIwIiB2aWV3Qm94PSIwIDAgMTI4MCAxOTIwIiBmaWxsPSJub25lIiB4bWxucz0iaHR0cDovL3d3dy53My5vcmcvMjAwMC9zdmciPjwvc3ZnPg==\" data-src=\"https:\/\/fotofrangonz.com\/wp-content\/uploads\/2026\/09\/Feria-Marchena-2026-1-Viernes-Francisco-Gonzalez-SOLEMNITY-31.jpg\" data-srcset=\"https:\/\/fotofrangonz.com\/wp-content\/uploads\/2026\/09\/Feria-Marchena-2026-1-Viernes-Francisco-Gonzalez-SOLEMNITY-31.jpg 1280w, https:\/\/fotofrangonz.com\/wp-content\/uploads\/2026\/09\/Feria-Marchena-2026-1-Viernes-Francisco-Gonzalez-SOLEMNITY-31-200x300.jpg 200w, https:\/\/fotofrangonz.com\/wp-content\/uploads\/2026\/09\/Feria-Marchena-2026-1-Viernes-Francisco-Gonzalez-SOLEMNITY-31-683x1024.jpg 683w, https:\/\/fotofrangonz.com\/wp-content\/uploads\/2026\/09\/Feria-Marchena-2026-1-Viernes-Francisco-Gonzalez-SOLEMNITY-31-1024x1536.jpg 1024w, https:\/\/fotofrangonz.com\/wp-content\/uploads\/2026\/09\/Feria-Marchena-2026-1-Viernes-Francisco-Gonzalez-SOLEMNITY-31-500x750.jpg 500w, https:\/\/fotofrangonz.com\/wp-content\/uploads\/2026\/09\/Feria-Marchena-2026-1-Viernes-Francisco-Gonzalez-SOLEMNITY-31-800x1200.jpg 800w, https:\/\/fotofrangonz.com\/wp-content\/uploads\/2026\/09\/Feria-Marchena-2026-1-Viernes-Francisco-Gonzalez-SOLEMNITY-31-1240x1860.jpg 1240w, https:\/\/fotofrangonz.com\/wp-content\/uploads\/2026\/09\/Feria-Marchena-2026-1-Viernes-Francisco-Gonzalez-SOLEMNITY-31-508x762.jpg 508w\" data-sizes=\"auto\" loading=\"eager\">\n        <\/a>    <\/div>\n<\/div>\n\n<figcaption class=\"vp-portfolio__item-overlay vp-portfolio__item-align-center\">\n    <div class=\"vp-portfolio__item-meta-wrap vp-portfolio__custom-scrollbar\">\n        \t<a\n\t\thref=\"https:\/\/fotofrangonz.com\/wp-content\/uploads\/2026\/09\/Feria-Marchena-2026-1-Viernes-Francisco-Gonzalez-SOLEMNITY-31.jpg\"\n\t\ttabindex=\"-1\" class=\"vp-portfolio__item-meta\" \t>\n\t\n        \n        <\/a>    <\/div>\n<\/figcaption>\n\t\t\t<\/figure>\n\t\t\t\t\t<\/div>\n\t\t\n\t\t<div\t\tclass=\"vp-portfolio__item-wrap vp-portfolio__item-uid-553efedc\" data-vp-filter=\"\" \t\t>\n\t\t\t<template class=\"vp-portfolio__item-popup\" style=\"display: none\" data-vp-popup-img=\"https:\/\/fotofrangonz.com\/wp-content\/uploads\/2026\/09\/Feria-Marchena-2026-1-Viernes-Francisco-Gonzalez-SOLEMNITY-32.jpg\" data-vp-popup-img-srcset=\"https:\/\/fotofrangonz.com\/wp-content\/uploads\/2026\/09\/Feria-Marchena-2026-1-Viernes-Francisco-Gonzalez-SOLEMNITY-32.jpg 1280w, https:\/\/fotofrangonz.com\/wp-content\/uploads\/2026\/09\/Feria-Marchena-2026-1-Viernes-Francisco-Gonzalez-SOLEMNITY-32-200x300.jpg 200w, https:\/\/fotofrangonz.com\/wp-content\/uploads\/2026\/09\/Feria-Marchena-2026-1-Viernes-Francisco-Gonzalez-SOLEMNITY-32-683x1024.jpg 683w, https:\/\/fotofrangonz.com\/wp-content\/uploads\/2026\/09\/Feria-Marchena-2026-1-Viernes-Francisco-Gonzalez-SOLEMNITY-32-1024x1536.jpg 1024w, https:\/\/fotofrangonz.com\/wp-content\/uploads\/2026\/09\/Feria-Marchena-2026-1-Viernes-Francisco-Gonzalez-SOLEMNITY-32-500x750.jpg 500w, https:\/\/fotofrangonz.com\/wp-content\/uploads\/2026\/09\/Feria-Marchena-2026-1-Viernes-Francisco-Gonzalez-SOLEMNITY-32-800x1200.jpg 800w, https:\/\/fotofrangonz.com\/wp-content\/uploads\/2026\/09\/Feria-Marchena-2026-1-Viernes-Francisco-Gonzalez-SOLEMNITY-32-1240x1860.jpg 1240w, https:\/\/fotofrangonz.com\/wp-content\/uploads\/2026\/09\/Feria-Marchena-2026-1-Viernes-Francisco-Gonzalez-SOLEMNITY-32-508x762.jpg 508w\" data-vp-popup-img-size=\"1280x1920\" data-vp-popup-md-img=\"https:\/\/fotofrangonz.com\/wp-content\/uploads\/2026\/09\/Feria-Marchena-2026-1-Viernes-Francisco-Gonzalez-SOLEMNITY-32-800x1200.jpg\" data-vp-popup-md-img-size=\"800x1200\" data-vp-popup-sm-img=\"https:\/\/fotofrangonz.com\/wp-content\/uploads\/2026\/09\/Feria-Marchena-2026-1-Viernes-Francisco-Gonzalez-SOLEMNITY-32-500x750.jpg\" data-vp-popup-sm-img-size=\"500x750\">\n\t<\/template>\n\t\t\t\t\t\t<figure class=\"vp-portfolio__item\">\n\t\t\t\t\n<div class=\"vp-portfolio__item-img-wrap\">\n    <div class=\"vp-portfolio__item-img\">\n        \t<a\n\t\thref=\"https:\/\/fotofrangonz.com\/wp-content\/uploads\/2026\/09\/Feria-Marchena-2026-1-Viernes-Francisco-Gonzalez-SOLEMNITY-32.jpg\"\n\t\t\t>\n\t\n        <noscript><img loading=\"lazy\" decoding=\"async\" width=\"1280\" height=\"1920\" data-skip-lazy src=\"https:\/\/fotofrangonz.com\/wp-content\/uploads\/2026\/09\/Feria-Marchena-2026-1-Viernes-Francisco-Gonzalez-SOLEMNITY-32.jpg\" class=\"wp-image-17988\" alt=\"\" srcset=\"https:\/\/fotofrangonz.com\/wp-content\/uploads\/2026\/09\/Feria-Marchena-2026-1-Viernes-Francisco-Gonzalez-SOLEMNITY-32.jpg 1280w, https:\/\/fotofrangonz.com\/wp-content\/uploads\/2026\/09\/Feria-Marchena-2026-1-Viernes-Francisco-Gonzalez-SOLEMNITY-32-200x300.jpg 200w, https:\/\/fotofrangonz.com\/wp-content\/uploads\/2026\/09\/Feria-Marchena-2026-1-Viernes-Francisco-Gonzalez-SOLEMNITY-32-683x1024.jpg 683w, https:\/\/fotofrangonz.com\/wp-content\/uploads\/2026\/09\/Feria-Marchena-2026-1-Viernes-Francisco-Gonzalez-SOLEMNITY-32-1024x1536.jpg 1024w, https:\/\/fotofrangonz.com\/wp-content\/uploads\/2026\/09\/Feria-Marchena-2026-1-Viernes-Francisco-Gonzalez-SOLEMNITY-32-500x750.jpg 500w, https:\/\/fotofrangonz.com\/wp-content\/uploads\/2026\/09\/Feria-Marchena-2026-1-Viernes-Francisco-Gonzalez-SOLEMNITY-32-800x1200.jpg 800w, https:\/\/fotofrangonz.com\/wp-content\/uploads\/2026\/09\/Feria-Marchena-2026-1-Viernes-Francisco-Gonzalez-SOLEMNITY-32-1240x1860.jpg 1240w, https:\/\/fotofrangonz.com\/wp-content\/uploads\/2026\/09\/Feria-Marchena-2026-1-Viernes-Francisco-Gonzalez-SOLEMNITY-32-508x762.jpg 508w\" sizes=\"auto, (max-width: 1280px) 100vw, 1280px\" \/><\/noscript><img decoding=\"async\" width=\"1280\" height=\"1920\" src=\"https:\/\/fotofrangonz.com\/wp-content\/uploads\/2026\/09\/Feria-Marchena-2026-1-Viernes-Francisco-Gonzalez-SOLEMNITY-32.jpg\" class=\"wp-image-17988 vp-lazyload\" alt srcset=\"data:image\/svg+xml;base64,PHN2ZyB3aWR0aD0iMTI4MCIgaGVpZ2h0PSIxOTIwIiB2aWV3Qm94PSIwIDAgMTI4MCAxOTIwIiBmaWxsPSJub25lIiB4bWxucz0iaHR0cDovL3d3dy53My5vcmcvMjAwMC9zdmciPjwvc3ZnPg==\" data-src=\"https:\/\/fotofrangonz.com\/wp-content\/uploads\/2026\/09\/Feria-Marchena-2026-1-Viernes-Francisco-Gonzalez-SOLEMNITY-32.jpg\" data-srcset=\"https:\/\/fotofrangonz.com\/wp-content\/uploads\/2026\/09\/Feria-Marchena-2026-1-Viernes-Francisco-Gonzalez-SOLEMNITY-32.jpg 1280w, https:\/\/fotofrangonz.com\/wp-content\/uploads\/2026\/09\/Feria-Marchena-2026-1-Viernes-Francisco-Gonzalez-SOLEMNITY-32-200x300.jpg 200w, https:\/\/fotofrangonz.com\/wp-content\/uploads\/2026\/09\/Feria-Marchena-2026-1-Viernes-Francisco-Gonzalez-SOLEMNITY-32-683x1024.jpg 683w, https:\/\/fotofrangonz.com\/wp-content\/uploads\/2026\/09\/Feria-Marchena-2026-1-Viernes-Francisco-Gonzalez-SOLEMNITY-32-1024x1536.jpg 1024w, https:\/\/fotofrangonz.com\/wp-content\/uploads\/2026\/09\/Feria-Marchena-2026-1-Viernes-Francisco-Gonzalez-SOLEMNITY-32-500x750.jpg 500w, https:\/\/fotofrangonz.com\/wp-content\/uploads\/2026\/09\/Feria-Marchena-2026-1-Viernes-Francisco-Gonzalez-SOLEMNITY-32-800x1200.jpg 800w, https:\/\/fotofrangonz.com\/wp-content\/uploads\/2026\/09\/Feria-Marchena-2026-1-Viernes-Francisco-Gonzalez-SOLEMNITY-32-1240x1860.jpg 1240w, https:\/\/fotofrangonz.com\/wp-content\/uploads\/2026\/09\/Feria-Marchena-2026-1-Viernes-Francisco-Gonzalez-SOLEMNITY-32-508x762.jpg 508w\" data-sizes=\"auto\" loading=\"eager\">\n        <\/a>    <\/div>\n<\/div>\n\n<figcaption class=\"vp-portfolio__item-overlay vp-portfolio__item-align-center\">\n    <div class=\"vp-portfolio__item-meta-wrap vp-portfolio__custom-scrollbar\">\n        \t<a\n\t\thref=\"https:\/\/fotofrangonz.com\/wp-content\/uploads\/2026\/09\/Feria-Marchena-2026-1-Viernes-Francisco-Gonzalez-SOLEMNITY-32.jpg\"\n\t\ttabindex=\"-1\" class=\"vp-portfolio__item-meta\" \t>\n\t\n        \n        <\/a>    <\/div>\n<\/figcaption>\n\t\t\t<\/figure>\n\t\t\t\t\t<\/div>\n\t\t\n\t\t<div\t\tclass=\"vp-portfolio__item-wrap vp-portfolio__item-uid-a4adbce4\" data-vp-filter=\"\" \t\t>\n\t\t\t<template class=\"vp-portfolio__item-popup\" style=\"display: none\" data-vp-popup-img=\"https:\/\/fotofrangonz.com\/wp-content\/uploads\/2026\/09\/Feria-Marchena-2026-1-Viernes-Francisco-Gonzalez-SOLEMNITY-33.jpg\" data-vp-popup-img-srcset=\"https:\/\/fotofrangonz.com\/wp-content\/uploads\/2026\/09\/Feria-Marchena-2026-1-Viernes-Francisco-Gonzalez-SOLEMNITY-33.jpg 1280w, https:\/\/fotofrangonz.com\/wp-content\/uploads\/2026\/09\/Feria-Marchena-2026-1-Viernes-Francisco-Gonzalez-SOLEMNITY-33-200x300.jpg 200w, https:\/\/fotofrangonz.com\/wp-content\/uploads\/2026\/09\/Feria-Marchena-2026-1-Viernes-Francisco-Gonzalez-SOLEMNITY-33-683x1024.jpg 683w, https:\/\/fotofrangonz.com\/wp-content\/uploads\/2026\/09\/Feria-Marchena-2026-1-Viernes-Francisco-Gonzalez-SOLEMNITY-33-1024x1536.jpg 1024w, https:\/\/fotofrangonz.com\/wp-content\/uploads\/2026\/09\/Feria-Marchena-2026-1-Viernes-Francisco-Gonzalez-SOLEMNITY-33-500x750.jpg 500w, https:\/\/fotofrangonz.com\/wp-content\/uploads\/2026\/09\/Feria-Marchena-2026-1-Viernes-Francisco-Gonzalez-SOLEMNITY-33-800x1200.jpg 800w, https:\/\/fotofrangonz.com\/wp-content\/uploads\/2026\/09\/Feria-Marchena-2026-1-Viernes-Francisco-Gonzalez-SOLEMNITY-33-1240x1860.jpg 1240w, https:\/\/fotofrangonz.com\/wp-content\/uploads\/2026\/09\/Feria-Marchena-2026-1-Viernes-Francisco-Gonzalez-SOLEMNITY-33-508x762.jpg 508w\" data-vp-popup-img-size=\"1280x1920\" data-vp-popup-md-img=\"https:\/\/fotofrangonz.com\/wp-content\/uploads\/2026\/09\/Feria-Marchena-2026-1-Viernes-Francisco-Gonzalez-SOLEMNITY-33-800x1200.jpg\" data-vp-popup-md-img-size=\"800x1200\" data-vp-popup-sm-img=\"https:\/\/fotofrangonz.com\/wp-content\/uploads\/2026\/09\/Feria-Marchena-2026-1-Viernes-Francisco-Gonzalez-SOLEMNITY-33-500x750.jpg\" data-vp-popup-sm-img-size=\"500x750\">\n\t<\/template>\n\t\t\t\t\t\t<figure class=\"vp-portfolio__item\">\n\t\t\t\t\n<div class=\"vp-portfolio__item-img-wrap\">\n    <div class=\"vp-portfolio__item-img\">\n        \t<a\n\t\thref=\"https:\/\/fotofrangonz.com\/wp-content\/uploads\/2026\/09\/Feria-Marchena-2026-1-Viernes-Francisco-Gonzalez-SOLEMNITY-33.jpg\"\n\t\t\t>\n\t\n        <noscript><img loading=\"lazy\" decoding=\"async\" width=\"1280\" height=\"1920\" data-skip-lazy src=\"https:\/\/fotofrangonz.com\/wp-content\/uploads\/2026\/09\/Feria-Marchena-2026-1-Viernes-Francisco-Gonzalez-SOLEMNITY-33.jpg\" class=\"wp-image-17989\" alt=\"\" srcset=\"https:\/\/fotofrangonz.com\/wp-content\/uploads\/2026\/09\/Feria-Marchena-2026-1-Viernes-Francisco-Gonzalez-SOLEMNITY-33.jpg 1280w, https:\/\/fotofrangonz.com\/wp-content\/uploads\/2026\/09\/Feria-Marchena-2026-1-Viernes-Francisco-Gonzalez-SOLEMNITY-33-200x300.jpg 200w, https:\/\/fotofrangonz.com\/wp-content\/uploads\/2026\/09\/Feria-Marchena-2026-1-Viernes-Francisco-Gonzalez-SOLEMNITY-33-683x1024.jpg 683w, https:\/\/fotofrangonz.com\/wp-content\/uploads\/2026\/09\/Feria-Marchena-2026-1-Viernes-Francisco-Gonzalez-SOLEMNITY-33-1024x1536.jpg 1024w, https:\/\/fotofrangonz.com\/wp-content\/uploads\/2026\/09\/Feria-Marchena-2026-1-Viernes-Francisco-Gonzalez-SOLEMNITY-33-500x750.jpg 500w, https:\/\/fotofrangonz.com\/wp-content\/uploads\/2026\/09\/Feria-Marchena-2026-1-Viernes-Francisco-Gonzalez-SOLEMNITY-33-800x1200.jpg 800w, https:\/\/fotofrangonz.com\/wp-content\/uploads\/2026\/09\/Feria-Marchena-2026-1-Viernes-Francisco-Gonzalez-SOLEMNITY-33-1240x1860.jpg 1240w, https:\/\/fotofrangonz.com\/wp-content\/uploads\/2026\/09\/Feria-Marchena-2026-1-Viernes-Francisco-Gonzalez-SOLEMNITY-33-508x762.jpg 508w\" sizes=\"auto, (max-width: 1280px) 100vw, 1280px\" \/><\/noscript><img decoding=\"async\" width=\"1280\" height=\"1920\" src=\"https:\/\/fotofrangonz.com\/wp-content\/uploads\/2026\/09\/Feria-Marchena-2026-1-Viernes-Francisco-Gonzalez-SOLEMNITY-33.jpg\" class=\"wp-image-17989 vp-lazyload\" alt srcset=\"data:image\/svg+xml;base64,PHN2ZyB3aWR0aD0iMTI4MCIgaGVpZ2h0PSIxOTIwIiB2aWV3Qm94PSIwIDAgMTI4MCAxOTIwIiBmaWxsPSJub25lIiB4bWxucz0iaHR0cDovL3d3dy53My5vcmcvMjAwMC9zdmciPjwvc3ZnPg==\" data-src=\"https:\/\/fotofrangonz.com\/wp-content\/uploads\/2026\/09\/Feria-Marchena-2026-1-Viernes-Francisco-Gonzalez-SOLEMNITY-33.jpg\" data-srcset=\"https:\/\/fotofrangonz.com\/wp-content\/uploads\/2026\/09\/Feria-Marchena-2026-1-Viernes-Francisco-Gonzalez-SOLEMNITY-33.jpg 1280w, https:\/\/fotofrangonz.com\/wp-content\/uploads\/2026\/09\/Feria-Marchena-2026-1-Viernes-Francisco-Gonzalez-SOLEMNITY-33-200x300.jpg 200w, https:\/\/fotofrangonz.com\/wp-content\/uploads\/2026\/09\/Feria-Marchena-2026-1-Viernes-Francisco-Gonzalez-SOLEMNITY-33-683x1024.jpg 683w, https:\/\/fotofrangonz.com\/wp-content\/uploads\/2026\/09\/Feria-Marchena-2026-1-Viernes-Francisco-Gonzalez-SOLEMNITY-33-1024x1536.jpg 1024w, https:\/\/fotofrangonz.com\/wp-content\/uploads\/2026\/09\/Feria-Marchena-2026-1-Viernes-Francisco-Gonzalez-SOLEMNITY-33-500x750.jpg 500w, https:\/\/fotofrangonz.com\/wp-content\/uploads\/2026\/09\/Feria-Marchena-2026-1-Viernes-Francisco-Gonzalez-SOLEMNITY-33-800x1200.jpg 800w, https:\/\/fotofrangonz.com\/wp-content\/uploads\/2026\/09\/Feria-Marchena-2026-1-Viernes-Francisco-Gonzalez-SOLEMNITY-33-1240x1860.jpg 1240w, https:\/\/fotofrangonz.com\/wp-content\/uploads\/2026\/09\/Feria-Marchena-2026-1-Viernes-Francisco-Gonzalez-SOLEMNITY-33-508x762.jpg 508w\" data-sizes=\"auto\" loading=\"eager\">\n        <\/a>    <\/div>\n<\/div>\n\n<figcaption class=\"vp-portfolio__item-overlay vp-portfolio__item-align-center\">\n    <div class=\"vp-portfolio__item-meta-wrap vp-portfolio__custom-scrollbar\">\n        \t<a\n\t\thref=\"https:\/\/fotofrangonz.com\/wp-content\/uploads\/2026\/09\/Feria-Marchena-2026-1-Viernes-Francisco-Gonzalez-SOLEMNITY-33.jpg\"\n\t\ttabindex=\"-1\" class=\"vp-portfolio__item-meta\" \t>\n\t\n        \n        <\/a>    <\/div>\n<\/figcaption>\n\t\t\t<\/figure>\n\t\t\t\t\t<\/div>\n\t\t\n\t\t<div\t\tclass=\"vp-portfolio__item-wrap vp-portfolio__item-uid-0f36e6a4\" data-vp-filter=\"\" \t\t>\n\t\t\t<template class=\"vp-portfolio__item-popup\" style=\"display: none\" data-vp-popup-img=\"https:\/\/fotofrangonz.com\/wp-content\/uploads\/2026\/09\/Feria-Marchena-2026-1-Viernes-Francisco-Gonzalez-SOLEMNITY-34.jpg\" data-vp-popup-img-srcset=\"https:\/\/fotofrangonz.com\/wp-content\/uploads\/2026\/09\/Feria-Marchena-2026-1-Viernes-Francisco-Gonzalez-SOLEMNITY-34.jpg 1280w, https:\/\/fotofrangonz.com\/wp-content\/uploads\/2026\/09\/Feria-Marchena-2026-1-Viernes-Francisco-Gonzalez-SOLEMNITY-34-200x300.jpg 200w, https:\/\/fotofrangonz.com\/wp-content\/uploads\/2026\/09\/Feria-Marchena-2026-1-Viernes-Francisco-Gonzalez-SOLEMNITY-34-683x1024.jpg 683w, https:\/\/fotofrangonz.com\/wp-content\/uploads\/2026\/09\/Feria-Marchena-2026-1-Viernes-Francisco-Gonzalez-SOLEMNITY-34-1024x1536.jpg 1024w, https:\/\/fotofrangonz.com\/wp-content\/uploads\/2026\/09\/Feria-Marchena-2026-1-Viernes-Francisco-Gonzalez-SOLEMNITY-34-500x750.jpg 500w, https:\/\/fotofrangonz.com\/wp-content\/uploads\/2026\/09\/Feria-Marchena-2026-1-Viernes-Francisco-Gonzalez-SOLEMNITY-34-800x1200.jpg 800w, https:\/\/fotofrangonz.com\/wp-content\/uploads\/2026\/09\/Feria-Marchena-2026-1-Viernes-Francisco-Gonzalez-SOLEMNITY-34-1240x1860.jpg 1240w, https:\/\/fotofrangonz.com\/wp-content\/uploads\/2026\/09\/Feria-Marchena-2026-1-Viernes-Francisco-Gonzalez-SOLEMNITY-34-508x762.jpg 508w\" data-vp-popup-img-size=\"1280x1920\" data-vp-popup-md-img=\"https:\/\/fotofrangonz.com\/wp-content\/uploads\/2026\/09\/Feria-Marchena-2026-1-Viernes-Francisco-Gonzalez-SOLEMNITY-34-800x1200.jpg\" data-vp-popup-md-img-size=\"800x1200\" data-vp-popup-sm-img=\"https:\/\/fotofrangonz.com\/wp-content\/uploads\/2026\/09\/Feria-Marchena-2026-1-Viernes-Francisco-Gonzalez-SOLEMNITY-34-500x750.jpg\" data-vp-popup-sm-img-size=\"500x750\">\n\t<\/template>\n\t\t\t\t\t\t<figure class=\"vp-portfolio__item\">\n\t\t\t\t\n<div class=\"vp-portfolio__item-img-wrap\">\n    <div class=\"vp-portfolio__item-img\">\n        \t<a\n\t\thref=\"https:\/\/fotofrangonz.com\/wp-content\/uploads\/2026\/09\/Feria-Marchena-2026-1-Viernes-Francisco-Gonzalez-SOLEMNITY-34.jpg\"\n\t\t\t>\n\t\n        <noscript><img loading=\"lazy\" decoding=\"async\" width=\"1280\" height=\"1920\" data-skip-lazy src=\"https:\/\/fotofrangonz.com\/wp-content\/uploads\/2026\/09\/Feria-Marchena-2026-1-Viernes-Francisco-Gonzalez-SOLEMNITY-34.jpg\" class=\"wp-image-17990\" alt=\"\" srcset=\"https:\/\/fotofrangonz.com\/wp-content\/uploads\/2026\/09\/Feria-Marchena-2026-1-Viernes-Francisco-Gonzalez-SOLEMNITY-34.jpg 1280w, https:\/\/fotofrangonz.com\/wp-content\/uploads\/2026\/09\/Feria-Marchena-2026-1-Viernes-Francisco-Gonzalez-SOLEMNITY-34-200x300.jpg 200w, https:\/\/fotofrangonz.com\/wp-content\/uploads\/2026\/09\/Feria-Marchena-2026-1-Viernes-Francisco-Gonzalez-SOLEMNITY-34-683x1024.jpg 683w, https:\/\/fotofrangonz.com\/wp-content\/uploads\/2026\/09\/Feria-Marchena-2026-1-Viernes-Francisco-Gonzalez-SOLEMNITY-34-1024x1536.jpg 1024w, https:\/\/fotofrangonz.com\/wp-content\/uploads\/2026\/09\/Feria-Marchena-2026-1-Viernes-Francisco-Gonzalez-SOLEMNITY-34-500x750.jpg 500w, https:\/\/fotofrangonz.com\/wp-content\/uploads\/2026\/09\/Feria-Marchena-2026-1-Viernes-Francisco-Gonzalez-SOLEMNITY-34-800x1200.jpg 800w, https:\/\/fotofrangonz.com\/wp-content\/uploads\/2026\/09\/Feria-Marchena-2026-1-Viernes-Francisco-Gonzalez-SOLEMNITY-34-1240x1860.jpg 1240w, https:\/\/fotofrangonz.com\/wp-content\/uploads\/2026\/09\/Feria-Marchena-2026-1-Viernes-Francisco-Gonzalez-SOLEMNITY-34-508x762.jpg 508w\" sizes=\"auto, (max-width: 1280px) 100vw, 1280px\" \/><\/noscript><img decoding=\"async\" width=\"1280\" height=\"1920\" src=\"https:\/\/fotofrangonz.com\/wp-content\/uploads\/2026\/09\/Feria-Marchena-2026-1-Viernes-Francisco-Gonzalez-SOLEMNITY-34.jpg\" class=\"wp-image-17990 vp-lazyload\" alt srcset=\"data:image\/svg+xml;base64,PHN2ZyB3aWR0aD0iMTI4MCIgaGVpZ2h0PSIxOTIwIiB2aWV3Qm94PSIwIDAgMTI4MCAxOTIwIiBmaWxsPSJub25lIiB4bWxucz0iaHR0cDovL3d3dy53My5vcmcvMjAwMC9zdmciPjwvc3ZnPg==\" data-src=\"https:\/\/fotofrangonz.com\/wp-content\/uploads\/2026\/09\/Feria-Marchena-2026-1-Viernes-Francisco-Gonzalez-SOLEMNITY-34.jpg\" data-srcset=\"https:\/\/fotofrangonz.com\/wp-content\/uploads\/2026\/09\/Feria-Marchena-2026-1-Viernes-Francisco-Gonzalez-SOLEMNITY-34.jpg 1280w, https:\/\/fotofrangonz.com\/wp-content\/uploads\/2026\/09\/Feria-Marchena-2026-1-Viernes-Francisco-Gonzalez-SOLEMNITY-34-200x300.jpg 200w, https:\/\/fotofrangonz.com\/wp-content\/uploads\/2026\/09\/Feria-Marchena-2026-1-Viernes-Francisco-Gonzalez-SOLEMNITY-34-683x1024.jpg 683w, https:\/\/fotofrangonz.com\/wp-content\/uploads\/2026\/09\/Feria-Marchena-2026-1-Viernes-Francisco-Gonzalez-SOLEMNITY-34-1024x1536.jpg 1024w, https:\/\/fotofrangonz.com\/wp-content\/uploads\/2026\/09\/Feria-Marchena-2026-1-Viernes-Francisco-Gonzalez-SOLEMNITY-34-500x750.jpg 500w, https:\/\/fotofrangonz.com\/wp-content\/uploads\/2026\/09\/Feria-Marchena-2026-1-Viernes-Francisco-Gonzalez-SOLEMNITY-34-800x1200.jpg 800w, https:\/\/fotofrangonz.com\/wp-content\/uploads\/2026\/09\/Feria-Marchena-2026-1-Viernes-Francisco-Gonzalez-SOLEMNITY-34-1240x1860.jpg 1240w, https:\/\/fotofrangonz.com\/wp-content\/uploads\/2026\/09\/Feria-Marchena-2026-1-Viernes-Francisco-Gonzalez-SOLEMNITY-34-508x762.jpg 508w\" data-sizes=\"auto\" loading=\"eager\">\n        <\/a>    <\/div>\n<\/div>\n\n<figcaption class=\"vp-portfolio__item-overlay vp-portfolio__item-align-center\">\n    <div class=\"vp-portfolio__item-meta-wrap vp-portfolio__custom-scrollbar\">\n        \t<a\n\t\thref=\"https:\/\/fotofrangonz.com\/wp-content\/uploads\/2026\/09\/Feria-Marchena-2026-1-Viernes-Francisco-Gonzalez-SOLEMNITY-34.jpg\"\n\t\ttabindex=\"-1\" class=\"vp-portfolio__item-meta\" \t>\n\t\n        \n        <\/a>    <\/div>\n<\/figcaption>\n\t\t\t<\/figure>\n\t\t\t\t\t<\/div>\n\t\t\n\t\t<div\t\tclass=\"vp-portfolio__item-wrap vp-portfolio__item-uid-6534e68a\" data-vp-filter=\"\" \t\t>\n\t\t\t<template class=\"vp-portfolio__item-popup\" style=\"display: none\" data-vp-popup-img=\"https:\/\/fotofrangonz.com\/wp-content\/uploads\/2026\/09\/Feria-Marchena-2026-1-Viernes-Francisco-Gonzalez-SOLEMNITY-35.jpg\" data-vp-popup-img-srcset=\"https:\/\/fotofrangonz.com\/wp-content\/uploads\/2026\/09\/Feria-Marchena-2026-1-Viernes-Francisco-Gonzalez-SOLEMNITY-35.jpg 1280w, https:\/\/fotofrangonz.com\/wp-content\/uploads\/2026\/09\/Feria-Marchena-2026-1-Viernes-Francisco-Gonzalez-SOLEMNITY-35-200x300.jpg 200w, https:\/\/fotofrangonz.com\/wp-content\/uploads\/2026\/09\/Feria-Marchena-2026-1-Viernes-Francisco-Gonzalez-SOLEMNITY-35-683x1024.jpg 683w, https:\/\/fotofrangonz.com\/wp-content\/uploads\/2026\/09\/Feria-Marchena-2026-1-Viernes-Francisco-Gonzalez-SOLEMNITY-35-1024x1536.jpg 1024w, https:\/\/fotofrangonz.com\/wp-content\/uploads\/2026\/09\/Feria-Marchena-2026-1-Viernes-Francisco-Gonzalez-SOLEMNITY-35-500x750.jpg 500w, https:\/\/fotofrangonz.com\/wp-content\/uploads\/2026\/09\/Feria-Marchena-2026-1-Viernes-Francisco-Gonzalez-SOLEMNITY-35-800x1200.jpg 800w, https:\/\/fotofrangonz.com\/wp-content\/uploads\/2026\/09\/Feria-Marchena-2026-1-Viernes-Francisco-Gonzalez-SOLEMNITY-35-1240x1860.jpg 1240w, https:\/\/fotofrangonz.com\/wp-content\/uploads\/2026\/09\/Feria-Marchena-2026-1-Viernes-Francisco-Gonzalez-SOLEMNITY-35-508x762.jpg 508w\" data-vp-popup-img-size=\"1280x1920\" data-vp-popup-md-img=\"https:\/\/fotofrangonz.com\/wp-content\/uploads\/2026\/09\/Feria-Marchena-2026-1-Viernes-Francisco-Gonzalez-SOLEMNITY-35-800x1200.jpg\" data-vp-popup-md-img-size=\"800x1200\" data-vp-popup-sm-img=\"https:\/\/fotofrangonz.com\/wp-content\/uploads\/2026\/09\/Feria-Marchena-2026-1-Viernes-Francisco-Gonzalez-SOLEMNITY-35-500x750.jpg\" data-vp-popup-sm-img-size=\"500x750\">\n\t<\/template>\n\t\t\t\t\t\t<figure class=\"vp-portfolio__item\">\n\t\t\t\t\n<div class=\"vp-portfolio__item-img-wrap\">\n    <div class=\"vp-portfolio__item-img\">\n        \t<a\n\t\thref=\"https:\/\/fotofrangonz.com\/wp-content\/uploads\/2026\/09\/Feria-Marchena-2026-1-Viernes-Francisco-Gonzalez-SOLEMNITY-35.jpg\"\n\t\t\t>\n\t\n        <noscript><img loading=\"lazy\" decoding=\"async\" width=\"1280\" height=\"1920\" data-skip-lazy src=\"https:\/\/fotofrangonz.com\/wp-content\/uploads\/2026\/09\/Feria-Marchena-2026-1-Viernes-Francisco-Gonzalez-SOLEMNITY-35.jpg\" class=\"wp-image-17991\" alt=\"\" srcset=\"https:\/\/fotofrangonz.com\/wp-content\/uploads\/2026\/09\/Feria-Marchena-2026-1-Viernes-Francisco-Gonzalez-SOLEMNITY-35.jpg 1280w, https:\/\/fotofrangonz.com\/wp-content\/uploads\/2026\/09\/Feria-Marchena-2026-1-Viernes-Francisco-Gonzalez-SOLEMNITY-35-200x300.jpg 200w, https:\/\/fotofrangonz.com\/wp-content\/uploads\/2026\/09\/Feria-Marchena-2026-1-Viernes-Francisco-Gonzalez-SOLEMNITY-35-683x1024.jpg 683w, https:\/\/fotofrangonz.com\/wp-content\/uploads\/2026\/09\/Feria-Marchena-2026-1-Viernes-Francisco-Gonzalez-SOLEMNITY-35-1024x1536.jpg 1024w, https:\/\/fotofrangonz.com\/wp-content\/uploads\/2026\/09\/Feria-Marchena-2026-1-Viernes-Francisco-Gonzalez-SOLEMNITY-35-500x750.jpg 500w, https:\/\/fotofrangonz.com\/wp-content\/uploads\/2026\/09\/Feria-Marchena-2026-1-Viernes-Francisco-Gonzalez-SOLEMNITY-35-800x1200.jpg 800w, https:\/\/fotofrangonz.com\/wp-content\/uploads\/2026\/09\/Feria-Marchena-2026-1-Viernes-Francisco-Gonzalez-SOLEMNITY-35-1240x1860.jpg 1240w, https:\/\/fotofrangonz.com\/wp-content\/uploads\/2026\/09\/Feria-Marchena-2026-1-Viernes-Francisco-Gonzalez-SOLEMNITY-35-508x762.jpg 508w\" sizes=\"auto, (max-width: 1280px) 100vw, 1280px\" \/><\/noscript><img decoding=\"async\" width=\"1280\" height=\"1920\" src=\"https:\/\/fotofrangonz.com\/wp-content\/uploads\/2026\/09\/Feria-Marchena-2026-1-Viernes-Francisco-Gonzalez-SOLEMNITY-35.jpg\" class=\"wp-image-17991 vp-lazyload\" alt srcset=\"data:image\/svg+xml;base64,PHN2ZyB3aWR0aD0iMTI4MCIgaGVpZ2h0PSIxOTIwIiB2aWV3Qm94PSIwIDAgMTI4MCAxOTIwIiBmaWxsPSJub25lIiB4bWxucz0iaHR0cDovL3d3dy53My5vcmcvMjAwMC9zdmciPjwvc3ZnPg==\" data-src=\"https:\/\/fotofrangonz.com\/wp-content\/uploads\/2026\/09\/Feria-Marchena-2026-1-Viernes-Francisco-Gonzalez-SOLEMNITY-35.jpg\" data-srcset=\"https:\/\/fotofrangonz.com\/wp-content\/uploads\/2026\/09\/Feria-Marchena-2026-1-Viernes-Francisco-Gonzalez-SOLEMNITY-35.jpg 1280w, https:\/\/fotofrangonz.com\/wp-content\/uploads\/2026\/09\/Feria-Marchena-2026-1-Viernes-Francisco-Gonzalez-SOLEMNITY-35-200x300.jpg 200w, https:\/\/fotofrangonz.com\/wp-content\/uploads\/2026\/09\/Feria-Marchena-2026-1-Viernes-Francisco-Gonzalez-SOLEMNITY-35-683x1024.jpg 683w, https:\/\/fotofrangonz.com\/wp-content\/uploads\/2026\/09\/Feria-Marchena-2026-1-Viernes-Francisco-Gonzalez-SOLEMNITY-35-1024x1536.jpg 1024w, https:\/\/fotofrangonz.com\/wp-content\/uploads\/2026\/09\/Feria-Marchena-2026-1-Viernes-Francisco-Gonzalez-SOLEMNITY-35-500x750.jpg 500w, https:\/\/fotofrangonz.com\/wp-content\/uploads\/2026\/09\/Feria-Marchena-2026-1-Viernes-Francisco-Gonzalez-SOLEMNITY-35-800x1200.jpg 800w, https:\/\/fotofrangonz.com\/wp-content\/uploads\/2026\/09\/Feria-Marchena-2026-1-Viernes-Francisco-Gonzalez-SOLEMNITY-35-1240x1860.jpg 1240w, https:\/\/fotofrangonz.com\/wp-content\/uploads\/2026\/09\/Feria-Marchena-2026-1-Viernes-Francisco-Gonzalez-SOLEMNITY-35-508x762.jpg 508w\" data-sizes=\"auto\" loading=\"eager\">\n        <\/a>    <\/div>\n<\/div>\n\n<figcaption class=\"vp-portfolio__item-overlay vp-portfolio__item-align-center\">\n    <div class=\"vp-portfolio__item-meta-wrap vp-portfolio__custom-scrollbar\">\n        \t<a\n\t\thref=\"https:\/\/fotofrangonz.com\/wp-content\/uploads\/2026\/09\/Feria-Marchena-2026-1-Viernes-Francisco-Gonzalez-SOLEMNITY-35.jpg\"\n\t\ttabindex=\"-1\" class=\"vp-portfolio__item-meta\" \t>\n\t\n        \n        <\/a>    <\/div>\n<\/figcaption>\n\t\t\t<\/figure>\n\t\t\t\t\t<\/div>\n\t\t\n\t\t<div\t\tclass=\"vp-portfolio__item-wrap vp-portfolio__item-uid-37616495\" data-vp-filter=\"\" \t\t>\n\t\t\t<template class=\"vp-portfolio__item-popup\" style=\"display: none\" data-vp-popup-img=\"https:\/\/fotofrangonz.com\/wp-content\/uploads\/2026\/09\/Feria-Marchena-2026-1-Viernes-Francisco-Gonzalez-SOLEMNITY-36.jpg\" data-vp-popup-img-srcset=\"https:\/\/fotofrangonz.com\/wp-content\/uploads\/2026\/09\/Feria-Marchena-2026-1-Viernes-Francisco-Gonzalez-SOLEMNITY-36.jpg 1280w, https:\/\/fotofrangonz.com\/wp-content\/uploads\/2026\/09\/Feria-Marchena-2026-1-Viernes-Francisco-Gonzalez-SOLEMNITY-36-200x300.jpg 200w, https:\/\/fotofrangonz.com\/wp-content\/uploads\/2026\/09\/Feria-Marchena-2026-1-Viernes-Francisco-Gonzalez-SOLEMNITY-36-683x1024.jpg 683w, https:\/\/fotofrangonz.com\/wp-content\/uploads\/2026\/09\/Feria-Marchena-2026-1-Viernes-Francisco-Gonzalez-SOLEMNITY-36-1024x1536.jpg 1024w, https:\/\/fotofrangonz.com\/wp-content\/uploads\/2026\/09\/Feria-Marchena-2026-1-Viernes-Francisco-Gonzalez-SOLEMNITY-36-500x750.jpg 500w, https:\/\/fotofrangonz.com\/wp-content\/uploads\/2026\/09\/Feria-Marchena-2026-1-Viernes-Francisco-Gonzalez-SOLEMNITY-36-800x1200.jpg 800w, https:\/\/fotofrangonz.com\/wp-content\/uploads\/2026\/09\/Feria-Marchena-2026-1-Viernes-Francisco-Gonzalez-SOLEMNITY-36-1240x1860.jpg 1240w, https:\/\/fotofrangonz.com\/wp-content\/uploads\/2026\/09\/Feria-Marchena-2026-1-Viernes-Francisco-Gonzalez-SOLEMNITY-36-508x762.jpg 508w\" data-vp-popup-img-size=\"1280x1920\" data-vp-popup-md-img=\"https:\/\/fotofrangonz.com\/wp-content\/uploads\/2026\/09\/Feria-Marchena-2026-1-Viernes-Francisco-Gonzalez-SOLEMNITY-36-800x1200.jpg\" data-vp-popup-md-img-size=\"800x1200\" data-vp-popup-sm-img=\"https:\/\/fotofrangonz.com\/wp-content\/uploads\/2026\/09\/Feria-Marchena-2026-1-Viernes-Francisco-Gonzalez-SOLEMNITY-36-500x750.jpg\" data-vp-popup-sm-img-size=\"500x750\">\n\t<\/template>\n\t\t\t\t\t\t<figure class=\"vp-portfolio__item\">\n\t\t\t\t\n<div class=\"vp-portfolio__item-img-wrap\">\n    <div class=\"vp-portfolio__item-img\">\n        \t<a\n\t\thref=\"https:\/\/fotofrangonz.com\/wp-content\/uploads\/2026\/09\/Feria-Marchena-2026-1-Viernes-Francisco-Gonzalez-SOLEMNITY-36.jpg\"\n\t\t\t>\n\t\n        <noscript><img loading=\"lazy\" decoding=\"async\" width=\"1280\" height=\"1920\" data-skip-lazy src=\"https:\/\/fotofrangonz.com\/wp-content\/uploads\/2026\/09\/Feria-Marchena-2026-1-Viernes-Francisco-Gonzalez-SOLEMNITY-36.jpg\" class=\"wp-image-17992\" alt=\"\" srcset=\"https:\/\/fotofrangonz.com\/wp-content\/uploads\/2026\/09\/Feria-Marchena-2026-1-Viernes-Francisco-Gonzalez-SOLEMNITY-36.jpg 1280w, https:\/\/fotofrangonz.com\/wp-content\/uploads\/2026\/09\/Feria-Marchena-2026-1-Viernes-Francisco-Gonzalez-SOLEMNITY-36-200x300.jpg 200w, https:\/\/fotofrangonz.com\/wp-content\/uploads\/2026\/09\/Feria-Marchena-2026-1-Viernes-Francisco-Gonzalez-SOLEMNITY-36-683x1024.jpg 683w, https:\/\/fotofrangonz.com\/wp-content\/uploads\/2026\/09\/Feria-Marchena-2026-1-Viernes-Francisco-Gonzalez-SOLEMNITY-36-1024x1536.jpg 1024w, https:\/\/fotofrangonz.com\/wp-content\/uploads\/2026\/09\/Feria-Marchena-2026-1-Viernes-Francisco-Gonzalez-SOLEMNITY-36-500x750.jpg 500w, https:\/\/fotofrangonz.com\/wp-content\/uploads\/2026\/09\/Feria-Marchena-2026-1-Viernes-Francisco-Gonzalez-SOLEMNITY-36-800x1200.jpg 800w, https:\/\/fotofrangonz.com\/wp-content\/uploads\/2026\/09\/Feria-Marchena-2026-1-Viernes-Francisco-Gonzalez-SOLEMNITY-36-1240x1860.jpg 1240w, https:\/\/fotofrangonz.com\/wp-content\/uploads\/2026\/09\/Feria-Marchena-2026-1-Viernes-Francisco-Gonzalez-SOLEMNITY-36-508x762.jpg 508w\" sizes=\"auto, (max-width: 1280px) 100vw, 1280px\" \/><\/noscript><img decoding=\"async\" width=\"1280\" height=\"1920\" src=\"https:\/\/fotofrangonz.com\/wp-content\/uploads\/2026\/09\/Feria-Marchena-2026-1-Viernes-Francisco-Gonzalez-SOLEMNITY-36.jpg\" class=\"wp-image-17992 vp-lazyload\" alt srcset=\"data:image\/svg+xml;base64,PHN2ZyB3aWR0aD0iMTI4MCIgaGVpZ2h0PSIxOTIwIiB2aWV3Qm94PSIwIDAgMTI4MCAxOTIwIiBmaWxsPSJub25lIiB4bWxucz0iaHR0cDovL3d3dy53My5vcmcvMjAwMC9zdmciPjwvc3ZnPg==\" data-src=\"https:\/\/fotofrangonz.com\/wp-content\/uploads\/2026\/09\/Feria-Marchena-2026-1-Viernes-Francisco-Gonzalez-SOLEMNITY-36.jpg\" data-srcset=\"https:\/\/fotofrangonz.com\/wp-content\/uploads\/2026\/09\/Feria-Marchena-2026-1-Viernes-Francisco-Gonzalez-SOLEMNITY-36.jpg 1280w, https:\/\/fotofrangonz.com\/wp-content\/uploads\/2026\/09\/Feria-Marchena-2026-1-Viernes-Francisco-Gonzalez-SOLEMNITY-36-200x300.jpg 200w, https:\/\/fotofrangonz.com\/wp-content\/uploads\/2026\/09\/Feria-Marchena-2026-1-Viernes-Francisco-Gonzalez-SOLEMNITY-36-683x1024.jpg 683w, https:\/\/fotofrangonz.com\/wp-content\/uploads\/2026\/09\/Feria-Marchena-2026-1-Viernes-Francisco-Gonzalez-SOLEMNITY-36-1024x1536.jpg 1024w, https:\/\/fotofrangonz.com\/wp-content\/uploads\/2026\/09\/Feria-Marchena-2026-1-Viernes-Francisco-Gonzalez-SOLEMNITY-36-500x750.jpg 500w, https:\/\/fotofrangonz.com\/wp-content\/uploads\/2026\/09\/Feria-Marchena-2026-1-Viernes-Francisco-Gonzalez-SOLEMNITY-36-800x1200.jpg 800w, https:\/\/fotofrangonz.com\/wp-content\/uploads\/2026\/09\/Feria-Marchena-2026-1-Viernes-Francisco-Gonzalez-SOLEMNITY-36-1240x1860.jpg 1240w, https:\/\/fotofrangonz.com\/wp-content\/uploads\/2026\/09\/Feria-Marchena-2026-1-Viernes-Francisco-Gonzalez-SOLEMNITY-36-508x762.jpg 508w\" data-sizes=\"auto\" loading=\"eager\">\n        <\/a>    <\/div>\n<\/div>\n\n<figcaption class=\"vp-portfolio__item-overlay vp-portfolio__item-align-center\">\n    <div class=\"vp-portfolio__item-meta-wrap vp-portfolio__custom-scrollbar\">\n        \t<a\n\t\thref=\"https:\/\/fotofrangonz.com\/wp-content\/uploads\/2026\/09\/Feria-Marchena-2026-1-Viernes-Francisco-Gonzalez-SOLEMNITY-36.jpg\"\n\t\ttabindex=\"-1\" class=\"vp-portfolio__item-meta\" \t>\n\t\n        \n        <\/a>    <\/div>\n<\/figcaption>\n\t\t\t<\/figure>\n\t\t\t\t\t<\/div>\n\t\t\n\t\t<div\t\tclass=\"vp-portfolio__item-wrap vp-portfolio__item-uid-c6f226ad\" data-vp-filter=\"\" \t\t>\n\t\t\t<template class=\"vp-portfolio__item-popup\" style=\"display: none\" data-vp-popup-img=\"https:\/\/fotofrangonz.com\/wp-content\/uploads\/2026\/09\/Feria-Marchena-2026-1-Viernes-Francisco-Gonzalez-SOLEMNITY-37.jpg\" data-vp-popup-img-srcset=\"https:\/\/fotofrangonz.com\/wp-content\/uploads\/2026\/09\/Feria-Marchena-2026-1-Viernes-Francisco-Gonzalez-SOLEMNITY-37.jpg 1280w, https:\/\/fotofrangonz.com\/wp-content\/uploads\/2026\/09\/Feria-Marchena-2026-1-Viernes-Francisco-Gonzalez-SOLEMNITY-37-200x300.jpg 200w, https:\/\/fotofrangonz.com\/wp-content\/uploads\/2026\/09\/Feria-Marchena-2026-1-Viernes-Francisco-Gonzalez-SOLEMNITY-37-683x1024.jpg 683w, https:\/\/fotofrangonz.com\/wp-content\/uploads\/2026\/09\/Feria-Marchena-2026-1-Viernes-Francisco-Gonzalez-SOLEMNITY-37-1024x1536.jpg 1024w, https:\/\/fotofrangonz.com\/wp-content\/uploads\/2026\/09\/Feria-Marchena-2026-1-Viernes-Francisco-Gonzalez-SOLEMNITY-37-500x750.jpg 500w, https:\/\/fotofrangonz.com\/wp-content\/uploads\/2026\/09\/Feria-Marchena-2026-1-Viernes-Francisco-Gonzalez-SOLEMNITY-37-800x1200.jpg 800w, https:\/\/fotofrangonz.com\/wp-content\/uploads\/2026\/09\/Feria-Marchena-2026-1-Viernes-Francisco-Gonzalez-SOLEMNITY-37-1240x1860.jpg 1240w, https:\/\/fotofrangonz.com\/wp-content\/uploads\/2026\/09\/Feria-Marchena-2026-1-Viernes-Francisco-Gonzalez-SOLEMNITY-37-508x762.jpg 508w\" data-vp-popup-img-size=\"1280x1920\" data-vp-popup-md-img=\"https:\/\/fotofrangonz.com\/wp-content\/uploads\/2026\/09\/Feria-Marchena-2026-1-Viernes-Francisco-Gonzalez-SOLEMNITY-37-800x1200.jpg\" data-vp-popup-md-img-size=\"800x1200\" data-vp-popup-sm-img=\"https:\/\/fotofrangonz.com\/wp-content\/uploads\/2026\/09\/Feria-Marchena-2026-1-Viernes-Francisco-Gonzalez-SOLEMNITY-37-500x750.jpg\" data-vp-popup-sm-img-size=\"500x750\">\n\t<\/template>\n\t\t\t\t\t\t<figure class=\"vp-portfolio__item\">\n\t\t\t\t\n<div class=\"vp-portfolio__item-img-wrap\">\n    <div class=\"vp-portfolio__item-img\">\n        \t<a\n\t\thref=\"https:\/\/fotofrangonz.com\/wp-content\/uploads\/2026\/09\/Feria-Marchena-2026-1-Viernes-Francisco-Gonzalez-SOLEMNITY-37.jpg\"\n\t\t\t>\n\t\n        <noscript><img loading=\"lazy\" decoding=\"async\" width=\"1280\" height=\"1920\" data-skip-lazy src=\"https:\/\/fotofrangonz.com\/wp-content\/uploads\/2026\/09\/Feria-Marchena-2026-1-Viernes-Francisco-Gonzalez-SOLEMNITY-37.jpg\" class=\"wp-image-17993\" alt=\"\" srcset=\"https:\/\/fotofrangonz.com\/wp-content\/uploads\/2026\/09\/Feria-Marchena-2026-1-Viernes-Francisco-Gonzalez-SOLEMNITY-37.jpg 1280w, https:\/\/fotofrangonz.com\/wp-content\/uploads\/2026\/09\/Feria-Marchena-2026-1-Viernes-Francisco-Gonzalez-SOLEMNITY-37-200x300.jpg 200w, https:\/\/fotofrangonz.com\/wp-content\/uploads\/2026\/09\/Feria-Marchena-2026-1-Viernes-Francisco-Gonzalez-SOLEMNITY-37-683x1024.jpg 683w, https:\/\/fotofrangonz.com\/wp-content\/uploads\/2026\/09\/Feria-Marchena-2026-1-Viernes-Francisco-Gonzalez-SOLEMNITY-37-1024x1536.jpg 1024w, https:\/\/fotofrangonz.com\/wp-content\/uploads\/2026\/09\/Feria-Marchena-2026-1-Viernes-Francisco-Gonzalez-SOLEMNITY-37-500x750.jpg 500w, https:\/\/fotofrangonz.com\/wp-content\/uploads\/2026\/09\/Feria-Marchena-2026-1-Viernes-Francisco-Gonzalez-SOLEMNITY-37-800x1200.jpg 800w, https:\/\/fotofrangonz.com\/wp-content\/uploads\/2026\/09\/Feria-Marchena-2026-1-Viernes-Francisco-Gonzalez-SOLEMNITY-37-1240x1860.jpg 1240w, https:\/\/fotofrangonz.com\/wp-content\/uploads\/2026\/09\/Feria-Marchena-2026-1-Viernes-Francisco-Gonzalez-SOLEMNITY-37-508x762.jpg 508w\" sizes=\"auto, (max-width: 1280px) 100vw, 1280px\" \/><\/noscript><img decoding=\"async\" width=\"1280\" height=\"1920\" src=\"https:\/\/fotofrangonz.com\/wp-content\/uploads\/2026\/09\/Feria-Marchena-2026-1-Viernes-Francisco-Gonzalez-SOLEMNITY-37.jpg\" class=\"wp-image-17993 vp-lazyload\" alt srcset=\"data:image\/svg+xml;base64,PHN2ZyB3aWR0aD0iMTI4MCIgaGVpZ2h0PSIxOTIwIiB2aWV3Qm94PSIwIDAgMTI4MCAxOTIwIiBmaWxsPSJub25lIiB4bWxucz0iaHR0cDovL3d3dy53My5vcmcvMjAwMC9zdmciPjwvc3ZnPg==\" data-src=\"https:\/\/fotofrangonz.com\/wp-content\/uploads\/2026\/09\/Feria-Marchena-2026-1-Viernes-Francisco-Gonzalez-SOLEMNITY-37.jpg\" data-srcset=\"https:\/\/fotofrangonz.com\/wp-content\/uploads\/2026\/09\/Feria-Marchena-2026-1-Viernes-Francisco-Gonzalez-SOLEMNITY-37.jpg 1280w, https:\/\/fotofrangonz.com\/wp-content\/uploads\/2026\/09\/Feria-Marchena-2026-1-Viernes-Francisco-Gonzalez-SOLEMNITY-37-200x300.jpg 200w, https:\/\/fotofrangonz.com\/wp-content\/uploads\/2026\/09\/Feria-Marchena-2026-1-Viernes-Francisco-Gonzalez-SOLEMNITY-37-683x1024.jpg 683w, https:\/\/fotofrangonz.com\/wp-content\/uploads\/2026\/09\/Feria-Marchena-2026-1-Viernes-Francisco-Gonzalez-SOLEMNITY-37-1024x1536.jpg 1024w, https:\/\/fotofrangonz.com\/wp-content\/uploads\/2026\/09\/Feria-Marchena-2026-1-Viernes-Francisco-Gonzalez-SOLEMNITY-37-500x750.jpg 500w, https:\/\/fotofrangonz.com\/wp-content\/uploads\/2026\/09\/Feria-Marchena-2026-1-Viernes-Francisco-Gonzalez-SOLEMNITY-37-800x1200.jpg 800w, https:\/\/fotofrangonz.com\/wp-content\/uploads\/2026\/09\/Feria-Marchena-2026-1-Viernes-Francisco-Gonzalez-SOLEMNITY-37-1240x1860.jpg 1240w, https:\/\/fotofrangonz.com\/wp-content\/uploads\/2026\/09\/Feria-Marchena-2026-1-Viernes-Francisco-Gonzalez-SOLEMNITY-37-508x762.jpg 508w\" data-sizes=\"auto\" loading=\"eager\">\n        <\/a>    <\/div>\n<\/div>\n\n<figcaption class=\"vp-portfolio__item-overlay vp-portfolio__item-align-center\">\n    <div class=\"vp-portfolio__item-meta-wrap vp-portfolio__custom-scrollbar\">\n        \t<a\n\t\thref=\"https:\/\/fotofrangonz.com\/wp-content\/uploads\/2026\/09\/Feria-Marchena-2026-1-Viernes-Francisco-Gonzalez-SOLEMNITY-37.jpg\"\n\t\ttabindex=\"-1\" class=\"vp-portfolio__item-meta\" \t>\n\t\n        \n        <\/a>    <\/div>\n<\/figcaption>\n\t\t\t<\/figure>\n\t\t\t\t\t<\/div>\n\t\t\n\t\t<div\t\tclass=\"vp-portfolio__item-wrap vp-portfolio__item-uid-93ca60ab\" data-vp-filter=\"\" \t\t>\n\t\t\t<template class=\"vp-portfolio__item-popup\" style=\"display: none\" data-vp-popup-img=\"https:\/\/fotofrangonz.com\/wp-content\/uploads\/2026\/09\/Feria-Marchena-2026-1-Viernes-Francisco-Gonzalez-SOLEMNITY-38.jpg\" data-vp-popup-img-srcset=\"https:\/\/fotofrangonz.com\/wp-content\/uploads\/2026\/09\/Feria-Marchena-2026-1-Viernes-Francisco-Gonzalez-SOLEMNITY-38.jpg 1280w, https:\/\/fotofrangonz.com\/wp-content\/uploads\/2026\/09\/Feria-Marchena-2026-1-Viernes-Francisco-Gonzalez-SOLEMNITY-38-200x300.jpg 200w, https:\/\/fotofrangonz.com\/wp-content\/uploads\/2026\/09\/Feria-Marchena-2026-1-Viernes-Francisco-Gonzalez-SOLEMNITY-38-683x1024.jpg 683w, https:\/\/fotofrangonz.com\/wp-content\/uploads\/2026\/09\/Feria-Marchena-2026-1-Viernes-Francisco-Gonzalez-SOLEMNITY-38-1024x1536.jpg 1024w, https:\/\/fotofrangonz.com\/wp-content\/uploads\/2026\/09\/Feria-Marchena-2026-1-Viernes-Francisco-Gonzalez-SOLEMNITY-38-500x750.jpg 500w, https:\/\/fotofrangonz.com\/wp-content\/uploads\/2026\/09\/Feria-Marchena-2026-1-Viernes-Francisco-Gonzalez-SOLEMNITY-38-800x1200.jpg 800w, https:\/\/fotofrangonz.com\/wp-content\/uploads\/2026\/09\/Feria-Marchena-2026-1-Viernes-Francisco-Gonzalez-SOLEMNITY-38-1240x1860.jpg 1240w, https:\/\/fotofrangonz.com\/wp-content\/uploads\/2026\/09\/Feria-Marchena-2026-1-Viernes-Francisco-Gonzalez-SOLEMNITY-38-508x762.jpg 508w\" data-vp-popup-img-size=\"1280x1920\" data-vp-popup-md-img=\"https:\/\/fotofrangonz.com\/wp-content\/uploads\/2026\/09\/Feria-Marchena-2026-1-Viernes-Francisco-Gonzalez-SOLEMNITY-38-800x1200.jpg\" data-vp-popup-md-img-size=\"800x1200\" data-vp-popup-sm-img=\"https:\/\/fotofrangonz.com\/wp-content\/uploads\/2026\/09\/Feria-Marchena-2026-1-Viernes-Francisco-Gonzalez-SOLEMNITY-38-500x750.jpg\" data-vp-popup-sm-img-size=\"500x750\">\n\t<\/template>\n\t\t\t\t\t\t<figure class=\"vp-portfolio__item\">\n\t\t\t\t\n<div class=\"vp-portfolio__item-img-wrap\">\n    <div class=\"vp-portfolio__item-img\">\n        \t<a\n\t\thref=\"https:\/\/fotofrangonz.com\/wp-content\/uploads\/2026\/09\/Feria-Marchena-2026-1-Viernes-Francisco-Gonzalez-SOLEMNITY-38.jpg\"\n\t\t\t>\n\t\n        <noscript><img loading=\"lazy\" decoding=\"async\" width=\"1280\" height=\"1920\" data-skip-lazy src=\"https:\/\/fotofrangonz.com\/wp-content\/uploads\/2026\/09\/Feria-Marchena-2026-1-Viernes-Francisco-Gonzalez-SOLEMNITY-38.jpg\" class=\"wp-image-17994\" alt=\"\" srcset=\"https:\/\/fotofrangonz.com\/wp-content\/uploads\/2026\/09\/Feria-Marchena-2026-1-Viernes-Francisco-Gonzalez-SOLEMNITY-38.jpg 1280w, https:\/\/fotofrangonz.com\/wp-content\/uploads\/2026\/09\/Feria-Marchena-2026-1-Viernes-Francisco-Gonzalez-SOLEMNITY-38-200x300.jpg 200w, https:\/\/fotofrangonz.com\/wp-content\/uploads\/2026\/09\/Feria-Marchena-2026-1-Viernes-Francisco-Gonzalez-SOLEMNITY-38-683x1024.jpg 683w, https:\/\/fotofrangonz.com\/wp-content\/uploads\/2026\/09\/Feria-Marchena-2026-1-Viernes-Francisco-Gonzalez-SOLEMNITY-38-1024x1536.jpg 1024w, https:\/\/fotofrangonz.com\/wp-content\/uploads\/2026\/09\/Feria-Marchena-2026-1-Viernes-Francisco-Gonzalez-SOLEMNITY-38-500x750.jpg 500w, https:\/\/fotofrangonz.com\/wp-content\/uploads\/2026\/09\/Feria-Marchena-2026-1-Viernes-Francisco-Gonzalez-SOLEMNITY-38-800x1200.jpg 800w, https:\/\/fotofrangonz.com\/wp-content\/uploads\/2026\/09\/Feria-Marchena-2026-1-Viernes-Francisco-Gonzalez-SOLEMNITY-38-1240x1860.jpg 1240w, https:\/\/fotofrangonz.com\/wp-content\/uploads\/2026\/09\/Feria-Marchena-2026-1-Viernes-Francisco-Gonzalez-SOLEMNITY-38-508x762.jpg 508w\" sizes=\"auto, (max-width: 1280px) 100vw, 1280px\" \/><\/noscript><img decoding=\"async\" width=\"1280\" height=\"1920\" src=\"https:\/\/fotofrangonz.com\/wp-content\/uploads\/2026\/09\/Feria-Marchena-2026-1-Viernes-Francisco-Gonzalez-SOLEMNITY-38.jpg\" class=\"wp-image-17994 vp-lazyload\" alt srcset=\"data:image\/svg+xml;base64,PHN2ZyB3aWR0aD0iMTI4MCIgaGVpZ2h0PSIxOTIwIiB2aWV3Qm94PSIwIDAgMTI4MCAxOTIwIiBmaWxsPSJub25lIiB4bWxucz0iaHR0cDovL3d3dy53My5vcmcvMjAwMC9zdmciPjwvc3ZnPg==\" data-src=\"https:\/\/fotofrangonz.com\/wp-content\/uploads\/2026\/09\/Feria-Marchena-2026-1-Viernes-Francisco-Gonzalez-SOLEMNITY-38.jpg\" data-srcset=\"https:\/\/fotofrangonz.com\/wp-content\/uploads\/2026\/09\/Feria-Marchena-2026-1-Viernes-Francisco-Gonzalez-SOLEMNITY-38.jpg 1280w, https:\/\/fotofrangonz.com\/wp-content\/uploads\/2026\/09\/Feria-Marchena-2026-1-Viernes-Francisco-Gonzalez-SOLEMNITY-38-200x300.jpg 200w, https:\/\/fotofrangonz.com\/wp-content\/uploads\/2026\/09\/Feria-Marchena-2026-1-Viernes-Francisco-Gonzalez-SOLEMNITY-38-683x1024.jpg 683w, https:\/\/fotofrangonz.com\/wp-content\/uploads\/2026\/09\/Feria-Marchena-2026-1-Viernes-Francisco-Gonzalez-SOLEMNITY-38-1024x1536.jpg 1024w, https:\/\/fotofrangonz.com\/wp-content\/uploads\/2026\/09\/Feria-Marchena-2026-1-Viernes-Francisco-Gonzalez-SOLEMNITY-38-500x750.jpg 500w, https:\/\/fotofrangonz.com\/wp-content\/uploads\/2026\/09\/Feria-Marchena-2026-1-Viernes-Francisco-Gonzalez-SOLEMNITY-38-800x1200.jpg 800w, https:\/\/fotofrangonz.com\/wp-content\/uploads\/2026\/09\/Feria-Marchena-2026-1-Viernes-Francisco-Gonzalez-SOLEMNITY-38-1240x1860.jpg 1240w, https:\/\/fotofrangonz.com\/wp-content\/uploads\/2026\/09\/Feria-Marchena-2026-1-Viernes-Francisco-Gonzalez-SOLEMNITY-38-508x762.jpg 508w\" data-sizes=\"auto\" loading=\"eager\">\n        <\/a>    <\/div>\n<\/div>\n\n<figcaption class=\"vp-portfolio__item-overlay vp-portfolio__item-align-center\">\n    <div class=\"vp-portfolio__item-meta-wrap vp-portfolio__custom-scrollbar\">\n        \t<a\n\t\thref=\"https:\/\/fotofrangonz.com\/wp-content\/uploads\/2026\/09\/Feria-Marchena-2026-1-Viernes-Francisco-Gonzalez-SOLEMNITY-38.jpg\"\n\t\ttabindex=\"-1\" class=\"vp-portfolio__item-meta\" \t>\n\t\n        \n        <\/a>    <\/div>\n<\/figcaption>\n\t\t\t<\/figure>\n\t\t\t\t\t<\/div>\n\t\t\n\t\t<div\t\tclass=\"vp-portfolio__item-wrap vp-portfolio__item-uid-159be2e8\" data-vp-filter=\"\" \t\t>\n\t\t\t<template class=\"vp-portfolio__item-popup\" style=\"display: none\" data-vp-popup-img=\"https:\/\/fotofrangonz.com\/wp-content\/uploads\/2026\/09\/Feria-Marchena-2026-1-Viernes-Francisco-Gonzalez-SOLEMNITY-39.jpg\" data-vp-popup-img-srcset=\"https:\/\/fotofrangonz.com\/wp-content\/uploads\/2026\/09\/Feria-Marchena-2026-1-Viernes-Francisco-Gonzalez-SOLEMNITY-39.jpg 1920w, https:\/\/fotofrangonz.com\/wp-content\/uploads\/2026\/09\/Feria-Marchena-2026-1-Viernes-Francisco-Gonzalez-SOLEMNITY-39-300x200.jpg 300w, https:\/\/fotofrangonz.com\/wp-content\/uploads\/2026\/09\/Feria-Marchena-2026-1-Viernes-Francisco-Gonzalez-SOLEMNITY-39-1024x683.jpg 1024w, https:\/\/fotofrangonz.com\/wp-content\/uploads\/2026\/09\/Feria-Marchena-2026-1-Viernes-Francisco-Gonzalez-SOLEMNITY-39-1536x1024.jpg 1536w, https:\/\/fotofrangonz.com\/wp-content\/uploads\/2026\/09\/Feria-Marchena-2026-1-Viernes-Francisco-Gonzalez-SOLEMNITY-39-500x333.jpg 500w, https:\/\/fotofrangonz.com\/wp-content\/uploads\/2026\/09\/Feria-Marchena-2026-1-Viernes-Francisco-Gonzalez-SOLEMNITY-39-800x533.jpg 800w, https:\/\/fotofrangonz.com\/wp-content\/uploads\/2026\/09\/Feria-Marchena-2026-1-Viernes-Francisco-Gonzalez-SOLEMNITY-39-1280x853.jpg 1280w, https:\/\/fotofrangonz.com\/wp-content\/uploads\/2026\/09\/Feria-Marchena-2026-1-Viernes-Francisco-Gonzalez-SOLEMNITY-39-1240x827.jpg 1240w, https:\/\/fotofrangonz.com\/wp-content\/uploads\/2026\/09\/Feria-Marchena-2026-1-Viernes-Francisco-Gonzalez-SOLEMNITY-39-508x339.jpg 508w\" data-vp-popup-img-size=\"1920x1280\" data-vp-popup-md-img=\"https:\/\/fotofrangonz.com\/wp-content\/uploads\/2026\/09\/Feria-Marchena-2026-1-Viernes-Francisco-Gonzalez-SOLEMNITY-39-800x533.jpg\" data-vp-popup-md-img-size=\"800x533\" data-vp-popup-sm-img=\"https:\/\/fotofrangonz.com\/wp-content\/uploads\/2026\/09\/Feria-Marchena-2026-1-Viernes-Francisco-Gonzalez-SOLEMNITY-39-500x333.jpg\" data-vp-popup-sm-img-size=\"500x333\">\n\t<\/template>\n\t\t\t\t\t\t<figure class=\"vp-portfolio__item\">\n\t\t\t\t\n<div class=\"vp-portfolio__item-img-wrap\">\n    <div class=\"vp-portfolio__item-img\">\n        \t<a\n\t\thref=\"https:\/\/fotofrangonz.com\/wp-content\/uploads\/2026\/09\/Feria-Marchena-2026-1-Viernes-Francisco-Gonzalez-SOLEMNITY-39.jpg\"\n\t\t\t>\n\t\n        <noscript><img loading=\"lazy\" decoding=\"async\" width=\"1920\" height=\"1280\" data-skip-lazy src=\"https:\/\/fotofrangonz.com\/wp-content\/uploads\/2026\/09\/Feria-Marchena-2026-1-Viernes-Francisco-Gonzalez-SOLEMNITY-39.jpg\" class=\"wp-image-17995\" alt=\"\" srcset=\"https:\/\/fotofrangonz.com\/wp-content\/uploads\/2026\/09\/Feria-Marchena-2026-1-Viernes-Francisco-Gonzalez-SOLEMNITY-39.jpg 1920w, https:\/\/fotofrangonz.com\/wp-content\/uploads\/2026\/09\/Feria-Marchena-2026-1-Viernes-Francisco-Gonzalez-SOLEMNITY-39-300x200.jpg 300w, https:\/\/fotofrangonz.com\/wp-content\/uploads\/2026\/09\/Feria-Marchena-2026-1-Viernes-Francisco-Gonzalez-SOLEMNITY-39-1024x683.jpg 1024w, https:\/\/fotofrangonz.com\/wp-content\/uploads\/2026\/09\/Feria-Marchena-2026-1-Viernes-Francisco-Gonzalez-SOLEMNITY-39-1536x1024.jpg 1536w, https:\/\/fotofrangonz.com\/wp-content\/uploads\/2026\/09\/Feria-Marchena-2026-1-Viernes-Francisco-Gonzalez-SOLEMNITY-39-500x333.jpg 500w, https:\/\/fotofrangonz.com\/wp-content\/uploads\/2026\/09\/Feria-Marchena-2026-1-Viernes-Francisco-Gonzalez-SOLEMNITY-39-800x533.jpg 800w, https:\/\/fotofrangonz.com\/wp-content\/uploads\/2026\/09\/Feria-Marchena-2026-1-Viernes-Francisco-Gonzalez-SOLEMNITY-39-1280x853.jpg 1280w, https:\/\/fotofrangonz.com\/wp-content\/uploads\/2026\/09\/Feria-Marchena-2026-1-Viernes-Francisco-Gonzalez-SOLEMNITY-39-1240x827.jpg 1240w, https:\/\/fotofrangonz.com\/wp-content\/uploads\/2026\/09\/Feria-Marchena-2026-1-Viernes-Francisco-Gonzalez-SOLEMNITY-39-508x339.jpg 508w\" sizes=\"auto, (max-width: 1920px) 100vw, 1920px\" \/><\/noscript><img decoding=\"async\" width=\"1920\" height=\"1280\" src=\"https:\/\/fotofrangonz.com\/wp-content\/uploads\/2026\/09\/Feria-Marchena-2026-1-Viernes-Francisco-Gonzalez-SOLEMNITY-39.jpg\" class=\"wp-image-17995 vp-lazyload\" alt srcset=\"data:image\/svg+xml;base64,PHN2ZyB3aWR0aD0iMTkyMCIgaGVpZ2h0PSIxMjgwIiB2aWV3Qm94PSIwIDAgMTkyMCAxMjgwIiBmaWxsPSJub25lIiB4bWxucz0iaHR0cDovL3d3dy53My5vcmcvMjAwMC9zdmciPjwvc3ZnPg==\" data-src=\"https:\/\/fotofrangonz.com\/wp-content\/uploads\/2026\/09\/Feria-Marchena-2026-1-Viernes-Francisco-Gonzalez-SOLEMNITY-39.jpg\" data-srcset=\"https:\/\/fotofrangonz.com\/wp-content\/uploads\/2026\/09\/Feria-Marchena-2026-1-Viernes-Francisco-Gonzalez-SOLEMNITY-39.jpg 1920w, https:\/\/fotofrangonz.com\/wp-content\/uploads\/2026\/09\/Feria-Marchena-2026-1-Viernes-Francisco-Gonzalez-SOLEMNITY-39-300x200.jpg 300w, https:\/\/fotofrangonz.com\/wp-content\/uploads\/2026\/09\/Feria-Marchena-2026-1-Viernes-Francisco-Gonzalez-SOLEMNITY-39-1024x683.jpg 1024w, https:\/\/fotofrangonz.com\/wp-content\/uploads\/2026\/09\/Feria-Marchena-2026-1-Viernes-Francisco-Gonzalez-SOLEMNITY-39-1536x1024.jpg 1536w, https:\/\/fotofrangonz.com\/wp-content\/uploads\/2026\/09\/Feria-Marchena-2026-1-Viernes-Francisco-Gonzalez-SOLEMNITY-39-500x333.jpg 500w, https:\/\/fotofrangonz.com\/wp-content\/uploads\/2026\/09\/Feria-Marchena-2026-1-Viernes-Francisco-Gonzalez-SOLEMNITY-39-800x533.jpg 800w, https:\/\/fotofrangonz.com\/wp-content\/uploads\/2026\/09\/Feria-Marchena-2026-1-Viernes-Francisco-Gonzalez-SOLEMNITY-39-1280x853.jpg 1280w, https:\/\/fotofrangonz.com\/wp-content\/uploads\/2026\/09\/Feria-Marchena-2026-1-Viernes-Francisco-Gonzalez-SOLEMNITY-39-1240x827.jpg 1240w, https:\/\/fotofrangonz.com\/wp-content\/uploads\/2026\/09\/Feria-Marchena-2026-1-Viernes-Francisco-Gonzalez-SOLEMNITY-39-508x339.jpg 508w\" data-sizes=\"auto\" loading=\"eager\">\n        <\/a>    <\/div>\n<\/div>\n\n<figcaption class=\"vp-portfolio__item-overlay vp-portfolio__item-align-center\">\n    <div class=\"vp-portfolio__item-meta-wrap vp-portfolio__custom-scrollbar\">\n        \t<a\n\t\thref=\"https:\/\/fotofrangonz.com\/wp-content\/uploads\/2026\/09\/Feria-Marchena-2026-1-Viernes-Francisco-Gonzalez-SOLEMNITY-39.jpg\"\n\t\ttabindex=\"-1\" class=\"vp-portfolio__item-meta\" \t>\n\t\n        \n        <\/a>    <\/div>\n<\/figcaption>\n\t\t\t<\/figure>\n\t\t\t\t\t<\/div>\n\t\t\n\t\t<div\t\tclass=\"vp-portfolio__item-wrap vp-portfolio__item-uid-47ce60f7\" data-vp-filter=\"\" \t\t>\n\t\t\t<template class=\"vp-portfolio__item-popup\" style=\"display: none\" data-vp-popup-img=\"https:\/\/fotofrangonz.com\/wp-content\/uploads\/2026\/09\/Feria-Marchena-2026-1-Viernes-Francisco-Gonzalez-SOLEMNITY-40.jpg\" data-vp-popup-img-srcset=\"https:\/\/fotofrangonz.com\/wp-content\/uploads\/2026\/09\/Feria-Marchena-2026-1-Viernes-Francisco-Gonzalez-SOLEMNITY-40.jpg 1280w, https:\/\/fotofrangonz.com\/wp-content\/uploads\/2026\/09\/Feria-Marchena-2026-1-Viernes-Francisco-Gonzalez-SOLEMNITY-40-200x300.jpg 200w, https:\/\/fotofrangonz.com\/wp-content\/uploads\/2026\/09\/Feria-Marchena-2026-1-Viernes-Francisco-Gonzalez-SOLEMNITY-40-683x1024.jpg 683w, https:\/\/fotofrangonz.com\/wp-content\/uploads\/2026\/09\/Feria-Marchena-2026-1-Viernes-Francisco-Gonzalez-SOLEMNITY-40-1024x1536.jpg 1024w, https:\/\/fotofrangonz.com\/wp-content\/uploads\/2026\/09\/Feria-Marchena-2026-1-Viernes-Francisco-Gonzalez-SOLEMNITY-40-500x750.jpg 500w, https:\/\/fotofrangonz.com\/wp-content\/uploads\/2026\/09\/Feria-Marchena-2026-1-Viernes-Francisco-Gonzalez-SOLEMNITY-40-800x1200.jpg 800w, https:\/\/fotofrangonz.com\/wp-content\/uploads\/2026\/09\/Feria-Marchena-2026-1-Viernes-Francisco-Gonzalez-SOLEMNITY-40-1240x1860.jpg 1240w, https:\/\/fotofrangonz.com\/wp-content\/uploads\/2026\/09\/Feria-Marchena-2026-1-Viernes-Francisco-Gonzalez-SOLEMNITY-40-508x762.jpg 508w\" data-vp-popup-img-size=\"1280x1920\" data-vp-popup-md-img=\"https:\/\/fotofrangonz.com\/wp-content\/uploads\/2026\/09\/Feria-Marchena-2026-1-Viernes-Francisco-Gonzalez-SOLEMNITY-40-800x1200.jpg\" data-vp-popup-md-img-size=\"800x1200\" data-vp-popup-sm-img=\"https:\/\/fotofrangonz.com\/wp-content\/uploads\/2026\/09\/Feria-Marchena-2026-1-Viernes-Francisco-Gonzalez-SOLEMNITY-40-500x750.jpg\" data-vp-popup-sm-img-size=\"500x750\">\n\t<\/template>\n\t\t\t\t\t\t<figure class=\"vp-portfolio__item\">\n\t\t\t\t\n<div class=\"vp-portfolio__item-img-wrap\">\n    <div class=\"vp-portfolio__item-img\">\n        \t<a\n\t\thref=\"https:\/\/fotofrangonz.com\/wp-content\/uploads\/2026\/09\/Feria-Marchena-2026-1-Viernes-Francisco-Gonzalez-SOLEMNITY-40.jpg\"\n\t\t\t>\n\t\n        <noscript><img loading=\"lazy\" decoding=\"async\" width=\"1280\" height=\"1920\" data-skip-lazy src=\"https:\/\/fotofrangonz.com\/wp-content\/uploads\/2026\/09\/Feria-Marchena-2026-1-Viernes-Francisco-Gonzalez-SOLEMNITY-40.jpg\" class=\"wp-image-17996\" alt=\"\" srcset=\"https:\/\/fotofrangonz.com\/wp-content\/uploads\/2026\/09\/Feria-Marchena-2026-1-Viernes-Francisco-Gonzalez-SOLEMNITY-40.jpg 1280w, https:\/\/fotofrangonz.com\/wp-content\/uploads\/2026\/09\/Feria-Marchena-2026-1-Viernes-Francisco-Gonzalez-SOLEMNITY-40-200x300.jpg 200w, https:\/\/fotofrangonz.com\/wp-content\/uploads\/2026\/09\/Feria-Marchena-2026-1-Viernes-Francisco-Gonzalez-SOLEMNITY-40-683x1024.jpg 683w, https:\/\/fotofrangonz.com\/wp-content\/uploads\/2026\/09\/Feria-Marchena-2026-1-Viernes-Francisco-Gonzalez-SOLEMNITY-40-1024x1536.jpg 1024w, https:\/\/fotofrangonz.com\/wp-content\/uploads\/2026\/09\/Feria-Marchena-2026-1-Viernes-Francisco-Gonzalez-SOLEMNITY-40-500x750.jpg 500w, https:\/\/fotofrangonz.com\/wp-content\/uploads\/2026\/09\/Feria-Marchena-2026-1-Viernes-Francisco-Gonzalez-SOLEMNITY-40-800x1200.jpg 800w, https:\/\/fotofrangonz.com\/wp-content\/uploads\/2026\/09\/Feria-Marchena-2026-1-Viernes-Francisco-Gonzalez-SOLEMNITY-40-1240x1860.jpg 1240w, https:\/\/fotofrangonz.com\/wp-content\/uploads\/2026\/09\/Feria-Marchena-2026-1-Viernes-Francisco-Gonzalez-SOLEMNITY-40-508x762.jpg 508w\" sizes=\"auto, (max-width: 1280px) 100vw, 1280px\" \/><\/noscript><img decoding=\"async\" width=\"1280\" height=\"1920\" src=\"https:\/\/fotofrangonz.com\/wp-content\/uploads\/2026\/09\/Feria-Marchena-2026-1-Viernes-Francisco-Gonzalez-SOLEMNITY-40.jpg\" class=\"wp-image-17996 vp-lazyload\" alt srcset=\"data:image\/svg+xml;base64,PHN2ZyB3aWR0aD0iMTI4MCIgaGVpZ2h0PSIxOTIwIiB2aWV3Qm94PSIwIDAgMTI4MCAxOTIwIiBmaWxsPSJub25lIiB4bWxucz0iaHR0cDovL3d3dy53My5vcmcvMjAwMC9zdmciPjwvc3ZnPg==\" data-src=\"https:\/\/fotofrangonz.com\/wp-content\/uploads\/2026\/09\/Feria-Marchena-2026-1-Viernes-Francisco-Gonzalez-SOLEMNITY-40.jpg\" data-srcset=\"https:\/\/fotofrangonz.com\/wp-content\/uploads\/2026\/09\/Feria-Marchena-2026-1-Viernes-Francisco-Gonzalez-SOLEMNITY-40.jpg 1280w, https:\/\/fotofrangonz.com\/wp-content\/uploads\/2026\/09\/Feria-Marchena-2026-1-Viernes-Francisco-Gonzalez-SOLEMNITY-40-200x300.jpg 200w, https:\/\/fotofrangonz.com\/wp-content\/uploads\/2026\/09\/Feria-Marchena-2026-1-Viernes-Francisco-Gonzalez-SOLEMNITY-40-683x1024.jpg 683w, https:\/\/fotofrangonz.com\/wp-content\/uploads\/2026\/09\/Feria-Marchena-2026-1-Viernes-Francisco-Gonzalez-SOLEMNITY-40-1024x1536.jpg 1024w, https:\/\/fotofrangonz.com\/wp-content\/uploads\/2026\/09\/Feria-Marchena-2026-1-Viernes-Francisco-Gonzalez-SOLEMNITY-40-500x750.jpg 500w, https:\/\/fotofrangonz.com\/wp-content\/uploads\/2026\/09\/Feria-Marchena-2026-1-Viernes-Francisco-Gonzalez-SOLEMNITY-40-800x1200.jpg 800w, https:\/\/fotofrangonz.com\/wp-content\/uploads\/2026\/09\/Feria-Marchena-2026-1-Viernes-Francisco-Gonzalez-SOLEMNITY-40-1240x1860.jpg 1240w, https:\/\/fotofrangonz.com\/wp-content\/uploads\/2026\/09\/Feria-Marchena-2026-1-Viernes-Francisco-Gonzalez-SOLEMNITY-40-508x762.jpg 508w\" data-sizes=\"auto\" loading=\"eager\">\n        <\/a>    <\/div>\n<\/div>\n\n<figcaption class=\"vp-portfolio__item-overlay vp-portfolio__item-align-center\">\n    <div class=\"vp-portfolio__item-meta-wrap vp-portfolio__custom-scrollbar\">\n        \t<a\n\t\thref=\"https:\/\/fotofrangonz.com\/wp-content\/uploads\/2026\/09\/Feria-Marchena-2026-1-Viernes-Francisco-Gonzalez-SOLEMNITY-40.jpg\"\n\t\ttabindex=\"-1\" class=\"vp-portfolio__item-meta\" \t>\n\t\n        \n        <\/a>    <\/div>\n<\/figcaption>\n\t\t\t<\/figure>\n\t\t\t\t\t<\/div>\n\t\t\n\t\t<div\t\tclass=\"vp-portfolio__item-wrap vp-portfolio__item-uid-d2613f27\" data-vp-filter=\"\" \t\t>\n\t\t\t<template class=\"vp-portfolio__item-popup\" style=\"display: none\" data-vp-popup-img=\"https:\/\/fotofrangonz.com\/wp-content\/uploads\/2026\/09\/Feria-Marchena-2026-1-Viernes-Francisco-Gonzalez-SOLEMNITY-41.jpg\" data-vp-popup-img-srcset=\"https:\/\/fotofrangonz.com\/wp-content\/uploads\/2026\/09\/Feria-Marchena-2026-1-Viernes-Francisco-Gonzalez-SOLEMNITY-41.jpg 1920w, https:\/\/fotofrangonz.com\/wp-content\/uploads\/2026\/09\/Feria-Marchena-2026-1-Viernes-Francisco-Gonzalez-SOLEMNITY-41-300x200.jpg 300w, https:\/\/fotofrangonz.com\/wp-content\/uploads\/2026\/09\/Feria-Marchena-2026-1-Viernes-Francisco-Gonzalez-SOLEMNITY-41-1024x683.jpg 1024w, https:\/\/fotofrangonz.com\/wp-content\/uploads\/2026\/09\/Feria-Marchena-2026-1-Viernes-Francisco-Gonzalez-SOLEMNITY-41-1536x1024.jpg 1536w, https:\/\/fotofrangonz.com\/wp-content\/uploads\/2026\/09\/Feria-Marchena-2026-1-Viernes-Francisco-Gonzalez-SOLEMNITY-41-500x333.jpg 500w, https:\/\/fotofrangonz.com\/wp-content\/uploads\/2026\/09\/Feria-Marchena-2026-1-Viernes-Francisco-Gonzalez-SOLEMNITY-41-800x533.jpg 800w, https:\/\/fotofrangonz.com\/wp-content\/uploads\/2026\/09\/Feria-Marchena-2026-1-Viernes-Francisco-Gonzalez-SOLEMNITY-41-1280x853.jpg 1280w, https:\/\/fotofrangonz.com\/wp-content\/uploads\/2026\/09\/Feria-Marchena-2026-1-Viernes-Francisco-Gonzalez-SOLEMNITY-41-1240x827.jpg 1240w, https:\/\/fotofrangonz.com\/wp-content\/uploads\/2026\/09\/Feria-Marchena-2026-1-Viernes-Francisco-Gonzalez-SOLEMNITY-41-508x339.jpg 508w\" data-vp-popup-img-size=\"1920x1280\" data-vp-popup-md-img=\"https:\/\/fotofrangonz.com\/wp-content\/uploads\/2026\/09\/Feria-Marchena-2026-1-Viernes-Francisco-Gonzalez-SOLEMNITY-41-800x533.jpg\" data-vp-popup-md-img-size=\"800x533\" data-vp-popup-sm-img=\"https:\/\/fotofrangonz.com\/wp-content\/uploads\/2026\/09\/Feria-Marchena-2026-1-Viernes-Francisco-Gonzalez-SOLEMNITY-41-500x333.jpg\" data-vp-popup-sm-img-size=\"500x333\">\n\t<\/template>\n\t\t\t\t\t\t<figure class=\"vp-portfolio__item\">\n\t\t\t\t\n<div class=\"vp-portfolio__item-img-wrap\">\n    <div class=\"vp-portfolio__item-img\">\n        \t<a\n\t\thref=\"https:\/\/fotofrangonz.com\/wp-content\/uploads\/2026\/09\/Feria-Marchena-2026-1-Viernes-Francisco-Gonzalez-SOLEMNITY-41.jpg\"\n\t\t\t>\n\t\n        <noscript><img loading=\"lazy\" decoding=\"async\" width=\"1920\" height=\"1280\" data-skip-lazy src=\"https:\/\/fotofrangonz.com\/wp-content\/uploads\/2026\/09\/Feria-Marchena-2026-1-Viernes-Francisco-Gonzalez-SOLEMNITY-41.jpg\" class=\"wp-image-17997\" alt=\"\" srcset=\"https:\/\/fotofrangonz.com\/wp-content\/uploads\/2026\/09\/Feria-Marchena-2026-1-Viernes-Francisco-Gonzalez-SOLEMNITY-41.jpg 1920w, https:\/\/fotofrangonz.com\/wp-content\/uploads\/2026\/09\/Feria-Marchena-2026-1-Viernes-Francisco-Gonzalez-SOLEMNITY-41-300x200.jpg 300w, https:\/\/fotofrangonz.com\/wp-content\/uploads\/2026\/09\/Feria-Marchena-2026-1-Viernes-Francisco-Gonzalez-SOLEMNITY-41-1024x683.jpg 1024w, https:\/\/fotofrangonz.com\/wp-content\/uploads\/2026\/09\/Feria-Marchena-2026-1-Viernes-Francisco-Gonzalez-SOLEMNITY-41-1536x1024.jpg 1536w, https:\/\/fotofrangonz.com\/wp-content\/uploads\/2026\/09\/Feria-Marchena-2026-1-Viernes-Francisco-Gonzalez-SOLEMNITY-41-500x333.jpg 500w, https:\/\/fotofrangonz.com\/wp-content\/uploads\/2026\/09\/Feria-Marchena-2026-1-Viernes-Francisco-Gonzalez-SOLEMNITY-41-800x533.jpg 800w, https:\/\/fotofrangonz.com\/wp-content\/uploads\/2026\/09\/Feria-Marchena-2026-1-Viernes-Francisco-Gonzalez-SOLEMNITY-41-1280x853.jpg 1280w, https:\/\/fotofrangonz.com\/wp-content\/uploads\/2026\/09\/Feria-Marchena-2026-1-Viernes-Francisco-Gonzalez-SOLEMNITY-41-1240x827.jpg 1240w, https:\/\/fotofrangonz.com\/wp-content\/uploads\/2026\/09\/Feria-Marchena-2026-1-Viernes-Francisco-Gonzalez-SOLEMNITY-41-508x339.jpg 508w\" sizes=\"auto, (max-width: 1920px) 100vw, 1920px\" \/><\/noscript><img decoding=\"async\" width=\"1920\" height=\"1280\" src=\"https:\/\/fotofrangonz.com\/wp-content\/uploads\/2026\/09\/Feria-Marchena-2026-1-Viernes-Francisco-Gonzalez-SOLEMNITY-41.jpg\" class=\"wp-image-17997 vp-lazyload\" alt srcset=\"data:image\/svg+xml;base64,PHN2ZyB3aWR0aD0iMTkyMCIgaGVpZ2h0PSIxMjgwIiB2aWV3Qm94PSIwIDAgMTkyMCAxMjgwIiBmaWxsPSJub25lIiB4bWxucz0iaHR0cDovL3d3dy53My5vcmcvMjAwMC9zdmciPjwvc3ZnPg==\" data-src=\"https:\/\/fotofrangonz.com\/wp-content\/uploads\/2026\/09\/Feria-Marchena-2026-1-Viernes-Francisco-Gonzalez-SOLEMNITY-41.jpg\" data-srcset=\"https:\/\/fotofrangonz.com\/wp-content\/uploads\/2026\/09\/Feria-Marchena-2026-1-Viernes-Francisco-Gonzalez-SOLEMNITY-41.jpg 1920w, https:\/\/fotofrangonz.com\/wp-content\/uploads\/2026\/09\/Feria-Marchena-2026-1-Viernes-Francisco-Gonzalez-SOLEMNITY-41-300x200.jpg 300w, https:\/\/fotofrangonz.com\/wp-content\/uploads\/2026\/09\/Feria-Marchena-2026-1-Viernes-Francisco-Gonzalez-SOLEMNITY-41-1024x683.jpg 1024w, https:\/\/fotofrangonz.com\/wp-content\/uploads\/2026\/09\/Feria-Marchena-2026-1-Viernes-Francisco-Gonzalez-SOLEMNITY-41-1536x1024.jpg 1536w, https:\/\/fotofrangonz.com\/wp-content\/uploads\/2026\/09\/Feria-Marchena-2026-1-Viernes-Francisco-Gonzalez-SOLEMNITY-41-500x333.jpg 500w, https:\/\/fotofrangonz.com\/wp-content\/uploads\/2026\/09\/Feria-Marchena-2026-1-Viernes-Francisco-Gonzalez-SOLEMNITY-41-800x533.jpg 800w, https:\/\/fotofrangonz.com\/wp-content\/uploads\/2026\/09\/Feria-Marchena-2026-1-Viernes-Francisco-Gonzalez-SOLEMNITY-41-1280x853.jpg 1280w, https:\/\/fotofrangonz.com\/wp-content\/uploads\/2026\/09\/Feria-Marchena-2026-1-Viernes-Francisco-Gonzalez-SOLEMNITY-41-1240x827.jpg 1240w, https:\/\/fotofrangonz.com\/wp-content\/uploads\/2026\/09\/Feria-Marchena-2026-1-Viernes-Francisco-Gonzalez-SOLEMNITY-41-508x339.jpg 508w\" data-sizes=\"auto\" loading=\"eager\">\n        <\/a>    <\/div>\n<\/div>\n\n<figcaption class=\"vp-portfolio__item-overlay vp-portfolio__item-align-center\">\n    <div class=\"vp-portfolio__item-meta-wrap vp-portfolio__custom-scrollbar\">\n        \t<a\n\t\thref=\"https:\/\/fotofrangonz.com\/wp-content\/uploads\/2026\/09\/Feria-Marchena-2026-1-Viernes-Francisco-Gonzalez-SOLEMNITY-41.jpg\"\n\t\ttabindex=\"-1\" class=\"vp-portfolio__item-meta\" \t>\n\t\n        \n        <\/a>    <\/div>\n<\/figcaption>\n\t\t\t<\/figure>\n\t\t\t\t\t<\/div>\n\t\t\n\t\t<div\t\tclass=\"vp-portfolio__item-wrap vp-portfolio__item-uid-8982f113\" data-vp-filter=\"\" \t\t>\n\t\t\t<template class=\"vp-portfolio__item-popup\" style=\"display: none\" data-vp-popup-img=\"https:\/\/fotofrangonz.com\/wp-content\/uploads\/2026\/09\/Feria-Marchena-2026-1-Viernes-Francisco-Gonzalez-SOLEMNITY-42.jpg\" data-vp-popup-img-srcset=\"https:\/\/fotofrangonz.com\/wp-content\/uploads\/2026\/09\/Feria-Marchena-2026-1-Viernes-Francisco-Gonzalez-SOLEMNITY-42.jpg 1280w, https:\/\/fotofrangonz.com\/wp-content\/uploads\/2026\/09\/Feria-Marchena-2026-1-Viernes-Francisco-Gonzalez-SOLEMNITY-42-200x300.jpg 200w, https:\/\/fotofrangonz.com\/wp-content\/uploads\/2026\/09\/Feria-Marchena-2026-1-Viernes-Francisco-Gonzalez-SOLEMNITY-42-683x1024.jpg 683w, https:\/\/fotofrangonz.com\/wp-content\/uploads\/2026\/09\/Feria-Marchena-2026-1-Viernes-Francisco-Gonzalez-SOLEMNITY-42-1024x1536.jpg 1024w, https:\/\/fotofrangonz.com\/wp-content\/uploads\/2026\/09\/Feria-Marchena-2026-1-Viernes-Francisco-Gonzalez-SOLEMNITY-42-500x750.jpg 500w, https:\/\/fotofrangonz.com\/wp-content\/uploads\/2026\/09\/Feria-Marchena-2026-1-Viernes-Francisco-Gonzalez-SOLEMNITY-42-800x1200.jpg 800w, https:\/\/fotofrangonz.com\/wp-content\/uploads\/2026\/09\/Feria-Marchena-2026-1-Viernes-Francisco-Gonzalez-SOLEMNITY-42-1240x1860.jpg 1240w, https:\/\/fotofrangonz.com\/wp-content\/uploads\/2026\/09\/Feria-Marchena-2026-1-Viernes-Francisco-Gonzalez-SOLEMNITY-42-508x762.jpg 508w\" data-vp-popup-img-size=\"1280x1920\" data-vp-popup-md-img=\"https:\/\/fotofrangonz.com\/wp-content\/uploads\/2026\/09\/Feria-Marchena-2026-1-Viernes-Francisco-Gonzalez-SOLEMNITY-42-800x1200.jpg\" data-vp-popup-md-img-size=\"800x1200\" data-vp-popup-sm-img=\"https:\/\/fotofrangonz.com\/wp-content\/uploads\/2026\/09\/Feria-Marchena-2026-1-Viernes-Francisco-Gonzalez-SOLEMNITY-42-500x750.jpg\" data-vp-popup-sm-img-size=\"500x750\">\n\t<\/template>\n\t\t\t\t\t\t<figure class=\"vp-portfolio__item\">\n\t\t\t\t\n<div class=\"vp-portfolio__item-img-wrap\">\n    <div class=\"vp-portfolio__item-img\">\n        \t<a\n\t\thref=\"https:\/\/fotofrangonz.com\/wp-content\/uploads\/2026\/09\/Feria-Marchena-2026-1-Viernes-Francisco-Gonzalez-SOLEMNITY-42.jpg\"\n\t\t\t>\n\t\n        <noscript><img loading=\"lazy\" decoding=\"async\" width=\"1280\" height=\"1920\" data-skip-lazy src=\"https:\/\/fotofrangonz.com\/wp-content\/uploads\/2026\/09\/Feria-Marchena-2026-1-Viernes-Francisco-Gonzalez-SOLEMNITY-42.jpg\" class=\"wp-image-17998\" alt=\"\" srcset=\"https:\/\/fotofrangonz.com\/wp-content\/uploads\/2026\/09\/Feria-Marchena-2026-1-Viernes-Francisco-Gonzalez-SOLEMNITY-42.jpg 1280w, https:\/\/fotofrangonz.com\/wp-content\/uploads\/2026\/09\/Feria-Marchena-2026-1-Viernes-Francisco-Gonzalez-SOLEMNITY-42-200x300.jpg 200w, https:\/\/fotofrangonz.com\/wp-content\/uploads\/2026\/09\/Feria-Marchena-2026-1-Viernes-Francisco-Gonzalez-SOLEMNITY-42-683x1024.jpg 683w, https:\/\/fotofrangonz.com\/wp-content\/uploads\/2026\/09\/Feria-Marchena-2026-1-Viernes-Francisco-Gonzalez-SOLEMNITY-42-1024x1536.jpg 1024w, https:\/\/fotofrangonz.com\/wp-content\/uploads\/2026\/09\/Feria-Marchena-2026-1-Viernes-Francisco-Gonzalez-SOLEMNITY-42-500x750.jpg 500w, https:\/\/fotofrangonz.com\/wp-content\/uploads\/2026\/09\/Feria-Marchena-2026-1-Viernes-Francisco-Gonzalez-SOLEMNITY-42-800x1200.jpg 800w, https:\/\/fotofrangonz.com\/wp-content\/uploads\/2026\/09\/Feria-Marchena-2026-1-Viernes-Francisco-Gonzalez-SOLEMNITY-42-1240x1860.jpg 1240w, https:\/\/fotofrangonz.com\/wp-content\/uploads\/2026\/09\/Feria-Marchena-2026-1-Viernes-Francisco-Gonzalez-SOLEMNITY-42-508x762.jpg 508w\" sizes=\"auto, (max-width: 1280px) 100vw, 1280px\" \/><\/noscript><img decoding=\"async\" width=\"1280\" height=\"1920\" src=\"https:\/\/fotofrangonz.com\/wp-content\/uploads\/2026\/09\/Feria-Marchena-2026-1-Viernes-Francisco-Gonzalez-SOLEMNITY-42.jpg\" class=\"wp-image-17998 vp-lazyload\" alt srcset=\"data:image\/svg+xml;base64,PHN2ZyB3aWR0aD0iMTI4MCIgaGVpZ2h0PSIxOTIwIiB2aWV3Qm94PSIwIDAgMTI4MCAxOTIwIiBmaWxsPSJub25lIiB4bWxucz0iaHR0cDovL3d3dy53My5vcmcvMjAwMC9zdmciPjwvc3ZnPg==\" data-src=\"https:\/\/fotofrangonz.com\/wp-content\/uploads\/2026\/09\/Feria-Marchena-2026-1-Viernes-Francisco-Gonzalez-SOLEMNITY-42.jpg\" data-srcset=\"https:\/\/fotofrangonz.com\/wp-content\/uploads\/2026\/09\/Feria-Marchena-2026-1-Viernes-Francisco-Gonzalez-SOLEMNITY-42.jpg 1280w, https:\/\/fotofrangonz.com\/wp-content\/uploads\/2026\/09\/Feria-Marchena-2026-1-Viernes-Francisco-Gonzalez-SOLEMNITY-42-200x300.jpg 200w, https:\/\/fotofrangonz.com\/wp-content\/uploads\/2026\/09\/Feria-Marchena-2026-1-Viernes-Francisco-Gonzalez-SOLEMNITY-42-683x1024.jpg 683w, https:\/\/fotofrangonz.com\/wp-content\/uploads\/2026\/09\/Feria-Marchena-2026-1-Viernes-Francisco-Gonzalez-SOLEMNITY-42-1024x1536.jpg 1024w, https:\/\/fotofrangonz.com\/wp-content\/uploads\/2026\/09\/Feria-Marchena-2026-1-Viernes-Francisco-Gonzalez-SOLEMNITY-42-500x750.jpg 500w, https:\/\/fotofrangonz.com\/wp-content\/uploads\/2026\/09\/Feria-Marchena-2026-1-Viernes-Francisco-Gonzalez-SOLEMNITY-42-800x1200.jpg 800w, https:\/\/fotofrangonz.com\/wp-content\/uploads\/2026\/09\/Feria-Marchena-2026-1-Viernes-Francisco-Gonzalez-SOLEMNITY-42-1240x1860.jpg 1240w, https:\/\/fotofrangonz.com\/wp-content\/uploads\/2026\/09\/Feria-Marchena-2026-1-Viernes-Francisco-Gonzalez-SOLEMNITY-42-508x762.jpg 508w\" data-sizes=\"auto\" loading=\"eager\">\n        <\/a>    <\/div>\n<\/div>\n\n<figcaption class=\"vp-portfolio__item-overlay vp-portfolio__item-align-center\">\n    <div class=\"vp-portfolio__item-meta-wrap vp-portfolio__custom-scrollbar\">\n        \t<a\n\t\thref=\"https:\/\/fotofrangonz.com\/wp-content\/uploads\/2026\/09\/Feria-Marchena-2026-1-Viernes-Francisco-Gonzalez-SOLEMNITY-42.jpg\"\n\t\ttabindex=\"-1\" class=\"vp-portfolio__item-meta\" \t>\n\t\n        \n        <\/a>    <\/div>\n<\/figcaption>\n\t\t\t<\/figure>\n\t\t\t\t\t<\/div>\n\t\t\n\t\t<div\t\tclass=\"vp-portfolio__item-wrap vp-portfolio__item-uid-7811b32b\" data-vp-filter=\"\" \t\t>\n\t\t\t<template class=\"vp-portfolio__item-popup\" style=\"display: none\" data-vp-popup-img=\"https:\/\/fotofrangonz.com\/wp-content\/uploads\/2026\/09\/Feria-Marchena-2026-1-Viernes-Francisco-Gonzalez-SOLEMNITY-43.jpg\" data-vp-popup-img-srcset=\"https:\/\/fotofrangonz.com\/wp-content\/uploads\/2026\/09\/Feria-Marchena-2026-1-Viernes-Francisco-Gonzalez-SOLEMNITY-43.jpg 1280w, https:\/\/fotofrangonz.com\/wp-content\/uploads\/2026\/09\/Feria-Marchena-2026-1-Viernes-Francisco-Gonzalez-SOLEMNITY-43-200x300.jpg 200w, https:\/\/fotofrangonz.com\/wp-content\/uploads\/2026\/09\/Feria-Marchena-2026-1-Viernes-Francisco-Gonzalez-SOLEMNITY-43-683x1024.jpg 683w, https:\/\/fotofrangonz.com\/wp-content\/uploads\/2026\/09\/Feria-Marchena-2026-1-Viernes-Francisco-Gonzalez-SOLEMNITY-43-1024x1536.jpg 1024w, https:\/\/fotofrangonz.com\/wp-content\/uploads\/2026\/09\/Feria-Marchena-2026-1-Viernes-Francisco-Gonzalez-SOLEMNITY-43-500x750.jpg 500w, https:\/\/fotofrangonz.com\/wp-content\/uploads\/2026\/09\/Feria-Marchena-2026-1-Viernes-Francisco-Gonzalez-SOLEMNITY-43-800x1200.jpg 800w, https:\/\/fotofrangonz.com\/wp-content\/uploads\/2026\/09\/Feria-Marchena-2026-1-Viernes-Francisco-Gonzalez-SOLEMNITY-43-1240x1860.jpg 1240w, https:\/\/fotofrangonz.com\/wp-content\/uploads\/2026\/09\/Feria-Marchena-2026-1-Viernes-Francisco-Gonzalez-SOLEMNITY-43-508x762.jpg 508w\" data-vp-popup-img-size=\"1280x1920\" data-vp-popup-md-img=\"https:\/\/fotofrangonz.com\/wp-content\/uploads\/2026\/09\/Feria-Marchena-2026-1-Viernes-Francisco-Gonzalez-SOLEMNITY-43-800x1200.jpg\" data-vp-popup-md-img-size=\"800x1200\" data-vp-popup-sm-img=\"https:\/\/fotofrangonz.com\/wp-content\/uploads\/2026\/09\/Feria-Marchena-2026-1-Viernes-Francisco-Gonzalez-SOLEMNITY-43-500x750.jpg\" data-vp-popup-sm-img-size=\"500x750\">\n\t<\/template>\n\t\t\t\t\t\t<figure class=\"vp-portfolio__item\">\n\t\t\t\t\n<div class=\"vp-portfolio__item-img-wrap\">\n    <div class=\"vp-portfolio__item-img\">\n        \t<a\n\t\thref=\"https:\/\/fotofrangonz.com\/wp-content\/uploads\/2026\/09\/Feria-Marchena-2026-1-Viernes-Francisco-Gonzalez-SOLEMNITY-43.jpg\"\n\t\t\t>\n\t\n        <noscript><img loading=\"lazy\" decoding=\"async\" width=\"1280\" height=\"1920\" data-skip-lazy src=\"https:\/\/fotofrangonz.com\/wp-content\/uploads\/2026\/09\/Feria-Marchena-2026-1-Viernes-Francisco-Gonzalez-SOLEMNITY-43.jpg\" class=\"wp-image-17999\" alt=\"\" srcset=\"https:\/\/fotofrangonz.com\/wp-content\/uploads\/2026\/09\/Feria-Marchena-2026-1-Viernes-Francisco-Gonzalez-SOLEMNITY-43.jpg 1280w, https:\/\/fotofrangonz.com\/wp-content\/uploads\/2026\/09\/Feria-Marchena-2026-1-Viernes-Francisco-Gonzalez-SOLEMNITY-43-200x300.jpg 200w, https:\/\/fotofrangonz.com\/wp-content\/uploads\/2026\/09\/Feria-Marchena-2026-1-Viernes-Francisco-Gonzalez-SOLEMNITY-43-683x1024.jpg 683w, https:\/\/fotofrangonz.com\/wp-content\/uploads\/2026\/09\/Feria-Marchena-2026-1-Viernes-Francisco-Gonzalez-SOLEMNITY-43-1024x1536.jpg 1024w, https:\/\/fotofrangonz.com\/wp-content\/uploads\/2026\/09\/Feria-Marchena-2026-1-Viernes-Francisco-Gonzalez-SOLEMNITY-43-500x750.jpg 500w, https:\/\/fotofrangonz.com\/wp-content\/uploads\/2026\/09\/Feria-Marchena-2026-1-Viernes-Francisco-Gonzalez-SOLEMNITY-43-800x1200.jpg 800w, https:\/\/fotofrangonz.com\/wp-content\/uploads\/2026\/09\/Feria-Marchena-2026-1-Viernes-Francisco-Gonzalez-SOLEMNITY-43-1240x1860.jpg 1240w, https:\/\/fotofrangonz.com\/wp-content\/uploads\/2026\/09\/Feria-Marchena-2026-1-Viernes-Francisco-Gonzalez-SOLEMNITY-43-508x762.jpg 508w\" sizes=\"auto, (max-width: 1280px) 100vw, 1280px\" \/><\/noscript><img decoding=\"async\" width=\"1280\" height=\"1920\" src=\"https:\/\/fotofrangonz.com\/wp-content\/uploads\/2026\/09\/Feria-Marchena-2026-1-Viernes-Francisco-Gonzalez-SOLEMNITY-43.jpg\" class=\"wp-image-17999 vp-lazyload\" alt srcset=\"data:image\/svg+xml;base64,PHN2ZyB3aWR0aD0iMTI4MCIgaGVpZ2h0PSIxOTIwIiB2aWV3Qm94PSIwIDAgMTI4MCAxOTIwIiBmaWxsPSJub25lIiB4bWxucz0iaHR0cDovL3d3dy53My5vcmcvMjAwMC9zdmciPjwvc3ZnPg==\" data-src=\"https:\/\/fotofrangonz.com\/wp-content\/uploads\/2026\/09\/Feria-Marchena-2026-1-Viernes-Francisco-Gonzalez-SOLEMNITY-43.jpg\" data-srcset=\"https:\/\/fotofrangonz.com\/wp-content\/uploads\/2026\/09\/Feria-Marchena-2026-1-Viernes-Francisco-Gonzalez-SOLEMNITY-43.jpg 1280w, https:\/\/fotofrangonz.com\/wp-content\/uploads\/2026\/09\/Feria-Marchena-2026-1-Viernes-Francisco-Gonzalez-SOLEMNITY-43-200x300.jpg 200w, https:\/\/fotofrangonz.com\/wp-content\/uploads\/2026\/09\/Feria-Marchena-2026-1-Viernes-Francisco-Gonzalez-SOLEMNITY-43-683x1024.jpg 683w, https:\/\/fotofrangonz.com\/wp-content\/uploads\/2026\/09\/Feria-Marchena-2026-1-Viernes-Francisco-Gonzalez-SOLEMNITY-43-1024x1536.jpg 1024w, https:\/\/fotofrangonz.com\/wp-content\/uploads\/2026\/09\/Feria-Marchena-2026-1-Viernes-Francisco-Gonzalez-SOLEMNITY-43-500x750.jpg 500w, https:\/\/fotofrangonz.com\/wp-content\/uploads\/2026\/09\/Feria-Marchena-2026-1-Viernes-Francisco-Gonzalez-SOLEMNITY-43-800x1200.jpg 800w, https:\/\/fotofrangonz.com\/wp-content\/uploads\/2026\/09\/Feria-Marchena-2026-1-Viernes-Francisco-Gonzalez-SOLEMNITY-43-1240x1860.jpg 1240w, https:\/\/fotofrangonz.com\/wp-content\/uploads\/2026\/09\/Feria-Marchena-2026-1-Viernes-Francisco-Gonzalez-SOLEMNITY-43-508x762.jpg 508w\" data-sizes=\"auto\" loading=\"eager\">\n        <\/a>    <\/div>\n<\/div>\n\n<figcaption class=\"vp-portfolio__item-overlay vp-portfolio__item-align-center\">\n    <div class=\"vp-portfolio__item-meta-wrap vp-portfolio__custom-scrollbar\">\n        \t<a\n\t\thref=\"https:\/\/fotofrangonz.com\/wp-content\/uploads\/2026\/09\/Feria-Marchena-2026-1-Viernes-Francisco-Gonzalez-SOLEMNITY-43.jpg\"\n\t\ttabindex=\"-1\" class=\"vp-portfolio__item-meta\" \t>\n\t\n        \n        <\/a>    <\/div>\n<\/figcaption>\n\t\t\t<\/figure>\n\t\t\t\t\t<\/div>\n\t\t\n\t\t<div\t\tclass=\"vp-portfolio__item-wrap vp-portfolio__item-uid-4ce148ba\" data-vp-filter=\"\" \t\t>\n\t\t\t<template class=\"vp-portfolio__item-popup\" style=\"display: none\" data-vp-popup-img=\"https:\/\/fotofrangonz.com\/wp-content\/uploads\/2026\/09\/Feria-Marchena-2026-1-Viernes-Francisco-Gonzalez-SOLEMNITY-44.jpg\" data-vp-popup-img-srcset=\"https:\/\/fotofrangonz.com\/wp-content\/uploads\/2026\/09\/Feria-Marchena-2026-1-Viernes-Francisco-Gonzalez-SOLEMNITY-44.jpg 1280w, https:\/\/fotofrangonz.com\/wp-content\/uploads\/2026\/09\/Feria-Marchena-2026-1-Viernes-Francisco-Gonzalez-SOLEMNITY-44-200x300.jpg 200w, https:\/\/fotofrangonz.com\/wp-content\/uploads\/2026\/09\/Feria-Marchena-2026-1-Viernes-Francisco-Gonzalez-SOLEMNITY-44-683x1024.jpg 683w, https:\/\/fotofrangonz.com\/wp-content\/uploads\/2026\/09\/Feria-Marchena-2026-1-Viernes-Francisco-Gonzalez-SOLEMNITY-44-1024x1536.jpg 1024w, https:\/\/fotofrangonz.com\/wp-content\/uploads\/2026\/09\/Feria-Marchena-2026-1-Viernes-Francisco-Gonzalez-SOLEMNITY-44-500x750.jpg 500w, https:\/\/fotofrangonz.com\/wp-content\/uploads\/2026\/09\/Feria-Marchena-2026-1-Viernes-Francisco-Gonzalez-SOLEMNITY-44-800x1200.jpg 800w, https:\/\/fotofrangonz.com\/wp-content\/uploads\/2026\/09\/Feria-Marchena-2026-1-Viernes-Francisco-Gonzalez-SOLEMNITY-44-1240x1860.jpg 1240w, https:\/\/fotofrangonz.com\/wp-content\/uploads\/2026\/09\/Feria-Marchena-2026-1-Viernes-Francisco-Gonzalez-SOLEMNITY-44-508x762.jpg 508w\" data-vp-popup-img-size=\"1280x1920\" data-vp-popup-md-img=\"https:\/\/fotofrangonz.com\/wp-content\/uploads\/2026\/09\/Feria-Marchena-2026-1-Viernes-Francisco-Gonzalez-SOLEMNITY-44-800x1200.jpg\" data-vp-popup-md-img-size=\"800x1200\" data-vp-popup-sm-img=\"https:\/\/fotofrangonz.com\/wp-content\/uploads\/2026\/09\/Feria-Marchena-2026-1-Viernes-Francisco-Gonzalez-SOLEMNITY-44-500x750.jpg\" data-vp-popup-sm-img-size=\"500x750\">\n\t<\/template>\n\t\t\t\t\t\t<figure class=\"vp-portfolio__item\">\n\t\t\t\t\n<div class=\"vp-portfolio__item-img-wrap\">\n    <div class=\"vp-portfolio__item-img\">\n        \t<a\n\t\thref=\"https:\/\/fotofrangonz.com\/wp-content\/uploads\/2026\/09\/Feria-Marchena-2026-1-Viernes-Francisco-Gonzalez-SOLEMNITY-44.jpg\"\n\t\t\t>\n\t\n        <noscript><img loading=\"lazy\" decoding=\"async\" width=\"1280\" height=\"1920\" data-skip-lazy src=\"https:\/\/fotofrangonz.com\/wp-content\/uploads\/2026\/09\/Feria-Marchena-2026-1-Viernes-Francisco-Gonzalez-SOLEMNITY-44.jpg\" class=\"wp-image-18000\" alt=\"\" srcset=\"https:\/\/fotofrangonz.com\/wp-content\/uploads\/2026\/09\/Feria-Marchena-2026-1-Viernes-Francisco-Gonzalez-SOLEMNITY-44.jpg 1280w, https:\/\/fotofrangonz.com\/wp-content\/uploads\/2026\/09\/Feria-Marchena-2026-1-Viernes-Francisco-Gonzalez-SOLEMNITY-44-200x300.jpg 200w, https:\/\/fotofrangonz.com\/wp-content\/uploads\/2026\/09\/Feria-Marchena-2026-1-Viernes-Francisco-Gonzalez-SOLEMNITY-44-683x1024.jpg 683w, https:\/\/fotofrangonz.com\/wp-content\/uploads\/2026\/09\/Feria-Marchena-2026-1-Viernes-Francisco-Gonzalez-SOLEMNITY-44-1024x1536.jpg 1024w, https:\/\/fotofrangonz.com\/wp-content\/uploads\/2026\/09\/Feria-Marchena-2026-1-Viernes-Francisco-Gonzalez-SOLEMNITY-44-500x750.jpg 500w, https:\/\/fotofrangonz.com\/wp-content\/uploads\/2026\/09\/Feria-Marchena-2026-1-Viernes-Francisco-Gonzalez-SOLEMNITY-44-800x1200.jpg 800w, https:\/\/fotofrangonz.com\/wp-content\/uploads\/2026\/09\/Feria-Marchena-2026-1-Viernes-Francisco-Gonzalez-SOLEMNITY-44-1240x1860.jpg 1240w, https:\/\/fotofrangonz.com\/wp-content\/uploads\/2026\/09\/Feria-Marchena-2026-1-Viernes-Francisco-Gonzalez-SOLEMNITY-44-508x762.jpg 508w\" sizes=\"auto, (max-width: 1280px) 100vw, 1280px\" \/><\/noscript><img decoding=\"async\" width=\"1280\" height=\"1920\" src=\"https:\/\/fotofrangonz.com\/wp-content\/uploads\/2026\/09\/Feria-Marchena-2026-1-Viernes-Francisco-Gonzalez-SOLEMNITY-44.jpg\" class=\"wp-image-18000 vp-lazyload\" alt srcset=\"data:image\/svg+xml;base64,PHN2ZyB3aWR0aD0iMTI4MCIgaGVpZ2h0PSIxOTIwIiB2aWV3Qm94PSIwIDAgMTI4MCAxOTIwIiBmaWxsPSJub25lIiB4bWxucz0iaHR0cDovL3d3dy53My5vcmcvMjAwMC9zdmciPjwvc3ZnPg==\" data-src=\"https:\/\/fotofrangonz.com\/wp-content\/uploads\/2026\/09\/Feria-Marchena-2026-1-Viernes-Francisco-Gonzalez-SOLEMNITY-44.jpg\" data-srcset=\"https:\/\/fotofrangonz.com\/wp-content\/uploads\/2026\/09\/Feria-Marchena-2026-1-Viernes-Francisco-Gonzalez-SOLEMNITY-44.jpg 1280w, https:\/\/fotofrangonz.com\/wp-content\/uploads\/2026\/09\/Feria-Marchena-2026-1-Viernes-Francisco-Gonzalez-SOLEMNITY-44-200x300.jpg 200w, https:\/\/fotofrangonz.com\/wp-content\/uploads\/2026\/09\/Feria-Marchena-2026-1-Viernes-Francisco-Gonzalez-SOLEMNITY-44-683x1024.jpg 683w, https:\/\/fotofrangonz.com\/wp-content\/uploads\/2026\/09\/Feria-Marchena-2026-1-Viernes-Francisco-Gonzalez-SOLEMNITY-44-1024x1536.jpg 1024w, https:\/\/fotofrangonz.com\/wp-content\/uploads\/2026\/09\/Feria-Marchena-2026-1-Viernes-Francisco-Gonzalez-SOLEMNITY-44-500x750.jpg 500w, https:\/\/fotofrangonz.com\/wp-content\/uploads\/2026\/09\/Feria-Marchena-2026-1-Viernes-Francisco-Gonzalez-SOLEMNITY-44-800x1200.jpg 800w, https:\/\/fotofrangonz.com\/wp-content\/uploads\/2026\/09\/Feria-Marchena-2026-1-Viernes-Francisco-Gonzalez-SOLEMNITY-44-1240x1860.jpg 1240w, https:\/\/fotofrangonz.com\/wp-content\/uploads\/2026\/09\/Feria-Marchena-2026-1-Viernes-Francisco-Gonzalez-SOLEMNITY-44-508x762.jpg 508w\" data-sizes=\"auto\" loading=\"eager\">\n        <\/a>    <\/div>\n<\/div>\n\n<figcaption class=\"vp-portfolio__item-overlay vp-portfolio__item-align-center\">\n    <div class=\"vp-portfolio__item-meta-wrap vp-portfolio__custom-scrollbar\">\n        \t<a\n\t\thref=\"https:\/\/fotofrangonz.com\/wp-content\/uploads\/2026\/09\/Feria-Marchena-2026-1-Viernes-Francisco-Gonzalez-SOLEMNITY-44.jpg\"\n\t\ttabindex=\"-1\" class=\"vp-portfolio__item-meta\" \t>\n\t\n        \n        <\/a>    <\/div>\n<\/figcaption>\n\t\t\t<\/figure>\n\t\t\t\t\t<\/div>\n\t\t\n\t\t<div\t\tclass=\"vp-portfolio__item-wrap vp-portfolio__item-uid-26e34894\" data-vp-filter=\"\" \t\t>\n\t\t\t<template class=\"vp-portfolio__item-popup\" style=\"display: none\" data-vp-popup-img=\"https:\/\/fotofrangonz.com\/wp-content\/uploads\/2026\/09\/Feria-Marchena-2026-1-Viernes-Francisco-Gonzalez-SOLEMNITY-45.jpg\" data-vp-popup-img-srcset=\"https:\/\/fotofrangonz.com\/wp-content\/uploads\/2026\/09\/Feria-Marchena-2026-1-Viernes-Francisco-Gonzalez-SOLEMNITY-45.jpg 1280w, https:\/\/fotofrangonz.com\/wp-content\/uploads\/2026\/09\/Feria-Marchena-2026-1-Viernes-Francisco-Gonzalez-SOLEMNITY-45-200x300.jpg 200w, https:\/\/fotofrangonz.com\/wp-content\/uploads\/2026\/09\/Feria-Marchena-2026-1-Viernes-Francisco-Gonzalez-SOLEMNITY-45-683x1024.jpg 683w, https:\/\/fotofrangonz.com\/wp-content\/uploads\/2026\/09\/Feria-Marchena-2026-1-Viernes-Francisco-Gonzalez-SOLEMNITY-45-1024x1536.jpg 1024w, https:\/\/fotofrangonz.com\/wp-content\/uploads\/2026\/09\/Feria-Marchena-2026-1-Viernes-Francisco-Gonzalez-SOLEMNITY-45-500x750.jpg 500w, https:\/\/fotofrangonz.com\/wp-content\/uploads\/2026\/09\/Feria-Marchena-2026-1-Viernes-Francisco-Gonzalez-SOLEMNITY-45-800x1200.jpg 800w, https:\/\/fotofrangonz.com\/wp-content\/uploads\/2026\/09\/Feria-Marchena-2026-1-Viernes-Francisco-Gonzalez-SOLEMNITY-45-1240x1860.jpg 1240w, https:\/\/fotofrangonz.com\/wp-content\/uploads\/2026\/09\/Feria-Marchena-2026-1-Viernes-Francisco-Gonzalez-SOLEMNITY-45-508x762.jpg 508w\" data-vp-popup-img-size=\"1280x1920\" data-vp-popup-md-img=\"https:\/\/fotofrangonz.com\/wp-content\/uploads\/2026\/09\/Feria-Marchena-2026-1-Viernes-Francisco-Gonzalez-SOLEMNITY-45-800x1200.jpg\" data-vp-popup-md-img-size=\"800x1200\" data-vp-popup-sm-img=\"https:\/\/fotofrangonz.com\/wp-content\/uploads\/2026\/09\/Feria-Marchena-2026-1-Viernes-Francisco-Gonzalez-SOLEMNITY-45-500x750.jpg\" data-vp-popup-sm-img-size=\"500x750\">\n\t<\/template>\n\t\t\t\t\t\t<figure class=\"vp-portfolio__item\">\n\t\t\t\t\n<div class=\"vp-portfolio__item-img-wrap\">\n    <div class=\"vp-portfolio__item-img\">\n        \t<a\n\t\thref=\"https:\/\/fotofrangonz.com\/wp-content\/uploads\/2026\/09\/Feria-Marchena-2026-1-Viernes-Francisco-Gonzalez-SOLEMNITY-45.jpg\"\n\t\t\t>\n\t\n        <noscript><img loading=\"lazy\" decoding=\"async\" width=\"1280\" height=\"1920\" data-skip-lazy src=\"https:\/\/fotofrangonz.com\/wp-content\/uploads\/2026\/09\/Feria-Marchena-2026-1-Viernes-Francisco-Gonzalez-SOLEMNITY-45.jpg\" class=\"wp-image-18001\" alt=\"\" srcset=\"https:\/\/fotofrangonz.com\/wp-content\/uploads\/2026\/09\/Feria-Marchena-2026-1-Viernes-Francisco-Gonzalez-SOLEMNITY-45.jpg 1280w, https:\/\/fotofrangonz.com\/wp-content\/uploads\/2026\/09\/Feria-Marchena-2026-1-Viernes-Francisco-Gonzalez-SOLEMNITY-45-200x300.jpg 200w, https:\/\/fotofrangonz.com\/wp-content\/uploads\/2026\/09\/Feria-Marchena-2026-1-Viernes-Francisco-Gonzalez-SOLEMNITY-45-683x1024.jpg 683w, https:\/\/fotofrangonz.com\/wp-content\/uploads\/2026\/09\/Feria-Marchena-2026-1-Viernes-Francisco-Gonzalez-SOLEMNITY-45-1024x1536.jpg 1024w, https:\/\/fotofrangonz.com\/wp-content\/uploads\/2026\/09\/Feria-Marchena-2026-1-Viernes-Francisco-Gonzalez-SOLEMNITY-45-500x750.jpg 500w, https:\/\/fotofrangonz.com\/wp-content\/uploads\/2026\/09\/Feria-Marchena-2026-1-Viernes-Francisco-Gonzalez-SOLEMNITY-45-800x1200.jpg 800w, https:\/\/fotofrangonz.com\/wp-content\/uploads\/2026\/09\/Feria-Marchena-2026-1-Viernes-Francisco-Gonzalez-SOLEMNITY-45-1240x1860.jpg 1240w, https:\/\/fotofrangonz.com\/wp-content\/uploads\/2026\/09\/Feria-Marchena-2026-1-Viernes-Francisco-Gonzalez-SOLEMNITY-45-508x762.jpg 508w\" sizes=\"auto, (max-width: 1280px) 100vw, 1280px\" \/><\/noscript><img decoding=\"async\" width=\"1280\" height=\"1920\" src=\"https:\/\/fotofrangonz.com\/wp-content\/uploads\/2026\/09\/Feria-Marchena-2026-1-Viernes-Francisco-Gonzalez-SOLEMNITY-45.jpg\" class=\"wp-image-18001 vp-lazyload\" alt srcset=\"data:image\/svg+xml;base64,PHN2ZyB3aWR0aD0iMTI4MCIgaGVpZ2h0PSIxOTIwIiB2aWV3Qm94PSIwIDAgMTI4MCAxOTIwIiBmaWxsPSJub25lIiB4bWxucz0iaHR0cDovL3d3dy53My5vcmcvMjAwMC9zdmciPjwvc3ZnPg==\" data-src=\"https:\/\/fotofrangonz.com\/wp-content\/uploads\/2026\/09\/Feria-Marchena-2026-1-Viernes-Francisco-Gonzalez-SOLEMNITY-45.jpg\" data-srcset=\"https:\/\/fotofrangonz.com\/wp-content\/uploads\/2026\/09\/Feria-Marchena-2026-1-Viernes-Francisco-Gonzalez-SOLEMNITY-45.jpg 1280w, https:\/\/fotofrangonz.com\/wp-content\/uploads\/2026\/09\/Feria-Marchena-2026-1-Viernes-Francisco-Gonzalez-SOLEMNITY-45-200x300.jpg 200w, https:\/\/fotofrangonz.com\/wp-content\/uploads\/2026\/09\/Feria-Marchena-2026-1-Viernes-Francisco-Gonzalez-SOLEMNITY-45-683x1024.jpg 683w, https:\/\/fotofrangonz.com\/wp-content\/uploads\/2026\/09\/Feria-Marchena-2026-1-Viernes-Francisco-Gonzalez-SOLEMNITY-45-1024x1536.jpg 1024w, https:\/\/fotofrangonz.com\/wp-content\/uploads\/2026\/09\/Feria-Marchena-2026-1-Viernes-Francisco-Gonzalez-SOLEMNITY-45-500x750.jpg 500w, https:\/\/fotofrangonz.com\/wp-content\/uploads\/2026\/09\/Feria-Marchena-2026-1-Viernes-Francisco-Gonzalez-SOLEMNITY-45-800x1200.jpg 800w, https:\/\/fotofrangonz.com\/wp-content\/uploads\/2026\/09\/Feria-Marchena-2026-1-Viernes-Francisco-Gonzalez-SOLEMNITY-45-1240x1860.jpg 1240w, https:\/\/fotofrangonz.com\/wp-content\/uploads\/2026\/09\/Feria-Marchena-2026-1-Viernes-Francisco-Gonzalez-SOLEMNITY-45-508x762.jpg 508w\" data-sizes=\"auto\" loading=\"eager\">\n        <\/a>    <\/div>\n<\/div>\n\n<figcaption class=\"vp-portfolio__item-overlay vp-portfolio__item-align-center\">\n    <div class=\"vp-portfolio__item-meta-wrap vp-portfolio__custom-scrollbar\">\n        \t<a\n\t\thref=\"https:\/\/fotofrangonz.com\/wp-content\/uploads\/2026\/09\/Feria-Marchena-2026-1-Viernes-Francisco-Gonzalez-SOLEMNITY-45.jpg\"\n\t\ttabindex=\"-1\" class=\"vp-portfolio__item-meta\" \t>\n\t\n        \n        <\/a>    <\/div>\n<\/figcaption>\n\t\t\t<\/figure>\n\t\t\t\t\t<\/div>\n\t\t\n\t\t<div\t\tclass=\"vp-portfolio__item-wrap vp-portfolio__item-uid-74b6ca8b\" data-vp-filter=\"\" \t\t>\n\t\t\t<template class=\"vp-portfolio__item-popup\" style=\"display: none\" data-vp-popup-img=\"https:\/\/fotofrangonz.com\/wp-content\/uploads\/2026\/09\/Feria-Marchena-2026-1-Viernes-Francisco-Gonzalez-SOLEMNITY-46.jpg\" data-vp-popup-img-srcset=\"https:\/\/fotofrangonz.com\/wp-content\/uploads\/2026\/09\/Feria-Marchena-2026-1-Viernes-Francisco-Gonzalez-SOLEMNITY-46.jpg 1920w, https:\/\/fotofrangonz.com\/wp-content\/uploads\/2026\/09\/Feria-Marchena-2026-1-Viernes-Francisco-Gonzalez-SOLEMNITY-46-300x200.jpg 300w, https:\/\/fotofrangonz.com\/wp-content\/uploads\/2026\/09\/Feria-Marchena-2026-1-Viernes-Francisco-Gonzalez-SOLEMNITY-46-1024x683.jpg 1024w, https:\/\/fotofrangonz.com\/wp-content\/uploads\/2026\/09\/Feria-Marchena-2026-1-Viernes-Francisco-Gonzalez-SOLEMNITY-46-1536x1024.jpg 1536w, https:\/\/fotofrangonz.com\/wp-content\/uploads\/2026\/09\/Feria-Marchena-2026-1-Viernes-Francisco-Gonzalez-SOLEMNITY-46-500x333.jpg 500w, https:\/\/fotofrangonz.com\/wp-content\/uploads\/2026\/09\/Feria-Marchena-2026-1-Viernes-Francisco-Gonzalez-SOLEMNITY-46-800x533.jpg 800w, https:\/\/fotofrangonz.com\/wp-content\/uploads\/2026\/09\/Feria-Marchena-2026-1-Viernes-Francisco-Gonzalez-SOLEMNITY-46-1280x853.jpg 1280w, https:\/\/fotofrangonz.com\/wp-content\/uploads\/2026\/09\/Feria-Marchena-2026-1-Viernes-Francisco-Gonzalez-SOLEMNITY-46-1240x827.jpg 1240w, https:\/\/fotofrangonz.com\/wp-content\/uploads\/2026\/09\/Feria-Marchena-2026-1-Viernes-Francisco-Gonzalez-SOLEMNITY-46-508x339.jpg 508w\" data-vp-popup-img-size=\"1920x1280\" data-vp-popup-md-img=\"https:\/\/fotofrangonz.com\/wp-content\/uploads\/2026\/09\/Feria-Marchena-2026-1-Viernes-Francisco-Gonzalez-SOLEMNITY-46-800x533.jpg\" data-vp-popup-md-img-size=\"800x533\" data-vp-popup-sm-img=\"https:\/\/fotofrangonz.com\/wp-content\/uploads\/2026\/09\/Feria-Marchena-2026-1-Viernes-Francisco-Gonzalez-SOLEMNITY-46-500x333.jpg\" data-vp-popup-sm-img-size=\"500x333\">\n\t<\/template>\n\t\t\t\t\t\t<figure class=\"vp-portfolio__item\">\n\t\t\t\t\n<div class=\"vp-portfolio__item-img-wrap\">\n    <div class=\"vp-portfolio__item-img\">\n        \t<a\n\t\thref=\"https:\/\/fotofrangonz.com\/wp-content\/uploads\/2026\/09\/Feria-Marchena-2026-1-Viernes-Francisco-Gonzalez-SOLEMNITY-46.jpg\"\n\t\t\t>\n\t\n        <noscript><img loading=\"lazy\" decoding=\"async\" width=\"1920\" height=\"1280\" data-skip-lazy src=\"https:\/\/fotofrangonz.com\/wp-content\/uploads\/2026\/09\/Feria-Marchena-2026-1-Viernes-Francisco-Gonzalez-SOLEMNITY-46.jpg\" class=\"wp-image-18002\" alt=\"\" srcset=\"https:\/\/fotofrangonz.com\/wp-content\/uploads\/2026\/09\/Feria-Marchena-2026-1-Viernes-Francisco-Gonzalez-SOLEMNITY-46.jpg 1920w, https:\/\/fotofrangonz.com\/wp-content\/uploads\/2026\/09\/Feria-Marchena-2026-1-Viernes-Francisco-Gonzalez-SOLEMNITY-46-300x200.jpg 300w, https:\/\/fotofrangonz.com\/wp-content\/uploads\/2026\/09\/Feria-Marchena-2026-1-Viernes-Francisco-Gonzalez-SOLEMNITY-46-1024x683.jpg 1024w, https:\/\/fotofrangonz.com\/wp-content\/uploads\/2026\/09\/Feria-Marchena-2026-1-Viernes-Francisco-Gonzalez-SOLEMNITY-46-1536x1024.jpg 1536w, https:\/\/fotofrangonz.com\/wp-content\/uploads\/2026\/09\/Feria-Marchena-2026-1-Viernes-Francisco-Gonzalez-SOLEMNITY-46-500x333.jpg 500w, https:\/\/fotofrangonz.com\/wp-content\/uploads\/2026\/09\/Feria-Marchena-2026-1-Viernes-Francisco-Gonzalez-SOLEMNITY-46-800x533.jpg 800w, https:\/\/fotofrangonz.com\/wp-content\/uploads\/2026\/09\/Feria-Marchena-2026-1-Viernes-Francisco-Gonzalez-SOLEMNITY-46-1280x853.jpg 1280w, https:\/\/fotofrangonz.com\/wp-content\/uploads\/2026\/09\/Feria-Marchena-2026-1-Viernes-Francisco-Gonzalez-SOLEMNITY-46-1240x827.jpg 1240w, https:\/\/fotofrangonz.com\/wp-content\/uploads\/2026\/09\/Feria-Marchena-2026-1-Viernes-Francisco-Gonzalez-SOLEMNITY-46-508x339.jpg 508w\" sizes=\"auto, (max-width: 1920px) 100vw, 1920px\" \/><\/noscript><img decoding=\"async\" width=\"1920\" height=\"1280\" src=\"https:\/\/fotofrangonz.com\/wp-content\/uploads\/2026\/09\/Feria-Marchena-2026-1-Viernes-Francisco-Gonzalez-SOLEMNITY-46.jpg\" class=\"wp-image-18002 vp-lazyload\" alt srcset=\"data:image\/svg+xml;base64,PHN2ZyB3aWR0aD0iMTkyMCIgaGVpZ2h0PSIxMjgwIiB2aWV3Qm94PSIwIDAgMTkyMCAxMjgwIiBmaWxsPSJub25lIiB4bWxucz0iaHR0cDovL3d3dy53My5vcmcvMjAwMC9zdmciPjwvc3ZnPg==\" data-src=\"https:\/\/fotofrangonz.com\/wp-content\/uploads\/2026\/09\/Feria-Marchena-2026-1-Viernes-Francisco-Gonzalez-SOLEMNITY-46.jpg\" data-srcset=\"https:\/\/fotofrangonz.com\/wp-content\/uploads\/2026\/09\/Feria-Marchena-2026-1-Viernes-Francisco-Gonzalez-SOLEMNITY-46.jpg 1920w, https:\/\/fotofrangonz.com\/wp-content\/uploads\/2026\/09\/Feria-Marchena-2026-1-Viernes-Francisco-Gonzalez-SOLEMNITY-46-300x200.jpg 300w, https:\/\/fotofrangonz.com\/wp-content\/uploads\/2026\/09\/Feria-Marchena-2026-1-Viernes-Francisco-Gonzalez-SOLEMNITY-46-1024x683.jpg 1024w, https:\/\/fotofrangonz.com\/wp-content\/uploads\/2026\/09\/Feria-Marchena-2026-1-Viernes-Francisco-Gonzalez-SOLEMNITY-46-1536x1024.jpg 1536w, https:\/\/fotofrangonz.com\/wp-content\/uploads\/2026\/09\/Feria-Marchena-2026-1-Viernes-Francisco-Gonzalez-SOLEMNITY-46-500x333.jpg 500w, https:\/\/fotofrangonz.com\/wp-content\/uploads\/2026\/09\/Feria-Marchena-2026-1-Viernes-Francisco-Gonzalez-SOLEMNITY-46-800x533.jpg 800w, https:\/\/fotofrangonz.com\/wp-content\/uploads\/2026\/09\/Feria-Marchena-2026-1-Viernes-Francisco-Gonzalez-SOLEMNITY-46-1280x853.jpg 1280w, https:\/\/fotofrangonz.com\/wp-content\/uploads\/2026\/09\/Feria-Marchena-2026-1-Viernes-Francisco-Gonzalez-SOLEMNITY-46-1240x827.jpg 1240w, https:\/\/fotofrangonz.com\/wp-content\/uploads\/2026\/09\/Feria-Marchena-2026-1-Viernes-Francisco-Gonzalez-SOLEMNITY-46-508x339.jpg 508w\" data-sizes=\"auto\" loading=\"eager\">\n        <\/a>    <\/div>\n<\/div>\n\n<figcaption class=\"vp-portfolio__item-overlay vp-portfolio__item-align-center\">\n    <div class=\"vp-portfolio__item-meta-wrap vp-portfolio__custom-scrollbar\">\n        \t<a\n\t\thref=\"https:\/\/fotofrangonz.com\/wp-content\/uploads\/2026\/09\/Feria-Marchena-2026-1-Viernes-Francisco-Gonzalez-SOLEMNITY-46.jpg\"\n\t\ttabindex=\"-1\" class=\"vp-portfolio__item-meta\" \t>\n\t\n        \n        <\/a>    <\/div>\n<\/figcaption>\n\t\t\t<\/figure>\n\t\t\t\t\t<\/div>\n\t\t\n\t\t<div\t\tclass=\"vp-portfolio__item-wrap vp-portfolio__item-uid-852588b3\" data-vp-filter=\"\" \t\t>\n\t\t\t<template class=\"vp-portfolio__item-popup\" style=\"display: none\" data-vp-popup-img=\"https:\/\/fotofrangonz.com\/wp-content\/uploads\/2026\/09\/Feria-Marchena-2026-1-Viernes-Francisco-Gonzalez-SOLEMNITY-47.jpg\" data-vp-popup-img-srcset=\"https:\/\/fotofrangonz.com\/wp-content\/uploads\/2026\/09\/Feria-Marchena-2026-1-Viernes-Francisco-Gonzalez-SOLEMNITY-47.jpg 1280w, https:\/\/fotofrangonz.com\/wp-content\/uploads\/2026\/09\/Feria-Marchena-2026-1-Viernes-Francisco-Gonzalez-SOLEMNITY-47-200x300.jpg 200w, https:\/\/fotofrangonz.com\/wp-content\/uploads\/2026\/09\/Feria-Marchena-2026-1-Viernes-Francisco-Gonzalez-SOLEMNITY-47-683x1024.jpg 683w, https:\/\/fotofrangonz.com\/wp-content\/uploads\/2026\/09\/Feria-Marchena-2026-1-Viernes-Francisco-Gonzalez-SOLEMNITY-47-1024x1536.jpg 1024w, https:\/\/fotofrangonz.com\/wp-content\/uploads\/2026\/09\/Feria-Marchena-2026-1-Viernes-Francisco-Gonzalez-SOLEMNITY-47-500x750.jpg 500w, https:\/\/fotofrangonz.com\/wp-content\/uploads\/2026\/09\/Feria-Marchena-2026-1-Viernes-Francisco-Gonzalez-SOLEMNITY-47-800x1200.jpg 800w, https:\/\/fotofrangonz.com\/wp-content\/uploads\/2026\/09\/Feria-Marchena-2026-1-Viernes-Francisco-Gonzalez-SOLEMNITY-47-1240x1860.jpg 1240w, https:\/\/fotofrangonz.com\/wp-content\/uploads\/2026\/09\/Feria-Marchena-2026-1-Viernes-Francisco-Gonzalez-SOLEMNITY-47-508x762.jpg 508w\" data-vp-popup-img-size=\"1280x1920\" data-vp-popup-md-img=\"https:\/\/fotofrangonz.com\/wp-content\/uploads\/2026\/09\/Feria-Marchena-2026-1-Viernes-Francisco-Gonzalez-SOLEMNITY-47-800x1200.jpg\" data-vp-popup-md-img-size=\"800x1200\" data-vp-popup-sm-img=\"https:\/\/fotofrangonz.com\/wp-content\/uploads\/2026\/09\/Feria-Marchena-2026-1-Viernes-Francisco-Gonzalez-SOLEMNITY-47-500x750.jpg\" data-vp-popup-sm-img-size=\"500x750\">\n\t<\/template>\n\t\t\t\t\t\t<figure class=\"vp-portfolio__item\">\n\t\t\t\t\n<div class=\"vp-portfolio__item-img-wrap\">\n    <div class=\"vp-portfolio__item-img\">\n        \t<a\n\t\thref=\"https:\/\/fotofrangonz.com\/wp-content\/uploads\/2026\/09\/Feria-Marchena-2026-1-Viernes-Francisco-Gonzalez-SOLEMNITY-47.jpg\"\n\t\t\t>\n\t\n        <noscript><img loading=\"lazy\" decoding=\"async\" width=\"1280\" height=\"1920\" data-skip-lazy src=\"https:\/\/fotofrangonz.com\/wp-content\/uploads\/2026\/09\/Feria-Marchena-2026-1-Viernes-Francisco-Gonzalez-SOLEMNITY-47.jpg\" class=\"wp-image-18003\" alt=\"\" srcset=\"https:\/\/fotofrangonz.com\/wp-content\/uploads\/2026\/09\/Feria-Marchena-2026-1-Viernes-Francisco-Gonzalez-SOLEMNITY-47.jpg 1280w, https:\/\/fotofrangonz.com\/wp-content\/uploads\/2026\/09\/Feria-Marchena-2026-1-Viernes-Francisco-Gonzalez-SOLEMNITY-47-200x300.jpg 200w, https:\/\/fotofrangonz.com\/wp-content\/uploads\/2026\/09\/Feria-Marchena-2026-1-Viernes-Francisco-Gonzalez-SOLEMNITY-47-683x1024.jpg 683w, https:\/\/fotofrangonz.com\/wp-content\/uploads\/2026\/09\/Feria-Marchena-2026-1-Viernes-Francisco-Gonzalez-SOLEMNITY-47-1024x1536.jpg 1024w, https:\/\/fotofrangonz.com\/wp-content\/uploads\/2026\/09\/Feria-Marchena-2026-1-Viernes-Francisco-Gonzalez-SOLEMNITY-47-500x750.jpg 500w, https:\/\/fotofrangonz.com\/wp-content\/uploads\/2026\/09\/Feria-Marchena-2026-1-Viernes-Francisco-Gonzalez-SOLEMNITY-47-800x1200.jpg 800w, https:\/\/fotofrangonz.com\/wp-content\/uploads\/2026\/09\/Feria-Marchena-2026-1-Viernes-Francisco-Gonzalez-SOLEMNITY-47-1240x1860.jpg 1240w, https:\/\/fotofrangonz.com\/wp-content\/uploads\/2026\/09\/Feria-Marchena-2026-1-Viernes-Francisco-Gonzalez-SOLEMNITY-47-508x762.jpg 508w\" sizes=\"auto, (max-width: 1280px) 100vw, 1280px\" \/><\/noscript><img decoding=\"async\" width=\"1280\" height=\"1920\" src=\"https:\/\/fotofrangonz.com\/wp-content\/uploads\/2026\/09\/Feria-Marchena-2026-1-Viernes-Francisco-Gonzalez-SOLEMNITY-47.jpg\" class=\"wp-image-18003 vp-lazyload\" alt srcset=\"data:image\/svg+xml;base64,PHN2ZyB3aWR0aD0iMTI4MCIgaGVpZ2h0PSIxOTIwIiB2aWV3Qm94PSIwIDAgMTI4MCAxOTIwIiBmaWxsPSJub25lIiB4bWxucz0iaHR0cDovL3d3dy53My5vcmcvMjAwMC9zdmciPjwvc3ZnPg==\" data-src=\"https:\/\/fotofrangonz.com\/wp-content\/uploads\/2026\/09\/Feria-Marchena-2026-1-Viernes-Francisco-Gonzalez-SOLEMNITY-47.jpg\" data-srcset=\"https:\/\/fotofrangonz.com\/wp-content\/uploads\/2026\/09\/Feria-Marchena-2026-1-Viernes-Francisco-Gonzalez-SOLEMNITY-47.jpg 1280w, https:\/\/fotofrangonz.com\/wp-content\/uploads\/2026\/09\/Feria-Marchena-2026-1-Viernes-Francisco-Gonzalez-SOLEMNITY-47-200x300.jpg 200w, https:\/\/fotofrangonz.com\/wp-content\/uploads\/2026\/09\/Feria-Marchena-2026-1-Viernes-Francisco-Gonzalez-SOLEMNITY-47-683x1024.jpg 683w, https:\/\/fotofrangonz.com\/wp-content\/uploads\/2026\/09\/Feria-Marchena-2026-1-Viernes-Francisco-Gonzalez-SOLEMNITY-47-1024x1536.jpg 1024w, https:\/\/fotofrangonz.com\/wp-content\/uploads\/2026\/09\/Feria-Marchena-2026-1-Viernes-Francisco-Gonzalez-SOLEMNITY-47-500x750.jpg 500w, https:\/\/fotofrangonz.com\/wp-content\/uploads\/2026\/09\/Feria-Marchena-2026-1-Viernes-Francisco-Gonzalez-SOLEMNITY-47-800x1200.jpg 800w, https:\/\/fotofrangonz.com\/wp-content\/uploads\/2026\/09\/Feria-Marchena-2026-1-Viernes-Francisco-Gonzalez-SOLEMNITY-47-1240x1860.jpg 1240w, https:\/\/fotofrangonz.com\/wp-content\/uploads\/2026\/09\/Feria-Marchena-2026-1-Viernes-Francisco-Gonzalez-SOLEMNITY-47-508x762.jpg 508w\" data-sizes=\"auto\" loading=\"eager\">\n        <\/a>    <\/div>\n<\/div>\n\n<figcaption class=\"vp-portfolio__item-overlay vp-portfolio__item-align-center\">\n    <div class=\"vp-portfolio__item-meta-wrap vp-portfolio__custom-scrollbar\">\n        \t<a\n\t\thref=\"https:\/\/fotofrangonz.com\/wp-content\/uploads\/2026\/09\/Feria-Marchena-2026-1-Viernes-Francisco-Gonzalez-SOLEMNITY-47.jpg\"\n\t\ttabindex=\"-1\" class=\"vp-portfolio__item-meta\" \t>\n\t\n        \n        <\/a>    <\/div>\n<\/figcaption>\n\t\t\t<\/figure>\n\t\t\t\t\t<\/div>\n\t\t\n\t\t<div\t\tclass=\"vp-portfolio__item-wrap vp-portfolio__item-uid-d01dceb5\" data-vp-filter=\"\" \t\t>\n\t\t\t<template class=\"vp-portfolio__item-popup\" style=\"display: none\" data-vp-popup-img=\"https:\/\/fotofrangonz.com\/wp-content\/uploads\/2026\/09\/Feria-Marchena-2026-1-Viernes-Francisco-Gonzalez-SOLEMNITY-48.jpg\" data-vp-popup-img-srcset=\"https:\/\/fotofrangonz.com\/wp-content\/uploads\/2026\/09\/Feria-Marchena-2026-1-Viernes-Francisco-Gonzalez-SOLEMNITY-48.jpg 1920w, https:\/\/fotofrangonz.com\/wp-content\/uploads\/2026\/09\/Feria-Marchena-2026-1-Viernes-Francisco-Gonzalez-SOLEMNITY-48-300x200.jpg 300w, https:\/\/fotofrangonz.com\/wp-content\/uploads\/2026\/09\/Feria-Marchena-2026-1-Viernes-Francisco-Gonzalez-SOLEMNITY-48-1024x683.jpg 1024w, https:\/\/fotofrangonz.com\/wp-content\/uploads\/2026\/09\/Feria-Marchena-2026-1-Viernes-Francisco-Gonzalez-SOLEMNITY-48-1536x1024.jpg 1536w, https:\/\/fotofrangonz.com\/wp-content\/uploads\/2026\/09\/Feria-Marchena-2026-1-Viernes-Francisco-Gonzalez-SOLEMNITY-48-500x333.jpg 500w, https:\/\/fotofrangonz.com\/wp-content\/uploads\/2026\/09\/Feria-Marchena-2026-1-Viernes-Francisco-Gonzalez-SOLEMNITY-48-800x533.jpg 800w, https:\/\/fotofrangonz.com\/wp-content\/uploads\/2026\/09\/Feria-Marchena-2026-1-Viernes-Francisco-Gonzalez-SOLEMNITY-48-1280x853.jpg 1280w, https:\/\/fotofrangonz.com\/wp-content\/uploads\/2026\/09\/Feria-Marchena-2026-1-Viernes-Francisco-Gonzalez-SOLEMNITY-48-1240x827.jpg 1240w, https:\/\/fotofrangonz.com\/wp-content\/uploads\/2026\/09\/Feria-Marchena-2026-1-Viernes-Francisco-Gonzalez-SOLEMNITY-48-508x339.jpg 508w\" data-vp-popup-img-size=\"1920x1280\" data-vp-popup-md-img=\"https:\/\/fotofrangonz.com\/wp-content\/uploads\/2026\/09\/Feria-Marchena-2026-1-Viernes-Francisco-Gonzalez-SOLEMNITY-48-800x533.jpg\" data-vp-popup-md-img-size=\"800x533\" data-vp-popup-sm-img=\"https:\/\/fotofrangonz.com\/wp-content\/uploads\/2026\/09\/Feria-Marchena-2026-1-Viernes-Francisco-Gonzalez-SOLEMNITY-48-500x333.jpg\" data-vp-popup-sm-img-size=\"500x333\">\n\t<\/template>\n\t\t\t\t\t\t<figure class=\"vp-portfolio__item\">\n\t\t\t\t\n<div class=\"vp-portfolio__item-img-wrap\">\n    <div class=\"vp-portfolio__item-img\">\n        \t<a\n\t\thref=\"https:\/\/fotofrangonz.com\/wp-content\/uploads\/2026\/09\/Feria-Marchena-2026-1-Viernes-Francisco-Gonzalez-SOLEMNITY-48.jpg\"\n\t\t\t>\n\t\n        <noscript><img loading=\"lazy\" decoding=\"async\" width=\"1920\" height=\"1280\" data-skip-lazy src=\"https:\/\/fotofrangonz.com\/wp-content\/uploads\/2026\/09\/Feria-Marchena-2026-1-Viernes-Francisco-Gonzalez-SOLEMNITY-48.jpg\" class=\"wp-image-18004\" alt=\"\" srcset=\"https:\/\/fotofrangonz.com\/wp-content\/uploads\/2026\/09\/Feria-Marchena-2026-1-Viernes-Francisco-Gonzalez-SOLEMNITY-48.jpg 1920w, https:\/\/fotofrangonz.com\/wp-content\/uploads\/2026\/09\/Feria-Marchena-2026-1-Viernes-Francisco-Gonzalez-SOLEMNITY-48-300x200.jpg 300w, https:\/\/fotofrangonz.com\/wp-content\/uploads\/2026\/09\/Feria-Marchena-2026-1-Viernes-Francisco-Gonzalez-SOLEMNITY-48-1024x683.jpg 1024w, https:\/\/fotofrangonz.com\/wp-content\/uploads\/2026\/09\/Feria-Marchena-2026-1-Viernes-Francisco-Gonzalez-SOLEMNITY-48-1536x1024.jpg 1536w, https:\/\/fotofrangonz.com\/wp-content\/uploads\/2026\/09\/Feria-Marchena-2026-1-Viernes-Francisco-Gonzalez-SOLEMNITY-48-500x333.jpg 500w, https:\/\/fotofrangonz.com\/wp-content\/uploads\/2026\/09\/Feria-Marchena-2026-1-Viernes-Francisco-Gonzalez-SOLEMNITY-48-800x533.jpg 800w, https:\/\/fotofrangonz.com\/wp-content\/uploads\/2026\/09\/Feria-Marchena-2026-1-Viernes-Francisco-Gonzalez-SOLEMNITY-48-1280x853.jpg 1280w, https:\/\/fotofrangonz.com\/wp-content\/uploads\/2026\/09\/Feria-Marchena-2026-1-Viernes-Francisco-Gonzalez-SOLEMNITY-48-1240x827.jpg 1240w, https:\/\/fotofrangonz.com\/wp-content\/uploads\/2026\/09\/Feria-Marchena-2026-1-Viernes-Francisco-Gonzalez-SOLEMNITY-48-508x339.jpg 508w\" sizes=\"auto, (max-width: 1920px) 100vw, 1920px\" \/><\/noscript><img decoding=\"async\" width=\"1920\" height=\"1280\" src=\"https:\/\/fotofrangonz.com\/wp-content\/uploads\/2026\/09\/Feria-Marchena-2026-1-Viernes-Francisco-Gonzalez-SOLEMNITY-48.jpg\" class=\"wp-image-18004 vp-lazyload\" alt srcset=\"data:image\/svg+xml;base64,PHN2ZyB3aWR0aD0iMTkyMCIgaGVpZ2h0PSIxMjgwIiB2aWV3Qm94PSIwIDAgMTkyMCAxMjgwIiBmaWxsPSJub25lIiB4bWxucz0iaHR0cDovL3d3dy53My5vcmcvMjAwMC9zdmciPjwvc3ZnPg==\" data-src=\"https:\/\/fotofrangonz.com\/wp-content\/uploads\/2026\/09\/Feria-Marchena-2026-1-Viernes-Francisco-Gonzalez-SOLEMNITY-48.jpg\" data-srcset=\"https:\/\/fotofrangonz.com\/wp-content\/uploads\/2026\/09\/Feria-Marchena-2026-1-Viernes-Francisco-Gonzalez-SOLEMNITY-48.jpg 1920w, https:\/\/fotofrangonz.com\/wp-content\/uploads\/2026\/09\/Feria-Marchena-2026-1-Viernes-Francisco-Gonzalez-SOLEMNITY-48-300x200.jpg 300w, https:\/\/fotofrangonz.com\/wp-content\/uploads\/2026\/09\/Feria-Marchena-2026-1-Viernes-Francisco-Gonzalez-SOLEMNITY-48-1024x683.jpg 1024w, https:\/\/fotofrangonz.com\/wp-content\/uploads\/2026\/09\/Feria-Marchena-2026-1-Viernes-Francisco-Gonzalez-SOLEMNITY-48-1536x1024.jpg 1536w, https:\/\/fotofrangonz.com\/wp-content\/uploads\/2026\/09\/Feria-Marchena-2026-1-Viernes-Francisco-Gonzalez-SOLEMNITY-48-500x333.jpg 500w, https:\/\/fotofrangonz.com\/wp-content\/uploads\/2026\/09\/Feria-Marchena-2026-1-Viernes-Francisco-Gonzalez-SOLEMNITY-48-800x533.jpg 800w, https:\/\/fotofrangonz.com\/wp-content\/uploads\/2026\/09\/Feria-Marchena-2026-1-Viernes-Francisco-Gonzalez-SOLEMNITY-48-1280x853.jpg 1280w, https:\/\/fotofrangonz.com\/wp-content\/uploads\/2026\/09\/Feria-Marchena-2026-1-Viernes-Francisco-Gonzalez-SOLEMNITY-48-1240x827.jpg 1240w, https:\/\/fotofrangonz.com\/wp-content\/uploads\/2026\/09\/Feria-Marchena-2026-1-Viernes-Francisco-Gonzalez-SOLEMNITY-48-508x339.jpg 508w\" data-sizes=\"auto\" loading=\"eager\">\n        <\/a>    <\/div>\n<\/div>\n\n<figcaption class=\"vp-portfolio__item-overlay vp-portfolio__item-align-center\">\n    <div class=\"vp-portfolio__item-meta-wrap vp-portfolio__custom-scrollbar\">\n        \t<a\n\t\thref=\"https:\/\/fotofrangonz.com\/wp-content\/uploads\/2026\/09\/Feria-Marchena-2026-1-Viernes-Francisco-Gonzalez-SOLEMNITY-48.jpg\"\n\t\ttabindex=\"-1\" class=\"vp-portfolio__item-meta\" \t>\n\t\n        \n        <\/a>    <\/div>\n<\/figcaption>\n\t\t\t<\/figure>\n\t\t\t\t\t<\/div>\n\t\t\n\t\t<div\t\tclass=\"vp-portfolio__item-wrap vp-portfolio__item-uid-564c4cf6\" data-vp-filter=\"\" \t\t>\n\t\t\t<template class=\"vp-portfolio__item-popup\" style=\"display: none\" data-vp-popup-img=\"https:\/\/fotofrangonz.com\/wp-content\/uploads\/2026\/09\/Feria-Marchena-2026-1-Viernes-Francisco-Gonzalez-SOLEMNITY-49.jpg\" data-vp-popup-img-srcset=\"https:\/\/fotofrangonz.com\/wp-content\/uploads\/2026\/09\/Feria-Marchena-2026-1-Viernes-Francisco-Gonzalez-SOLEMNITY-49.jpg 1920w, https:\/\/fotofrangonz.com\/wp-content\/uploads\/2026\/09\/Feria-Marchena-2026-1-Viernes-Francisco-Gonzalez-SOLEMNITY-49-300x200.jpg 300w, https:\/\/fotofrangonz.com\/wp-content\/uploads\/2026\/09\/Feria-Marchena-2026-1-Viernes-Francisco-Gonzalez-SOLEMNITY-49-1024x683.jpg 1024w, https:\/\/fotofrangonz.com\/wp-content\/uploads\/2026\/09\/Feria-Marchena-2026-1-Viernes-Francisco-Gonzalez-SOLEMNITY-49-1536x1024.jpg 1536w, https:\/\/fotofrangonz.com\/wp-content\/uploads\/2026\/09\/Feria-Marchena-2026-1-Viernes-Francisco-Gonzalez-SOLEMNITY-49-500x333.jpg 500w, https:\/\/fotofrangonz.com\/wp-content\/uploads\/2026\/09\/Feria-Marchena-2026-1-Viernes-Francisco-Gonzalez-SOLEMNITY-49-800x533.jpg 800w, https:\/\/fotofrangonz.com\/wp-content\/uploads\/2026\/09\/Feria-Marchena-2026-1-Viernes-Francisco-Gonzalez-SOLEMNITY-49-1280x853.jpg 1280w, https:\/\/fotofrangonz.com\/wp-content\/uploads\/2026\/09\/Feria-Marchena-2026-1-Viernes-Francisco-Gonzalez-SOLEMNITY-49-1240x827.jpg 1240w, https:\/\/fotofrangonz.com\/wp-content\/uploads\/2026\/09\/Feria-Marchena-2026-1-Viernes-Francisco-Gonzalez-SOLEMNITY-49-508x339.jpg 508w\" data-vp-popup-img-size=\"1920x1280\" data-vp-popup-md-img=\"https:\/\/fotofrangonz.com\/wp-content\/uploads\/2026\/09\/Feria-Marchena-2026-1-Viernes-Francisco-Gonzalez-SOLEMNITY-49-800x533.jpg\" data-vp-popup-md-img-size=\"800x533\" data-vp-popup-sm-img=\"https:\/\/fotofrangonz.com\/wp-content\/uploads\/2026\/09\/Feria-Marchena-2026-1-Viernes-Francisco-Gonzalez-SOLEMNITY-49-500x333.jpg\" data-vp-popup-sm-img-size=\"500x333\">\n\t<\/template>\n\t\t\t\t\t\t<figure class=\"vp-portfolio__item\">\n\t\t\t\t\n<div class=\"vp-portfolio__item-img-wrap\">\n    <div class=\"vp-portfolio__item-img\">\n        \t<a\n\t\thref=\"https:\/\/fotofrangonz.com\/wp-content\/uploads\/2026\/09\/Feria-Marchena-2026-1-Viernes-Francisco-Gonzalez-SOLEMNITY-49.jpg\"\n\t\t\t>\n\t\n        <noscript><img loading=\"lazy\" decoding=\"async\" width=\"1920\" height=\"1280\" data-skip-lazy src=\"https:\/\/fotofrangonz.com\/wp-content\/uploads\/2026\/09\/Feria-Marchena-2026-1-Viernes-Francisco-Gonzalez-SOLEMNITY-49.jpg\" class=\"wp-image-18005\" alt=\"\" srcset=\"https:\/\/fotofrangonz.com\/wp-content\/uploads\/2026\/09\/Feria-Marchena-2026-1-Viernes-Francisco-Gonzalez-SOLEMNITY-49.jpg 1920w, https:\/\/fotofrangonz.com\/wp-content\/uploads\/2026\/09\/Feria-Marchena-2026-1-Viernes-Francisco-Gonzalez-SOLEMNITY-49-300x200.jpg 300w, https:\/\/fotofrangonz.com\/wp-content\/uploads\/2026\/09\/Feria-Marchena-2026-1-Viernes-Francisco-Gonzalez-SOLEMNITY-49-1024x683.jpg 1024w, https:\/\/fotofrangonz.com\/wp-content\/uploads\/2026\/09\/Feria-Marchena-2026-1-Viernes-Francisco-Gonzalez-SOLEMNITY-49-1536x1024.jpg 1536w, https:\/\/fotofrangonz.com\/wp-content\/uploads\/2026\/09\/Feria-Marchena-2026-1-Viernes-Francisco-Gonzalez-SOLEMNITY-49-500x333.jpg 500w, https:\/\/fotofrangonz.com\/wp-content\/uploads\/2026\/09\/Feria-Marchena-2026-1-Viernes-Francisco-Gonzalez-SOLEMNITY-49-800x533.jpg 800w, https:\/\/fotofrangonz.com\/wp-content\/uploads\/2026\/09\/Feria-Marchena-2026-1-Viernes-Francisco-Gonzalez-SOLEMNITY-49-1280x853.jpg 1280w, https:\/\/fotofrangonz.com\/wp-content\/uploads\/2026\/09\/Feria-Marchena-2026-1-Viernes-Francisco-Gonzalez-SOLEMNITY-49-1240x827.jpg 1240w, https:\/\/fotofrangonz.com\/wp-content\/uploads\/2026\/09\/Feria-Marchena-2026-1-Viernes-Francisco-Gonzalez-SOLEMNITY-49-508x339.jpg 508w\" sizes=\"auto, (max-width: 1920px) 100vw, 1920px\" \/><\/noscript><img decoding=\"async\" width=\"1920\" height=\"1280\" src=\"https:\/\/fotofrangonz.com\/wp-content\/uploads\/2026\/09\/Feria-Marchena-2026-1-Viernes-Francisco-Gonzalez-SOLEMNITY-49.jpg\" class=\"wp-image-18005 vp-lazyload\" alt srcset=\"data:image\/svg+xml;base64,PHN2ZyB3aWR0aD0iMTkyMCIgaGVpZ2h0PSIxMjgwIiB2aWV3Qm94PSIwIDAgMTkyMCAxMjgwIiBmaWxsPSJub25lIiB4bWxucz0iaHR0cDovL3d3dy53My5vcmcvMjAwMC9zdmciPjwvc3ZnPg==\" data-src=\"https:\/\/fotofrangonz.com\/wp-content\/uploads\/2026\/09\/Feria-Marchena-2026-1-Viernes-Francisco-Gonzalez-SOLEMNITY-49.jpg\" data-srcset=\"https:\/\/fotofrangonz.com\/wp-content\/uploads\/2026\/09\/Feria-Marchena-2026-1-Viernes-Francisco-Gonzalez-SOLEMNITY-49.jpg 1920w, https:\/\/fotofrangonz.com\/wp-content\/uploads\/2026\/09\/Feria-Marchena-2026-1-Viernes-Francisco-Gonzalez-SOLEMNITY-49-300x200.jpg 300w, https:\/\/fotofrangonz.com\/wp-content\/uploads\/2026\/09\/Feria-Marchena-2026-1-Viernes-Francisco-Gonzalez-SOLEMNITY-49-1024x683.jpg 1024w, https:\/\/fotofrangonz.com\/wp-content\/uploads\/2026\/09\/Feria-Marchena-2026-1-Viernes-Francisco-Gonzalez-SOLEMNITY-49-1536x1024.jpg 1536w, https:\/\/fotofrangonz.com\/wp-content\/uploads\/2026\/09\/Feria-Marchena-2026-1-Viernes-Francisco-Gonzalez-SOLEMNITY-49-500x333.jpg 500w, https:\/\/fotofrangonz.com\/wp-content\/uploads\/2026\/09\/Feria-Marchena-2026-1-Viernes-Francisco-Gonzalez-SOLEMNITY-49-800x533.jpg 800w, https:\/\/fotofrangonz.com\/wp-content\/uploads\/2026\/09\/Feria-Marchena-2026-1-Viernes-Francisco-Gonzalez-SOLEMNITY-49-1280x853.jpg 1280w, https:\/\/fotofrangonz.com\/wp-content\/uploads\/2026\/09\/Feria-Marchena-2026-1-Viernes-Francisco-Gonzalez-SOLEMNITY-49-1240x827.jpg 1240w, https:\/\/fotofrangonz.com\/wp-content\/uploads\/2026\/09\/Feria-Marchena-2026-1-Viernes-Francisco-Gonzalez-SOLEMNITY-49-508x339.jpg 508w\" data-sizes=\"auto\" loading=\"eager\">\n        <\/a>    <\/div>\n<\/div>\n\n<figcaption class=\"vp-portfolio__item-overlay vp-portfolio__item-align-center\">\n    <div class=\"vp-portfolio__item-meta-wrap vp-portfolio__custom-scrollbar\">\n        \t<a\n\t\thref=\"https:\/\/fotofrangonz.com\/wp-content\/uploads\/2026\/09\/Feria-Marchena-2026-1-Viernes-Francisco-Gonzalez-SOLEMNITY-49.jpg\"\n\t\ttabindex=\"-1\" class=\"vp-portfolio__item-meta\" \t>\n\t\n        \n        <\/a>    <\/div>\n<\/figcaption>\n\t\t\t<\/figure>\n\t\t\t\t\t<\/div>\n\t\t\n\t\t<div\t\tclass=\"vp-portfolio__item-wrap vp-portfolio__item-uid-0419cee9\" data-vp-filter=\"\" \t\t>\n\t\t\t<template class=\"vp-portfolio__item-popup\" style=\"display: none\" data-vp-popup-img=\"https:\/\/fotofrangonz.com\/wp-content\/uploads\/2026\/09\/Feria-Marchena-2026-1-Viernes-Francisco-Gonzalez-SOLEMNITY-50.jpg\" data-vp-popup-img-srcset=\"https:\/\/fotofrangonz.com\/wp-content\/uploads\/2026\/09\/Feria-Marchena-2026-1-Viernes-Francisco-Gonzalez-SOLEMNITY-50.jpg 1920w, https:\/\/fotofrangonz.com\/wp-content\/uploads\/2026\/09\/Feria-Marchena-2026-1-Viernes-Francisco-Gonzalez-SOLEMNITY-50-300x200.jpg 300w, https:\/\/fotofrangonz.com\/wp-content\/uploads\/2026\/09\/Feria-Marchena-2026-1-Viernes-Francisco-Gonzalez-SOLEMNITY-50-1024x683.jpg 1024w, https:\/\/fotofrangonz.com\/wp-content\/uploads\/2026\/09\/Feria-Marchena-2026-1-Viernes-Francisco-Gonzalez-SOLEMNITY-50-1536x1024.jpg 1536w, https:\/\/fotofrangonz.com\/wp-content\/uploads\/2026\/09\/Feria-Marchena-2026-1-Viernes-Francisco-Gonzalez-SOLEMNITY-50-500x333.jpg 500w, https:\/\/fotofrangonz.com\/wp-content\/uploads\/2026\/09\/Feria-Marchena-2026-1-Viernes-Francisco-Gonzalez-SOLEMNITY-50-800x533.jpg 800w, https:\/\/fotofrangonz.com\/wp-content\/uploads\/2026\/09\/Feria-Marchena-2026-1-Viernes-Francisco-Gonzalez-SOLEMNITY-50-1280x853.jpg 1280w, https:\/\/fotofrangonz.com\/wp-content\/uploads\/2026\/09\/Feria-Marchena-2026-1-Viernes-Francisco-Gonzalez-SOLEMNITY-50-1240x827.jpg 1240w, https:\/\/fotofrangonz.com\/wp-content\/uploads\/2026\/09\/Feria-Marchena-2026-1-Viernes-Francisco-Gonzalez-SOLEMNITY-50-508x339.jpg 508w\" data-vp-popup-img-size=\"1920x1280\" data-vp-popup-md-img=\"https:\/\/fotofrangonz.com\/wp-content\/uploads\/2026\/09\/Feria-Marchena-2026-1-Viernes-Francisco-Gonzalez-SOLEMNITY-50-800x533.jpg\" data-vp-popup-md-img-size=\"800x533\" data-vp-popup-sm-img=\"https:\/\/fotofrangonz.com\/wp-content\/uploads\/2026\/09\/Feria-Marchena-2026-1-Viernes-Francisco-Gonzalez-SOLEMNITY-50-500x333.jpg\" data-vp-popup-sm-img-size=\"500x333\">\n\t<\/template>\n\t\t\t\t\t\t<figure class=\"vp-portfolio__item\">\n\t\t\t\t\n<div class=\"vp-portfolio__item-img-wrap\">\n    <div class=\"vp-portfolio__item-img\">\n        \t<a\n\t\thref=\"https:\/\/fotofrangonz.com\/wp-content\/uploads\/2026\/09\/Feria-Marchena-2026-1-Viernes-Francisco-Gonzalez-SOLEMNITY-50.jpg\"\n\t\t\t>\n\t\n        <noscript><img loading=\"lazy\" decoding=\"async\" width=\"1920\" height=\"1280\" data-skip-lazy src=\"https:\/\/fotofrangonz.com\/wp-content\/uploads\/2026\/09\/Feria-Marchena-2026-1-Viernes-Francisco-Gonzalez-SOLEMNITY-50.jpg\" class=\"wp-image-18006\" alt=\"\" srcset=\"https:\/\/fotofrangonz.com\/wp-content\/uploads\/2026\/09\/Feria-Marchena-2026-1-Viernes-Francisco-Gonzalez-SOLEMNITY-50.jpg 1920w, https:\/\/fotofrangonz.com\/wp-content\/uploads\/2026\/09\/Feria-Marchena-2026-1-Viernes-Francisco-Gonzalez-SOLEMNITY-50-300x200.jpg 300w, https:\/\/fotofrangonz.com\/wp-content\/uploads\/2026\/09\/Feria-Marchena-2026-1-Viernes-Francisco-Gonzalez-SOLEMNITY-50-1024x683.jpg 1024w, https:\/\/fotofrangonz.com\/wp-content\/uploads\/2026\/09\/Feria-Marchena-2026-1-Viernes-Francisco-Gonzalez-SOLEMNITY-50-1536x1024.jpg 1536w, https:\/\/fotofrangonz.com\/wp-content\/uploads\/2026\/09\/Feria-Marchena-2026-1-Viernes-Francisco-Gonzalez-SOLEMNITY-50-500x333.jpg 500w, https:\/\/fotofrangonz.com\/wp-content\/uploads\/2026\/09\/Feria-Marchena-2026-1-Viernes-Francisco-Gonzalez-SOLEMNITY-50-800x533.jpg 800w, https:\/\/fotofrangonz.com\/wp-content\/uploads\/2026\/09\/Feria-Marchena-2026-1-Viernes-Francisco-Gonzalez-SOLEMNITY-50-1280x853.jpg 1280w, https:\/\/fotofrangonz.com\/wp-content\/uploads\/2026\/09\/Feria-Marchena-2026-1-Viernes-Francisco-Gonzalez-SOLEMNITY-50-1240x827.jpg 1240w, https:\/\/fotofrangonz.com\/wp-content\/uploads\/2026\/09\/Feria-Marchena-2026-1-Viernes-Francisco-Gonzalez-SOLEMNITY-50-508x339.jpg 508w\" sizes=\"auto, (max-width: 1920px) 100vw, 1920px\" \/><\/noscript><img decoding=\"async\" width=\"1920\" height=\"1280\" src=\"https:\/\/fotofrangonz.com\/wp-content\/uploads\/2026\/09\/Feria-Marchena-2026-1-Viernes-Francisco-Gonzalez-SOLEMNITY-50.jpg\" class=\"wp-image-18006 vp-lazyload\" alt srcset=\"data:image\/svg+xml;base64,PHN2ZyB3aWR0aD0iMTkyMCIgaGVpZ2h0PSIxMjgwIiB2aWV3Qm94PSIwIDAgMTkyMCAxMjgwIiBmaWxsPSJub25lIiB4bWxucz0iaHR0cDovL3d3dy53My5vcmcvMjAwMC9zdmciPjwvc3ZnPg==\" data-src=\"https:\/\/fotofrangonz.com\/wp-content\/uploads\/2026\/09\/Feria-Marchena-2026-1-Viernes-Francisco-Gonzalez-SOLEMNITY-50.jpg\" data-srcset=\"https:\/\/fotofrangonz.com\/wp-content\/uploads\/2026\/09\/Feria-Marchena-2026-1-Viernes-Francisco-Gonzalez-SOLEMNITY-50.jpg 1920w, https:\/\/fotofrangonz.com\/wp-content\/uploads\/2026\/09\/Feria-Marchena-2026-1-Viernes-Francisco-Gonzalez-SOLEMNITY-50-300x200.jpg 300w, https:\/\/fotofrangonz.com\/wp-content\/uploads\/2026\/09\/Feria-Marchena-2026-1-Viernes-Francisco-Gonzalez-SOLEMNITY-50-1024x683.jpg 1024w, https:\/\/fotofrangonz.com\/wp-content\/uploads\/2026\/09\/Feria-Marchena-2026-1-Viernes-Francisco-Gonzalez-SOLEMNITY-50-1536x1024.jpg 1536w, https:\/\/fotofrangonz.com\/wp-content\/uploads\/2026\/09\/Feria-Marchena-2026-1-Viernes-Francisco-Gonzalez-SOLEMNITY-50-500x333.jpg 500w, https:\/\/fotofrangonz.com\/wp-content\/uploads\/2026\/09\/Feria-Marchena-2026-1-Viernes-Francisco-Gonzalez-SOLEMNITY-50-800x533.jpg 800w, https:\/\/fotofrangonz.com\/wp-content\/uploads\/2026\/09\/Feria-Marchena-2026-1-Viernes-Francisco-Gonzalez-SOLEMNITY-50-1280x853.jpg 1280w, https:\/\/fotofrangonz.com\/wp-content\/uploads\/2026\/09\/Feria-Marchena-2026-1-Viernes-Francisco-Gonzalez-SOLEMNITY-50-1240x827.jpg 1240w, https:\/\/fotofrangonz.com\/wp-content\/uploads\/2026\/09\/Feria-Marchena-2026-1-Viernes-Francisco-Gonzalez-SOLEMNITY-50-508x339.jpg 508w\" data-sizes=\"auto\" loading=\"eager\">\n        <\/a>    <\/div>\n<\/div>\n\n<figcaption class=\"vp-portfolio__item-overlay vp-portfolio__item-align-center\">\n    <div class=\"vp-portfolio__item-meta-wrap vp-portfolio__custom-scrollbar\">\n        \t<a\n\t\thref=\"https:\/\/fotofrangonz.com\/wp-content\/uploads\/2026\/09\/Feria-Marchena-2026-1-Viernes-Francisco-Gonzalez-SOLEMNITY-50.jpg\"\n\t\ttabindex=\"-1\" class=\"vp-portfolio__item-meta\" \t>\n\t\n        \n        <\/a>    <\/div>\n<\/figcaption>\n\t\t\t<\/figure>\n\t\t\t\t\t<\/div>\n\t\t\n\t\t<div\t\tclass=\"vp-portfolio__item-wrap vp-portfolio__item-uid-f266a403\" data-vp-filter=\"\" \t\t>\n\t\t\t<template class=\"vp-portfolio__item-popup\" style=\"display: none\" data-vp-popup-img=\"https:\/\/fotofrangonz.com\/wp-content\/uploads\/2026\/09\/Feria-Marchena-2026-1-Viernes-Francisco-Gonzalez-SOLEMNITY-51.jpg\" data-vp-popup-img-srcset=\"https:\/\/fotofrangonz.com\/wp-content\/uploads\/2026\/09\/Feria-Marchena-2026-1-Viernes-Francisco-Gonzalez-SOLEMNITY-51.jpg 1920w, https:\/\/fotofrangonz.com\/wp-content\/uploads\/2026\/09\/Feria-Marchena-2026-1-Viernes-Francisco-Gonzalez-SOLEMNITY-51-300x200.jpg 300w, https:\/\/fotofrangonz.com\/wp-content\/uploads\/2026\/09\/Feria-Marchena-2026-1-Viernes-Francisco-Gonzalez-SOLEMNITY-51-1024x683.jpg 1024w, https:\/\/fotofrangonz.com\/wp-content\/uploads\/2026\/09\/Feria-Marchena-2026-1-Viernes-Francisco-Gonzalez-SOLEMNITY-51-1536x1024.jpg 1536w, https:\/\/fotofrangonz.com\/wp-content\/uploads\/2026\/09\/Feria-Marchena-2026-1-Viernes-Francisco-Gonzalez-SOLEMNITY-51-500x333.jpg 500w, https:\/\/fotofrangonz.com\/wp-content\/uploads\/2026\/09\/Feria-Marchena-2026-1-Viernes-Francisco-Gonzalez-SOLEMNITY-51-800x533.jpg 800w, https:\/\/fotofrangonz.com\/wp-content\/uploads\/2026\/09\/Feria-Marchena-2026-1-Viernes-Francisco-Gonzalez-SOLEMNITY-51-1280x853.jpg 1280w, https:\/\/fotofrangonz.com\/wp-content\/uploads\/2026\/09\/Feria-Marchena-2026-1-Viernes-Francisco-Gonzalez-SOLEMNITY-51-1240x827.jpg 1240w, https:\/\/fotofrangonz.com\/wp-content\/uploads\/2026\/09\/Feria-Marchena-2026-1-Viernes-Francisco-Gonzalez-SOLEMNITY-51-508x339.jpg 508w\" data-vp-popup-img-size=\"1920x1280\" data-vp-popup-md-img=\"https:\/\/fotofrangonz.com\/wp-content\/uploads\/2026\/09\/Feria-Marchena-2026-1-Viernes-Francisco-Gonzalez-SOLEMNITY-51-800x533.jpg\" data-vp-popup-md-img-size=\"800x533\" data-vp-popup-sm-img=\"https:\/\/fotofrangonz.com\/wp-content\/uploads\/2026\/09\/Feria-Marchena-2026-1-Viernes-Francisco-Gonzalez-SOLEMNITY-51-500x333.jpg\" data-vp-popup-sm-img-size=\"500x333\">\n\t<\/template>\n\t\t\t\t\t\t<figure class=\"vp-portfolio__item\">\n\t\t\t\t\n<div class=\"vp-portfolio__item-img-wrap\">\n    <div class=\"vp-portfolio__item-img\">\n        \t<a\n\t\thref=\"https:\/\/fotofrangonz.com\/wp-content\/uploads\/2026\/09\/Feria-Marchena-2026-1-Viernes-Francisco-Gonzalez-SOLEMNITY-51.jpg\"\n\t\t\t>\n\t\n        <noscript><img loading=\"lazy\" decoding=\"async\" width=\"1920\" height=\"1280\" data-skip-lazy src=\"https:\/\/fotofrangonz.com\/wp-content\/uploads\/2026\/09\/Feria-Marchena-2026-1-Viernes-Francisco-Gonzalez-SOLEMNITY-51.jpg\" class=\"wp-image-18007\" alt=\"\" srcset=\"https:\/\/fotofrangonz.com\/wp-content\/uploads\/2026\/09\/Feria-Marchena-2026-1-Viernes-Francisco-Gonzalez-SOLEMNITY-51.jpg 1920w, https:\/\/fotofrangonz.com\/wp-content\/uploads\/2026\/09\/Feria-Marchena-2026-1-Viernes-Francisco-Gonzalez-SOLEMNITY-51-300x200.jpg 300w, https:\/\/fotofrangonz.com\/wp-content\/uploads\/2026\/09\/Feria-Marchena-2026-1-Viernes-Francisco-Gonzalez-SOLEMNITY-51-1024x683.jpg 1024w, https:\/\/fotofrangonz.com\/wp-content\/uploads\/2026\/09\/Feria-Marchena-2026-1-Viernes-Francisco-Gonzalez-SOLEMNITY-51-1536x1024.jpg 1536w, https:\/\/fotofrangonz.com\/wp-content\/uploads\/2026\/09\/Feria-Marchena-2026-1-Viernes-Francisco-Gonzalez-SOLEMNITY-51-500x333.jpg 500w, https:\/\/fotofrangonz.com\/wp-content\/uploads\/2026\/09\/Feria-Marchena-2026-1-Viernes-Francisco-Gonzalez-SOLEMNITY-51-800x533.jpg 800w, https:\/\/fotofrangonz.com\/wp-content\/uploads\/2026\/09\/Feria-Marchena-2026-1-Viernes-Francisco-Gonzalez-SOLEMNITY-51-1280x853.jpg 1280w, https:\/\/fotofrangonz.com\/wp-content\/uploads\/2026\/09\/Feria-Marchena-2026-1-Viernes-Francisco-Gonzalez-SOLEMNITY-51-1240x827.jpg 1240w, https:\/\/fotofrangonz.com\/wp-content\/uploads\/2026\/09\/Feria-Marchena-2026-1-Viernes-Francisco-Gonzalez-SOLEMNITY-51-508x339.jpg 508w\" sizes=\"auto, (max-width: 1920px) 100vw, 1920px\" \/><\/noscript><img decoding=\"async\" width=\"1920\" height=\"1280\" src=\"https:\/\/fotofrangonz.com\/wp-content\/uploads\/2026\/09\/Feria-Marchena-2026-1-Viernes-Francisco-Gonzalez-SOLEMNITY-51.jpg\" class=\"wp-image-18007 vp-lazyload\" alt srcset=\"data:image\/svg+xml;base64,PHN2ZyB3aWR0aD0iMTkyMCIgaGVpZ2h0PSIxMjgwIiB2aWV3Qm94PSIwIDAgMTkyMCAxMjgwIiBmaWxsPSJub25lIiB4bWxucz0iaHR0cDovL3d3dy53My5vcmcvMjAwMC9zdmciPjwvc3ZnPg==\" data-src=\"https:\/\/fotofrangonz.com\/wp-content\/uploads\/2026\/09\/Feria-Marchena-2026-1-Viernes-Francisco-Gonzalez-SOLEMNITY-51.jpg\" data-srcset=\"https:\/\/fotofrangonz.com\/wp-content\/uploads\/2026\/09\/Feria-Marchena-2026-1-Viernes-Francisco-Gonzalez-SOLEMNITY-51.jpg 1920w, https:\/\/fotofrangonz.com\/wp-content\/uploads\/2026\/09\/Feria-Marchena-2026-1-Viernes-Francisco-Gonzalez-SOLEMNITY-51-300x200.jpg 300w, https:\/\/fotofrangonz.com\/wp-content\/uploads\/2026\/09\/Feria-Marchena-2026-1-Viernes-Francisco-Gonzalez-SOLEMNITY-51-1024x683.jpg 1024w, https:\/\/fotofrangonz.com\/wp-content\/uploads\/2026\/09\/Feria-Marchena-2026-1-Viernes-Francisco-Gonzalez-SOLEMNITY-51-1536x1024.jpg 1536w, https:\/\/fotofrangonz.com\/wp-content\/uploads\/2026\/09\/Feria-Marchena-2026-1-Viernes-Francisco-Gonzalez-SOLEMNITY-51-500x333.jpg 500w, https:\/\/fotofrangonz.com\/wp-content\/uploads\/2026\/09\/Feria-Marchena-2026-1-Viernes-Francisco-Gonzalez-SOLEMNITY-51-800x533.jpg 800w, https:\/\/fotofrangonz.com\/wp-content\/uploads\/2026\/09\/Feria-Marchena-2026-1-Viernes-Francisco-Gonzalez-SOLEMNITY-51-1280x853.jpg 1280w, https:\/\/fotofrangonz.com\/wp-content\/uploads\/2026\/09\/Feria-Marchena-2026-1-Viernes-Francisco-Gonzalez-SOLEMNITY-51-1240x827.jpg 1240w, https:\/\/fotofrangonz.com\/wp-content\/uploads\/2026\/09\/Feria-Marchena-2026-1-Viernes-Francisco-Gonzalez-SOLEMNITY-51-508x339.jpg 508w\" data-sizes=\"auto\" loading=\"eager\">\n        <\/a>    <\/div>\n<\/div>\n\n<figcaption class=\"vp-portfolio__item-overlay vp-portfolio__item-align-center\">\n    <div class=\"vp-portfolio__item-meta-wrap vp-portfolio__custom-scrollbar\">\n        \t<a\n\t\thref=\"https:\/\/fotofrangonz.com\/wp-content\/uploads\/2026\/09\/Feria-Marchena-2026-1-Viernes-Francisco-Gonzalez-SOLEMNITY-51.jpg\"\n\t\ttabindex=\"-1\" class=\"vp-portfolio__item-meta\" \t>\n\t\n        \n        <\/a>    <\/div>\n<\/figcaption>\n\t\t\t<\/figure>\n\t\t\t\t\t<\/div>\n\t\t\n\t\t<div\t\tclass=\"vp-portfolio__item-wrap vp-portfolio__item-uid-a9856a37\" data-vp-filter=\"\" \t\t>\n\t\t\t<template class=\"vp-portfolio__item-popup\" style=\"display: none\" data-vp-popup-img=\"https:\/\/fotofrangonz.com\/wp-content\/uploads\/2026\/09\/Feria-Marchena-2026-1-Viernes-Francisco-Gonzalez-SOLEMNITY-52.jpg\" data-vp-popup-img-srcset=\"https:\/\/fotofrangonz.com\/wp-content\/uploads\/2026\/09\/Feria-Marchena-2026-1-Viernes-Francisco-Gonzalez-SOLEMNITY-52.jpg 1920w, https:\/\/fotofrangonz.com\/wp-content\/uploads\/2026\/09\/Feria-Marchena-2026-1-Viernes-Francisco-Gonzalez-SOLEMNITY-52-300x200.jpg 300w, https:\/\/fotofrangonz.com\/wp-content\/uploads\/2026\/09\/Feria-Marchena-2026-1-Viernes-Francisco-Gonzalez-SOLEMNITY-52-1024x683.jpg 1024w, https:\/\/fotofrangonz.com\/wp-content\/uploads\/2026\/09\/Feria-Marchena-2026-1-Viernes-Francisco-Gonzalez-SOLEMNITY-52-1536x1024.jpg 1536w, https:\/\/fotofrangonz.com\/wp-content\/uploads\/2026\/09\/Feria-Marchena-2026-1-Viernes-Francisco-Gonzalez-SOLEMNITY-52-500x333.jpg 500w, https:\/\/fotofrangonz.com\/wp-content\/uploads\/2026\/09\/Feria-Marchena-2026-1-Viernes-Francisco-Gonzalez-SOLEMNITY-52-800x533.jpg 800w, https:\/\/fotofrangonz.com\/wp-content\/uploads\/2026\/09\/Feria-Marchena-2026-1-Viernes-Francisco-Gonzalez-SOLEMNITY-52-1280x853.jpg 1280w, https:\/\/fotofrangonz.com\/wp-content\/uploads\/2026\/09\/Feria-Marchena-2026-1-Viernes-Francisco-Gonzalez-SOLEMNITY-52-1240x827.jpg 1240w, https:\/\/fotofrangonz.com\/wp-content\/uploads\/2026\/09\/Feria-Marchena-2026-1-Viernes-Francisco-Gonzalez-SOLEMNITY-52-508x339.jpg 508w\" data-vp-popup-img-size=\"1920x1280\" data-vp-popup-md-img=\"https:\/\/fotofrangonz.com\/wp-content\/uploads\/2026\/09\/Feria-Marchena-2026-1-Viernes-Francisco-Gonzalez-SOLEMNITY-52-800x533.jpg\" data-vp-popup-md-img-size=\"800x533\" data-vp-popup-sm-img=\"https:\/\/fotofrangonz.com\/wp-content\/uploads\/2026\/09\/Feria-Marchena-2026-1-Viernes-Francisco-Gonzalez-SOLEMNITY-52-500x333.jpg\" data-vp-popup-sm-img-size=\"500x333\">\n\t<\/template>\n\t\t\t\t\t\t<figure class=\"vp-portfolio__item\">\n\t\t\t\t\n<div class=\"vp-portfolio__item-img-wrap\">\n    <div class=\"vp-portfolio__item-img\">\n        \t<a\n\t\thref=\"https:\/\/fotofrangonz.com\/wp-content\/uploads\/2026\/09\/Feria-Marchena-2026-1-Viernes-Francisco-Gonzalez-SOLEMNITY-52.jpg\"\n\t\t\t>\n\t\n        <noscript><img loading=\"lazy\" decoding=\"async\" width=\"1920\" height=\"1280\" data-skip-lazy src=\"https:\/\/fotofrangonz.com\/wp-content\/uploads\/2026\/09\/Feria-Marchena-2026-1-Viernes-Francisco-Gonzalez-SOLEMNITY-52.jpg\" class=\"wp-image-18008\" alt=\"\" srcset=\"https:\/\/fotofrangonz.com\/wp-content\/uploads\/2026\/09\/Feria-Marchena-2026-1-Viernes-Francisco-Gonzalez-SOLEMNITY-52.jpg 1920w, https:\/\/fotofrangonz.com\/wp-content\/uploads\/2026\/09\/Feria-Marchena-2026-1-Viernes-Francisco-Gonzalez-SOLEMNITY-52-300x200.jpg 300w, https:\/\/fotofrangonz.com\/wp-content\/uploads\/2026\/09\/Feria-Marchena-2026-1-Viernes-Francisco-Gonzalez-SOLEMNITY-52-1024x683.jpg 1024w, https:\/\/fotofrangonz.com\/wp-content\/uploads\/2026\/09\/Feria-Marchena-2026-1-Viernes-Francisco-Gonzalez-SOLEMNITY-52-1536x1024.jpg 1536w, https:\/\/fotofrangonz.com\/wp-content\/uploads\/2026\/09\/Feria-Marchena-2026-1-Viernes-Francisco-Gonzalez-SOLEMNITY-52-500x333.jpg 500w, https:\/\/fotofrangonz.com\/wp-content\/uploads\/2026\/09\/Feria-Marchena-2026-1-Viernes-Francisco-Gonzalez-SOLEMNITY-52-800x533.jpg 800w, https:\/\/fotofrangonz.com\/wp-content\/uploads\/2026\/09\/Feria-Marchena-2026-1-Viernes-Francisco-Gonzalez-SOLEMNITY-52-1280x853.jpg 1280w, https:\/\/fotofrangonz.com\/wp-content\/uploads\/2026\/09\/Feria-Marchena-2026-1-Viernes-Francisco-Gonzalez-SOLEMNITY-52-1240x827.jpg 1240w, https:\/\/fotofrangonz.com\/wp-content\/uploads\/2026\/09\/Feria-Marchena-2026-1-Viernes-Francisco-Gonzalez-SOLEMNITY-52-508x339.jpg 508w\" sizes=\"auto, (max-width: 1920px) 100vw, 1920px\" \/><\/noscript><img decoding=\"async\" width=\"1920\" height=\"1280\" src=\"https:\/\/fotofrangonz.com\/wp-content\/uploads\/2026\/09\/Feria-Marchena-2026-1-Viernes-Francisco-Gonzalez-SOLEMNITY-52.jpg\" class=\"wp-image-18008 vp-lazyload\" alt srcset=\"data:image\/svg+xml;base64,PHN2ZyB3aWR0aD0iMTkyMCIgaGVpZ2h0PSIxMjgwIiB2aWV3Qm94PSIwIDAgMTkyMCAxMjgwIiBmaWxsPSJub25lIiB4bWxucz0iaHR0cDovL3d3dy53My5vcmcvMjAwMC9zdmciPjwvc3ZnPg==\" data-src=\"https:\/\/fotofrangonz.com\/wp-content\/uploads\/2026\/09\/Feria-Marchena-2026-1-Viernes-Francisco-Gonzalez-SOLEMNITY-52.jpg\" data-srcset=\"https:\/\/fotofrangonz.com\/wp-content\/uploads\/2026\/09\/Feria-Marchena-2026-1-Viernes-Francisco-Gonzalez-SOLEMNITY-52.jpg 1920w, https:\/\/fotofrangonz.com\/wp-content\/uploads\/2026\/09\/Feria-Marchena-2026-1-Viernes-Francisco-Gonzalez-SOLEMNITY-52-300x200.jpg 300w, https:\/\/fotofrangonz.com\/wp-content\/uploads\/2026\/09\/Feria-Marchena-2026-1-Viernes-Francisco-Gonzalez-SOLEMNITY-52-1024x683.jpg 1024w, https:\/\/fotofrangonz.com\/wp-content\/uploads\/2026\/09\/Feria-Marchena-2026-1-Viernes-Francisco-Gonzalez-SOLEMNITY-52-1536x1024.jpg 1536w, https:\/\/fotofrangonz.com\/wp-content\/uploads\/2026\/09\/Feria-Marchena-2026-1-Viernes-Francisco-Gonzalez-SOLEMNITY-52-500x333.jpg 500w, https:\/\/fotofrangonz.com\/wp-content\/uploads\/2026\/09\/Feria-Marchena-2026-1-Viernes-Francisco-Gonzalez-SOLEMNITY-52-800x533.jpg 800w, https:\/\/fotofrangonz.com\/wp-content\/uploads\/2026\/09\/Feria-Marchena-2026-1-Viernes-Francisco-Gonzalez-SOLEMNITY-52-1280x853.jpg 1280w, https:\/\/fotofrangonz.com\/wp-content\/uploads\/2026\/09\/Feria-Marchena-2026-1-Viernes-Francisco-Gonzalez-SOLEMNITY-52-1240x827.jpg 1240w, https:\/\/fotofrangonz.com\/wp-content\/uploads\/2026\/09\/Feria-Marchena-2026-1-Viernes-Francisco-Gonzalez-SOLEMNITY-52-508x339.jpg 508w\" data-sizes=\"auto\" loading=\"eager\">\n        <\/a>    <\/div>\n<\/div>\n\n<figcaption class=\"vp-portfolio__item-overlay vp-portfolio__item-align-center\">\n    <div class=\"vp-portfolio__item-meta-wrap vp-portfolio__custom-scrollbar\">\n        \t<a\n\t\thref=\"https:\/\/fotofrangonz.com\/wp-content\/uploads\/2026\/09\/Feria-Marchena-2026-1-Viernes-Francisco-Gonzalez-SOLEMNITY-52.jpg\"\n\t\ttabindex=\"-1\" class=\"vp-portfolio__item-meta\" \t>\n\t\n        \n        <\/a>    <\/div>\n<\/figcaption>\n\t\t\t<\/figure>\n\t\t\t\t\t<\/div>\n\t\t\n\t\t<div\t\tclass=\"vp-portfolio__item-wrap vp-portfolio__item-uid-5816280f\" data-vp-filter=\"\" \t\t>\n\t\t\t<template class=\"vp-portfolio__item-popup\" style=\"display: none\" data-vp-popup-img=\"https:\/\/fotofrangonz.com\/wp-content\/uploads\/2026\/09\/Feria-Marchena-2026-1-Viernes-Francisco-Gonzalez-SOLEMNITY-53.jpg\" data-vp-popup-img-srcset=\"https:\/\/fotofrangonz.com\/wp-content\/uploads\/2026\/09\/Feria-Marchena-2026-1-Viernes-Francisco-Gonzalez-SOLEMNITY-53.jpg 1280w, https:\/\/fotofrangonz.com\/wp-content\/uploads\/2026\/09\/Feria-Marchena-2026-1-Viernes-Francisco-Gonzalez-SOLEMNITY-53-200x300.jpg 200w, https:\/\/fotofrangonz.com\/wp-content\/uploads\/2026\/09\/Feria-Marchena-2026-1-Viernes-Francisco-Gonzalez-SOLEMNITY-53-683x1024.jpg 683w, https:\/\/fotofrangonz.com\/wp-content\/uploads\/2026\/09\/Feria-Marchena-2026-1-Viernes-Francisco-Gonzalez-SOLEMNITY-53-1024x1536.jpg 1024w, https:\/\/fotofrangonz.com\/wp-content\/uploads\/2026\/09\/Feria-Marchena-2026-1-Viernes-Francisco-Gonzalez-SOLEMNITY-53-500x750.jpg 500w, https:\/\/fotofrangonz.com\/wp-content\/uploads\/2026\/09\/Feria-Marchena-2026-1-Viernes-Francisco-Gonzalez-SOLEMNITY-53-800x1200.jpg 800w, https:\/\/fotofrangonz.com\/wp-content\/uploads\/2026\/09\/Feria-Marchena-2026-1-Viernes-Francisco-Gonzalez-SOLEMNITY-53-1240x1860.jpg 1240w, https:\/\/fotofrangonz.com\/wp-content\/uploads\/2026\/09\/Feria-Marchena-2026-1-Viernes-Francisco-Gonzalez-SOLEMNITY-53-508x762.jpg 508w\" data-vp-popup-img-size=\"1280x1920\" data-vp-popup-md-img=\"https:\/\/fotofrangonz.com\/wp-content\/uploads\/2026\/09\/Feria-Marchena-2026-1-Viernes-Francisco-Gonzalez-SOLEMNITY-53-800x1200.jpg\" data-vp-popup-md-img-size=\"800x1200\" data-vp-popup-sm-img=\"https:\/\/fotofrangonz.com\/wp-content\/uploads\/2026\/09\/Feria-Marchena-2026-1-Viernes-Francisco-Gonzalez-SOLEMNITY-53-500x750.jpg\" data-vp-popup-sm-img-size=\"500x750\">\n\t<\/template>\n\t\t\t\t\t\t<figure class=\"vp-portfolio__item\">\n\t\t\t\t\n<div class=\"vp-portfolio__item-img-wrap\">\n    <div class=\"vp-portfolio__item-img\">\n        \t<a\n\t\thref=\"https:\/\/fotofrangonz.com\/wp-content\/uploads\/2026\/09\/Feria-Marchena-2026-1-Viernes-Francisco-Gonzalez-SOLEMNITY-53.jpg\"\n\t\t\t>\n\t\n        <noscript><img loading=\"lazy\" decoding=\"async\" width=\"1280\" height=\"1920\" data-skip-lazy src=\"https:\/\/fotofrangonz.com\/wp-content\/uploads\/2026\/09\/Feria-Marchena-2026-1-Viernes-Francisco-Gonzalez-SOLEMNITY-53.jpg\" class=\"wp-image-18009\" alt=\"\" srcset=\"https:\/\/fotofrangonz.com\/wp-content\/uploads\/2026\/09\/Feria-Marchena-2026-1-Viernes-Francisco-Gonzalez-SOLEMNITY-53.jpg 1280w, https:\/\/fotofrangonz.com\/wp-content\/uploads\/2026\/09\/Feria-Marchena-2026-1-Viernes-Francisco-Gonzalez-SOLEMNITY-53-200x300.jpg 200w, https:\/\/fotofrangonz.com\/wp-content\/uploads\/2026\/09\/Feria-Marchena-2026-1-Viernes-Francisco-Gonzalez-SOLEMNITY-53-683x1024.jpg 683w, https:\/\/fotofrangonz.com\/wp-content\/uploads\/2026\/09\/Feria-Marchena-2026-1-Viernes-Francisco-Gonzalez-SOLEMNITY-53-1024x1536.jpg 1024w, https:\/\/fotofrangonz.com\/wp-content\/uploads\/2026\/09\/Feria-Marchena-2026-1-Viernes-Francisco-Gonzalez-SOLEMNITY-53-500x750.jpg 500w, https:\/\/fotofrangonz.com\/wp-content\/uploads\/2026\/09\/Feria-Marchena-2026-1-Viernes-Francisco-Gonzalez-SOLEMNITY-53-800x1200.jpg 800w, https:\/\/fotofrangonz.com\/wp-content\/uploads\/2026\/09\/Feria-Marchena-2026-1-Viernes-Francisco-Gonzalez-SOLEMNITY-53-1240x1860.jpg 1240w, https:\/\/fotofrangonz.com\/wp-content\/uploads\/2026\/09\/Feria-Marchena-2026-1-Viernes-Francisco-Gonzalez-SOLEMNITY-53-508x762.jpg 508w\" sizes=\"auto, (max-width: 1280px) 100vw, 1280px\" \/><\/noscript><img decoding=\"async\" width=\"1280\" height=\"1920\" src=\"https:\/\/fotofrangonz.com\/wp-content\/uploads\/2026\/09\/Feria-Marchena-2026-1-Viernes-Francisco-Gonzalez-SOLEMNITY-53.jpg\" class=\"wp-image-18009 vp-lazyload\" alt srcset=\"data:image\/svg+xml;base64,PHN2ZyB3aWR0aD0iMTI4MCIgaGVpZ2h0PSIxOTIwIiB2aWV3Qm94PSIwIDAgMTI4MCAxOTIwIiBmaWxsPSJub25lIiB4bWxucz0iaHR0cDovL3d3dy53My5vcmcvMjAwMC9zdmciPjwvc3ZnPg==\" data-src=\"https:\/\/fotofrangonz.com\/wp-content\/uploads\/2026\/09\/Feria-Marchena-2026-1-Viernes-Francisco-Gonzalez-SOLEMNITY-53.jpg\" data-srcset=\"https:\/\/fotofrangonz.com\/wp-content\/uploads\/2026\/09\/Feria-Marchena-2026-1-Viernes-Francisco-Gonzalez-SOLEMNITY-53.jpg 1280w, https:\/\/fotofrangonz.com\/wp-content\/uploads\/2026\/09\/Feria-Marchena-2026-1-Viernes-Francisco-Gonzalez-SOLEMNITY-53-200x300.jpg 200w, https:\/\/fotofrangonz.com\/wp-content\/uploads\/2026\/09\/Feria-Marchena-2026-1-Viernes-Francisco-Gonzalez-SOLEMNITY-53-683x1024.jpg 683w, https:\/\/fotofrangonz.com\/wp-content\/uploads\/2026\/09\/Feria-Marchena-2026-1-Viernes-Francisco-Gonzalez-SOLEMNITY-53-1024x1536.jpg 1024w, https:\/\/fotofrangonz.com\/wp-content\/uploads\/2026\/09\/Feria-Marchena-2026-1-Viernes-Francisco-Gonzalez-SOLEMNITY-53-500x750.jpg 500w, https:\/\/fotofrangonz.com\/wp-content\/uploads\/2026\/09\/Feria-Marchena-2026-1-Viernes-Francisco-Gonzalez-SOLEMNITY-53-800x1200.jpg 800w, https:\/\/fotofrangonz.com\/wp-content\/uploads\/2026\/09\/Feria-Marchena-2026-1-Viernes-Francisco-Gonzalez-SOLEMNITY-53-1240x1860.jpg 1240w, https:\/\/fotofrangonz.com\/wp-content\/uploads\/2026\/09\/Feria-Marchena-2026-1-Viernes-Francisco-Gonzalez-SOLEMNITY-53-508x762.jpg 508w\" data-sizes=\"auto\" loading=\"eager\">\n        <\/a>    <\/div>\n<\/div>\n\n<figcaption class=\"vp-portfolio__item-overlay vp-portfolio__item-align-center\">\n    <div class=\"vp-portfolio__item-meta-wrap vp-portfolio__custom-scrollbar\">\n        \t<a\n\t\thref=\"https:\/\/fotofrangonz.com\/wp-content\/uploads\/2026\/09\/Feria-Marchena-2026-1-Viernes-Francisco-Gonzalez-SOLEMNITY-53.jpg\"\n\t\ttabindex=\"-1\" class=\"vp-portfolio__item-meta\" \t>\n\t\n        \n        <\/a>    <\/div>\n<\/figcaption>\n\t\t\t<\/figure>\n\t\t\t\t\t<\/div>\n\t\t\n\t\t<div\t\tclass=\"vp-portfolio__item-wrap vp-portfolio__item-uid-f38d724f\" data-vp-filter=\"\" \t\t>\n\t\t\t<template class=\"vp-portfolio__item-popup\" style=\"display: none\" data-vp-popup-img=\"https:\/\/fotofrangonz.com\/wp-content\/uploads\/2026\/09\/Feria-Marchena-2026-1-Viernes-Francisco-Gonzalez-SOLEMNITY-54.jpg\" data-vp-popup-img-srcset=\"https:\/\/fotofrangonz.com\/wp-content\/uploads\/2026\/09\/Feria-Marchena-2026-1-Viernes-Francisco-Gonzalez-SOLEMNITY-54.jpg 1920w, https:\/\/fotofrangonz.com\/wp-content\/uploads\/2026\/09\/Feria-Marchena-2026-1-Viernes-Francisco-Gonzalez-SOLEMNITY-54-300x200.jpg 300w, https:\/\/fotofrangonz.com\/wp-content\/uploads\/2026\/09\/Feria-Marchena-2026-1-Viernes-Francisco-Gonzalez-SOLEMNITY-54-1024x683.jpg 1024w, https:\/\/fotofrangonz.com\/wp-content\/uploads\/2026\/09\/Feria-Marchena-2026-1-Viernes-Francisco-Gonzalez-SOLEMNITY-54-1536x1024.jpg 1536w, https:\/\/fotofrangonz.com\/wp-content\/uploads\/2026\/09\/Feria-Marchena-2026-1-Viernes-Francisco-Gonzalez-SOLEMNITY-54-500x333.jpg 500w, https:\/\/fotofrangonz.com\/wp-content\/uploads\/2026\/09\/Feria-Marchena-2026-1-Viernes-Francisco-Gonzalez-SOLEMNITY-54-800x533.jpg 800w, https:\/\/fotofrangonz.com\/wp-content\/uploads\/2026\/09\/Feria-Marchena-2026-1-Viernes-Francisco-Gonzalez-SOLEMNITY-54-1280x853.jpg 1280w, https:\/\/fotofrangonz.com\/wp-content\/uploads\/2026\/09\/Feria-Marchena-2026-1-Viernes-Francisco-Gonzalez-SOLEMNITY-54-1240x827.jpg 1240w, https:\/\/fotofrangonz.com\/wp-content\/uploads\/2026\/09\/Feria-Marchena-2026-1-Viernes-Francisco-Gonzalez-SOLEMNITY-54-508x339.jpg 508w\" data-vp-popup-img-size=\"1920x1280\" data-vp-popup-md-img=\"https:\/\/fotofrangonz.com\/wp-content\/uploads\/2026\/09\/Feria-Marchena-2026-1-Viernes-Francisco-Gonzalez-SOLEMNITY-54-800x533.jpg\" data-vp-popup-md-img-size=\"800x533\" data-vp-popup-sm-img=\"https:\/\/fotofrangonz.com\/wp-content\/uploads\/2026\/09\/Feria-Marchena-2026-1-Viernes-Francisco-Gonzalez-SOLEMNITY-54-500x333.jpg\" data-vp-popup-sm-img-size=\"500x333\">\n\t<\/template>\n\t\t\t\t\t\t<figure class=\"vp-portfolio__item\">\n\t\t\t\t\n<div class=\"vp-portfolio__item-img-wrap\">\n    <div class=\"vp-portfolio__item-img\">\n        \t<a\n\t\thref=\"https:\/\/fotofrangonz.com\/wp-content\/uploads\/2026\/09\/Feria-Marchena-2026-1-Viernes-Francisco-Gonzalez-SOLEMNITY-54.jpg\"\n\t\t\t>\n\t\n        <noscript><img loading=\"lazy\" decoding=\"async\" width=\"1920\" height=\"1280\" data-skip-lazy src=\"https:\/\/fotofrangonz.com\/wp-content\/uploads\/2026\/09\/Feria-Marchena-2026-1-Viernes-Francisco-Gonzalez-SOLEMNITY-54.jpg\" class=\"wp-image-18010\" alt=\"\" srcset=\"https:\/\/fotofrangonz.com\/wp-content\/uploads\/2026\/09\/Feria-Marchena-2026-1-Viernes-Francisco-Gonzalez-SOLEMNITY-54.jpg 1920w, https:\/\/fotofrangonz.com\/wp-content\/uploads\/2026\/09\/Feria-Marchena-2026-1-Viernes-Francisco-Gonzalez-SOLEMNITY-54-300x200.jpg 300w, https:\/\/fotofrangonz.com\/wp-content\/uploads\/2026\/09\/Feria-Marchena-2026-1-Viernes-Francisco-Gonzalez-SOLEMNITY-54-1024x683.jpg 1024w, https:\/\/fotofrangonz.com\/wp-content\/uploads\/2026\/09\/Feria-Marchena-2026-1-Viernes-Francisco-Gonzalez-SOLEMNITY-54-1536x1024.jpg 1536w, https:\/\/fotofrangonz.com\/wp-content\/uploads\/2026\/09\/Feria-Marchena-2026-1-Viernes-Francisco-Gonzalez-SOLEMNITY-54-500x333.jpg 500w, https:\/\/fotofrangonz.com\/wp-content\/uploads\/2026\/09\/Feria-Marchena-2026-1-Viernes-Francisco-Gonzalez-SOLEMNITY-54-800x533.jpg 800w, https:\/\/fotofrangonz.com\/wp-content\/uploads\/2026\/09\/Feria-Marchena-2026-1-Viernes-Francisco-Gonzalez-SOLEMNITY-54-1280x853.jpg 1280w, https:\/\/fotofrangonz.com\/wp-content\/uploads\/2026\/09\/Feria-Marchena-2026-1-Viernes-Francisco-Gonzalez-SOLEMNITY-54-1240x827.jpg 1240w, https:\/\/fotofrangonz.com\/wp-content\/uploads\/2026\/09\/Feria-Marchena-2026-1-Viernes-Francisco-Gonzalez-SOLEMNITY-54-508x339.jpg 508w\" sizes=\"auto, (max-width: 1920px) 100vw, 1920px\" \/><\/noscript><img decoding=\"async\" width=\"1920\" height=\"1280\" src=\"https:\/\/fotofrangonz.com\/wp-content\/uploads\/2026\/09\/Feria-Marchena-2026-1-Viernes-Francisco-Gonzalez-SOLEMNITY-54.jpg\" class=\"wp-image-18010 vp-lazyload\" alt srcset=\"data:image\/svg+xml;base64,PHN2ZyB3aWR0aD0iMTkyMCIgaGVpZ2h0PSIxMjgwIiB2aWV3Qm94PSIwIDAgMTkyMCAxMjgwIiBmaWxsPSJub25lIiB4bWxucz0iaHR0cDovL3d3dy53My5vcmcvMjAwMC9zdmciPjwvc3ZnPg==\" data-src=\"https:\/\/fotofrangonz.com\/wp-content\/uploads\/2026\/09\/Feria-Marchena-2026-1-Viernes-Francisco-Gonzalez-SOLEMNITY-54.jpg\" data-srcset=\"https:\/\/fotofrangonz.com\/wp-content\/uploads\/2026\/09\/Feria-Marchena-2026-1-Viernes-Francisco-Gonzalez-SOLEMNITY-54.jpg 1920w, https:\/\/fotofrangonz.com\/wp-content\/uploads\/2026\/09\/Feria-Marchena-2026-1-Viernes-Francisco-Gonzalez-SOLEMNITY-54-300x200.jpg 300w, https:\/\/fotofrangonz.com\/wp-content\/uploads\/2026\/09\/Feria-Marchena-2026-1-Viernes-Francisco-Gonzalez-SOLEMNITY-54-1024x683.jpg 1024w, https:\/\/fotofrangonz.com\/wp-content\/uploads\/2026\/09\/Feria-Marchena-2026-1-Viernes-Francisco-Gonzalez-SOLEMNITY-54-1536x1024.jpg 1536w, https:\/\/fotofrangonz.com\/wp-content\/uploads\/2026\/09\/Feria-Marchena-2026-1-Viernes-Francisco-Gonzalez-SOLEMNITY-54-500x333.jpg 500w, https:\/\/fotofrangonz.com\/wp-content\/uploads\/2026\/09\/Feria-Marchena-2026-1-Viernes-Francisco-Gonzalez-SOLEMNITY-54-800x533.jpg 800w, https:\/\/fotofrangonz.com\/wp-content\/uploads\/2026\/09\/Feria-Marchena-2026-1-Viernes-Francisco-Gonzalez-SOLEMNITY-54-1280x853.jpg 1280w, https:\/\/fotofrangonz.com\/wp-content\/uploads\/2026\/09\/Feria-Marchena-2026-1-Viernes-Francisco-Gonzalez-SOLEMNITY-54-1240x827.jpg 1240w, https:\/\/fotofrangonz.com\/wp-content\/uploads\/2026\/09\/Feria-Marchena-2026-1-Viernes-Francisco-Gonzalez-SOLEMNITY-54-508x339.jpg 508w\" data-sizes=\"auto\" loading=\"eager\">\n        <\/a>    <\/div>\n<\/div>\n\n<figcaption class=\"vp-portfolio__item-overlay vp-portfolio__item-align-center\">\n    <div class=\"vp-portfolio__item-meta-wrap vp-portfolio__custom-scrollbar\">\n        \t<a\n\t\thref=\"https:\/\/fotofrangonz.com\/wp-content\/uploads\/2026\/09\/Feria-Marchena-2026-1-Viernes-Francisco-Gonzalez-SOLEMNITY-54.jpg\"\n\t\ttabindex=\"-1\" class=\"vp-portfolio__item-meta\" \t>\n\t\n        \n        <\/a>    <\/div>\n<\/figcaption>\n\t\t\t<\/figure>\n\t\t\t\t\t<\/div>\n\t\t\n\t\t<div\t\tclass=\"vp-portfolio__item-wrap vp-portfolio__item-uid-998f7261\" data-vp-filter=\"\" \t\t>\n\t\t\t<template class=\"vp-portfolio__item-popup\" style=\"display: none\" data-vp-popup-img=\"https:\/\/fotofrangonz.com\/wp-content\/uploads\/2026\/09\/Feria-Marchena-2026-1-Viernes-Francisco-Gonzalez-SOLEMNITY-55.jpg\" data-vp-popup-img-srcset=\"https:\/\/fotofrangonz.com\/wp-content\/uploads\/2026\/09\/Feria-Marchena-2026-1-Viernes-Francisco-Gonzalez-SOLEMNITY-55.jpg 1280w, https:\/\/fotofrangonz.com\/wp-content\/uploads\/2026\/09\/Feria-Marchena-2026-1-Viernes-Francisco-Gonzalez-SOLEMNITY-55-200x300.jpg 200w, https:\/\/fotofrangonz.com\/wp-content\/uploads\/2026\/09\/Feria-Marchena-2026-1-Viernes-Francisco-Gonzalez-SOLEMNITY-55-683x1024.jpg 683w, https:\/\/fotofrangonz.com\/wp-content\/uploads\/2026\/09\/Feria-Marchena-2026-1-Viernes-Francisco-Gonzalez-SOLEMNITY-55-1024x1536.jpg 1024w, https:\/\/fotofrangonz.com\/wp-content\/uploads\/2026\/09\/Feria-Marchena-2026-1-Viernes-Francisco-Gonzalez-SOLEMNITY-55-500x750.jpg 500w, https:\/\/fotofrangonz.com\/wp-content\/uploads\/2026\/09\/Feria-Marchena-2026-1-Viernes-Francisco-Gonzalez-SOLEMNITY-55-800x1200.jpg 800w, https:\/\/fotofrangonz.com\/wp-content\/uploads\/2026\/09\/Feria-Marchena-2026-1-Viernes-Francisco-Gonzalez-SOLEMNITY-55-1240x1860.jpg 1240w, https:\/\/fotofrangonz.com\/wp-content\/uploads\/2026\/09\/Feria-Marchena-2026-1-Viernes-Francisco-Gonzalez-SOLEMNITY-55-508x762.jpg 508w\" data-vp-popup-img-size=\"1280x1920\" data-vp-popup-md-img=\"https:\/\/fotofrangonz.com\/wp-content\/uploads\/2026\/09\/Feria-Marchena-2026-1-Viernes-Francisco-Gonzalez-SOLEMNITY-55-800x1200.jpg\" data-vp-popup-md-img-size=\"800x1200\" data-vp-popup-sm-img=\"https:\/\/fotofrangonz.com\/wp-content\/uploads\/2026\/09\/Feria-Marchena-2026-1-Viernes-Francisco-Gonzalez-SOLEMNITY-55-500x750.jpg\" data-vp-popup-sm-img-size=\"500x750\">\n\t<\/template>\n\t\t\t\t\t\t<figure class=\"vp-portfolio__item\">\n\t\t\t\t\n<div class=\"vp-portfolio__item-img-wrap\">\n    <div class=\"vp-portfolio__item-img\">\n        \t<a\n\t\thref=\"https:\/\/fotofrangonz.com\/wp-content\/uploads\/2026\/09\/Feria-Marchena-2026-1-Viernes-Francisco-Gonzalez-SOLEMNITY-55.jpg\"\n\t\t\t>\n\t\n        <noscript><img loading=\"lazy\" decoding=\"async\" width=\"1280\" height=\"1920\" data-skip-lazy src=\"https:\/\/fotofrangonz.com\/wp-content\/uploads\/2026\/09\/Feria-Marchena-2026-1-Viernes-Francisco-Gonzalez-SOLEMNITY-55.jpg\" class=\"wp-image-18011\" alt=\"\" srcset=\"https:\/\/fotofrangonz.com\/wp-content\/uploads\/2026\/09\/Feria-Marchena-2026-1-Viernes-Francisco-Gonzalez-SOLEMNITY-55.jpg 1280w, https:\/\/fotofrangonz.com\/wp-content\/uploads\/2026\/09\/Feria-Marchena-2026-1-Viernes-Francisco-Gonzalez-SOLEMNITY-55-200x300.jpg 200w, https:\/\/fotofrangonz.com\/wp-content\/uploads\/2026\/09\/Feria-Marchena-2026-1-Viernes-Francisco-Gonzalez-SOLEMNITY-55-683x1024.jpg 683w, https:\/\/fotofrangonz.com\/wp-content\/uploads\/2026\/09\/Feria-Marchena-2026-1-Viernes-Francisco-Gonzalez-SOLEMNITY-55-1024x1536.jpg 1024w, https:\/\/fotofrangonz.com\/wp-content\/uploads\/2026\/09\/Feria-Marchena-2026-1-Viernes-Francisco-Gonzalez-SOLEMNITY-55-500x750.jpg 500w, https:\/\/fotofrangonz.com\/wp-content\/uploads\/2026\/09\/Feria-Marchena-2026-1-Viernes-Francisco-Gonzalez-SOLEMNITY-55-800x1200.jpg 800w, https:\/\/fotofrangonz.com\/wp-content\/uploads\/2026\/09\/Feria-Marchena-2026-1-Viernes-Francisco-Gonzalez-SOLEMNITY-55-1240x1860.jpg 1240w, https:\/\/fotofrangonz.com\/wp-content\/uploads\/2026\/09\/Feria-Marchena-2026-1-Viernes-Francisco-Gonzalez-SOLEMNITY-55-508x762.jpg 508w\" sizes=\"auto, (max-width: 1280px) 100vw, 1280px\" \/><\/noscript><img decoding=\"async\" width=\"1280\" height=\"1920\" src=\"https:\/\/fotofrangonz.com\/wp-content\/uploads\/2026\/09\/Feria-Marchena-2026-1-Viernes-Francisco-Gonzalez-SOLEMNITY-55.jpg\" class=\"wp-image-18011 vp-lazyload\" alt srcset=\"data:image\/svg+xml;base64,PHN2ZyB3aWR0aD0iMTI4MCIgaGVpZ2h0PSIxOTIwIiB2aWV3Qm94PSIwIDAgMTI4MCAxOTIwIiBmaWxsPSJub25lIiB4bWxucz0iaHR0cDovL3d3dy53My5vcmcvMjAwMC9zdmciPjwvc3ZnPg==\" data-src=\"https:\/\/fotofrangonz.com\/wp-content\/uploads\/2026\/09\/Feria-Marchena-2026-1-Viernes-Francisco-Gonzalez-SOLEMNITY-55.jpg\" data-srcset=\"https:\/\/fotofrangonz.com\/wp-content\/uploads\/2026\/09\/Feria-Marchena-2026-1-Viernes-Francisco-Gonzalez-SOLEMNITY-55.jpg 1280w, https:\/\/fotofrangonz.com\/wp-content\/uploads\/2026\/09\/Feria-Marchena-2026-1-Viernes-Francisco-Gonzalez-SOLEMNITY-55-200x300.jpg 200w, https:\/\/fotofrangonz.com\/wp-content\/uploads\/2026\/09\/Feria-Marchena-2026-1-Viernes-Francisco-Gonzalez-SOLEMNITY-55-683x1024.jpg 683w, https:\/\/fotofrangonz.com\/wp-content\/uploads\/2026\/09\/Feria-Marchena-2026-1-Viernes-Francisco-Gonzalez-SOLEMNITY-55-1024x1536.jpg 1024w, https:\/\/fotofrangonz.com\/wp-content\/uploads\/2026\/09\/Feria-Marchena-2026-1-Viernes-Francisco-Gonzalez-SOLEMNITY-55-500x750.jpg 500w, https:\/\/fotofrangonz.com\/wp-content\/uploads\/2026\/09\/Feria-Marchena-2026-1-Viernes-Francisco-Gonzalez-SOLEMNITY-55-800x1200.jpg 800w, https:\/\/fotofrangonz.com\/wp-content\/uploads\/2026\/09\/Feria-Marchena-2026-1-Viernes-Francisco-Gonzalez-SOLEMNITY-55-1240x1860.jpg 1240w, https:\/\/fotofrangonz.com\/wp-content\/uploads\/2026\/09\/Feria-Marchena-2026-1-Viernes-Francisco-Gonzalez-SOLEMNITY-55-508x762.jpg 508w\" data-sizes=\"auto\" loading=\"eager\">\n        <\/a>    <\/div>\n<\/div>\n\n<figcaption class=\"vp-portfolio__item-overlay vp-portfolio__item-align-center\">\n    <div class=\"vp-portfolio__item-meta-wrap vp-portfolio__custom-scrollbar\">\n        \t<a\n\t\thref=\"https:\/\/fotofrangonz.com\/wp-content\/uploads\/2026\/09\/Feria-Marchena-2026-1-Viernes-Francisco-Gonzalez-SOLEMNITY-55.jpg\"\n\t\ttabindex=\"-1\" class=\"vp-portfolio__item-meta\" \t>\n\t\n        \n        <\/a>    <\/div>\n<\/figcaption>\n\t\t\t<\/figure>\n\t\t\t\t\t<\/div>\n\t\t\n\t\t<div\t\tclass=\"vp-portfolio__item-wrap vp-portfolio__item-uid-cbdaf07e\" data-vp-filter=\"\" \t\t>\n\t\t\t<template class=\"vp-portfolio__item-popup\" style=\"display: none\" data-vp-popup-img=\"https:\/\/fotofrangonz.com\/wp-content\/uploads\/2026\/09\/Feria-Marchena-2026-1-Viernes-Francisco-Gonzalez-SOLEMNITY-56.jpg\" data-vp-popup-img-srcset=\"https:\/\/fotofrangonz.com\/wp-content\/uploads\/2026\/09\/Feria-Marchena-2026-1-Viernes-Francisco-Gonzalez-SOLEMNITY-56.jpg 1280w, https:\/\/fotofrangonz.com\/wp-content\/uploads\/2026\/09\/Feria-Marchena-2026-1-Viernes-Francisco-Gonzalez-SOLEMNITY-56-200x300.jpg 200w, https:\/\/fotofrangonz.com\/wp-content\/uploads\/2026\/09\/Feria-Marchena-2026-1-Viernes-Francisco-Gonzalez-SOLEMNITY-56-683x1024.jpg 683w, https:\/\/fotofrangonz.com\/wp-content\/uploads\/2026\/09\/Feria-Marchena-2026-1-Viernes-Francisco-Gonzalez-SOLEMNITY-56-1024x1536.jpg 1024w, https:\/\/fotofrangonz.com\/wp-content\/uploads\/2026\/09\/Feria-Marchena-2026-1-Viernes-Francisco-Gonzalez-SOLEMNITY-56-500x750.jpg 500w, https:\/\/fotofrangonz.com\/wp-content\/uploads\/2026\/09\/Feria-Marchena-2026-1-Viernes-Francisco-Gonzalez-SOLEMNITY-56-800x1200.jpg 800w, https:\/\/fotofrangonz.com\/wp-content\/uploads\/2026\/09\/Feria-Marchena-2026-1-Viernes-Francisco-Gonzalez-SOLEMNITY-56-1240x1860.jpg 1240w, https:\/\/fotofrangonz.com\/wp-content\/uploads\/2026\/09\/Feria-Marchena-2026-1-Viernes-Francisco-Gonzalez-SOLEMNITY-56-508x762.jpg 508w\" data-vp-popup-img-size=\"1280x1920\" data-vp-popup-md-img=\"https:\/\/fotofrangonz.com\/wp-content\/uploads\/2026\/09\/Feria-Marchena-2026-1-Viernes-Francisco-Gonzalez-SOLEMNITY-56-800x1200.jpg\" data-vp-popup-md-img-size=\"800x1200\" data-vp-popup-sm-img=\"https:\/\/fotofrangonz.com\/wp-content\/uploads\/2026\/09\/Feria-Marchena-2026-1-Viernes-Francisco-Gonzalez-SOLEMNITY-56-500x750.jpg\" data-vp-popup-sm-img-size=\"500x750\">\n\t<\/template>\n\t\t\t\t\t\t<figure class=\"vp-portfolio__item\">\n\t\t\t\t\n<div class=\"vp-portfolio__item-img-wrap\">\n    <div class=\"vp-portfolio__item-img\">\n        \t<a\n\t\thref=\"https:\/\/fotofrangonz.com\/wp-content\/uploads\/2026\/09\/Feria-Marchena-2026-1-Viernes-Francisco-Gonzalez-SOLEMNITY-56.jpg\"\n\t\t\t>\n\t\n        <noscript><img loading=\"lazy\" decoding=\"async\" width=\"1280\" height=\"1920\" data-skip-lazy src=\"https:\/\/fotofrangonz.com\/wp-content\/uploads\/2026\/09\/Feria-Marchena-2026-1-Viernes-Francisco-Gonzalez-SOLEMNITY-56.jpg\" class=\"wp-image-18012\" alt=\"\" srcset=\"https:\/\/fotofrangonz.com\/wp-content\/uploads\/2026\/09\/Feria-Marchena-2026-1-Viernes-Francisco-Gonzalez-SOLEMNITY-56.jpg 1280w, https:\/\/fotofrangonz.com\/wp-content\/uploads\/2026\/09\/Feria-Marchena-2026-1-Viernes-Francisco-Gonzalez-SOLEMNITY-56-200x300.jpg 200w, https:\/\/fotofrangonz.com\/wp-content\/uploads\/2026\/09\/Feria-Marchena-2026-1-Viernes-Francisco-Gonzalez-SOLEMNITY-56-683x1024.jpg 683w, https:\/\/fotofrangonz.com\/wp-content\/uploads\/2026\/09\/Feria-Marchena-2026-1-Viernes-Francisco-Gonzalez-SOLEMNITY-56-1024x1536.jpg 1024w, https:\/\/fotofrangonz.com\/wp-content\/uploads\/2026\/09\/Feria-Marchena-2026-1-Viernes-Francisco-Gonzalez-SOLEMNITY-56-500x750.jpg 500w, https:\/\/fotofrangonz.com\/wp-content\/uploads\/2026\/09\/Feria-Marchena-2026-1-Viernes-Francisco-Gonzalez-SOLEMNITY-56-800x1200.jpg 800w, https:\/\/fotofrangonz.com\/wp-content\/uploads\/2026\/09\/Feria-Marchena-2026-1-Viernes-Francisco-Gonzalez-SOLEMNITY-56-1240x1860.jpg 1240w, https:\/\/fotofrangonz.com\/wp-content\/uploads\/2026\/09\/Feria-Marchena-2026-1-Viernes-Francisco-Gonzalez-SOLEMNITY-56-508x762.jpg 508w\" sizes=\"auto, (max-width: 1280px) 100vw, 1280px\" \/><\/noscript><img decoding=\"async\" width=\"1280\" height=\"1920\" src=\"https:\/\/fotofrangonz.com\/wp-content\/uploads\/2026\/09\/Feria-Marchena-2026-1-Viernes-Francisco-Gonzalez-SOLEMNITY-56.jpg\" class=\"wp-image-18012 vp-lazyload\" alt srcset=\"data:image\/svg+xml;base64,PHN2ZyB3aWR0aD0iMTI4MCIgaGVpZ2h0PSIxOTIwIiB2aWV3Qm94PSIwIDAgMTI4MCAxOTIwIiBmaWxsPSJub25lIiB4bWxucz0iaHR0cDovL3d3dy53My5vcmcvMjAwMC9zdmciPjwvc3ZnPg==\" data-src=\"https:\/\/fotofrangonz.com\/wp-content\/uploads\/2026\/09\/Feria-Marchena-2026-1-Viernes-Francisco-Gonzalez-SOLEMNITY-56.jpg\" data-srcset=\"https:\/\/fotofrangonz.com\/wp-content\/uploads\/2026\/09\/Feria-Marchena-2026-1-Viernes-Francisco-Gonzalez-SOLEMNITY-56.jpg 1280w, https:\/\/fotofrangonz.com\/wp-content\/uploads\/2026\/09\/Feria-Marchena-2026-1-Viernes-Francisco-Gonzalez-SOLEMNITY-56-200x300.jpg 200w, https:\/\/fotofrangonz.com\/wp-content\/uploads\/2026\/09\/Feria-Marchena-2026-1-Viernes-Francisco-Gonzalez-SOLEMNITY-56-683x1024.jpg 683w, https:\/\/fotofrangonz.com\/wp-content\/uploads\/2026\/09\/Feria-Marchena-2026-1-Viernes-Francisco-Gonzalez-SOLEMNITY-56-1024x1536.jpg 1024w, https:\/\/fotofrangonz.com\/wp-content\/uploads\/2026\/09\/Feria-Marchena-2026-1-Viernes-Francisco-Gonzalez-SOLEMNITY-56-500x750.jpg 500w, https:\/\/fotofrangonz.com\/wp-content\/uploads\/2026\/09\/Feria-Marchena-2026-1-Viernes-Francisco-Gonzalez-SOLEMNITY-56-800x1200.jpg 800w, https:\/\/fotofrangonz.com\/wp-content\/uploads\/2026\/09\/Feria-Marchena-2026-1-Viernes-Francisco-Gonzalez-SOLEMNITY-56-1240x1860.jpg 1240w, https:\/\/fotofrangonz.com\/wp-content\/uploads\/2026\/09\/Feria-Marchena-2026-1-Viernes-Francisco-Gonzalez-SOLEMNITY-56-508x762.jpg 508w\" data-sizes=\"auto\" loading=\"eager\">\n        <\/a>    <\/div>\n<\/div>\n\n<figcaption class=\"vp-portfolio__item-overlay vp-portfolio__item-align-center\">\n    <div class=\"vp-portfolio__item-meta-wrap vp-portfolio__custom-scrollbar\">\n        \t<a\n\t\thref=\"https:\/\/fotofrangonz.com\/wp-content\/uploads\/2026\/09\/Feria-Marchena-2026-1-Viernes-Francisco-Gonzalez-SOLEMNITY-56.jpg\"\n\t\ttabindex=\"-1\" class=\"vp-portfolio__item-meta\" \t>\n\t\n        \n        <\/a>    <\/div>\n<\/figcaption>\n\t\t\t<\/figure>\n\t\t\t\t\t<\/div>\n\t\t\n\t\t<div\t\tclass=\"vp-portfolio__item-wrap vp-portfolio__item-uid-3a49b246\" data-vp-filter=\"\" \t\t>\n\t\t\t<template class=\"vp-portfolio__item-popup\" style=\"display: none\" data-vp-popup-img=\"https:\/\/fotofrangonz.com\/wp-content\/uploads\/2026\/09\/Feria-Marchena-2026-1-Viernes-Francisco-Gonzalez-SOLEMNITY-57.jpg\" data-vp-popup-img-srcset=\"https:\/\/fotofrangonz.com\/wp-content\/uploads\/2026\/09\/Feria-Marchena-2026-1-Viernes-Francisco-Gonzalez-SOLEMNITY-57.jpg 1920w, https:\/\/fotofrangonz.com\/wp-content\/uploads\/2026\/09\/Feria-Marchena-2026-1-Viernes-Francisco-Gonzalez-SOLEMNITY-57-300x200.jpg 300w, https:\/\/fotofrangonz.com\/wp-content\/uploads\/2026\/09\/Feria-Marchena-2026-1-Viernes-Francisco-Gonzalez-SOLEMNITY-57-1024x683.jpg 1024w, https:\/\/fotofrangonz.com\/wp-content\/uploads\/2026\/09\/Feria-Marchena-2026-1-Viernes-Francisco-Gonzalez-SOLEMNITY-57-1536x1024.jpg 1536w, https:\/\/fotofrangonz.com\/wp-content\/uploads\/2026\/09\/Feria-Marchena-2026-1-Viernes-Francisco-Gonzalez-SOLEMNITY-57-500x333.jpg 500w, https:\/\/fotofrangonz.com\/wp-content\/uploads\/2026\/09\/Feria-Marchena-2026-1-Viernes-Francisco-Gonzalez-SOLEMNITY-57-800x533.jpg 800w, https:\/\/fotofrangonz.com\/wp-content\/uploads\/2026\/09\/Feria-Marchena-2026-1-Viernes-Francisco-Gonzalez-SOLEMNITY-57-1280x853.jpg 1280w, https:\/\/fotofrangonz.com\/wp-content\/uploads\/2026\/09\/Feria-Marchena-2026-1-Viernes-Francisco-Gonzalez-SOLEMNITY-57-1240x827.jpg 1240w, https:\/\/fotofrangonz.com\/wp-content\/uploads\/2026\/09\/Feria-Marchena-2026-1-Viernes-Francisco-Gonzalez-SOLEMNITY-57-508x339.jpg 508w\" data-vp-popup-img-size=\"1920x1280\" data-vp-popup-md-img=\"https:\/\/fotofrangonz.com\/wp-content\/uploads\/2026\/09\/Feria-Marchena-2026-1-Viernes-Francisco-Gonzalez-SOLEMNITY-57-800x533.jpg\" data-vp-popup-md-img-size=\"800x533\" data-vp-popup-sm-img=\"https:\/\/fotofrangonz.com\/wp-content\/uploads\/2026\/09\/Feria-Marchena-2026-1-Viernes-Francisco-Gonzalez-SOLEMNITY-57-500x333.jpg\" data-vp-popup-sm-img-size=\"500x333\">\n\t<\/template>\n\t\t\t\t\t\t<figure class=\"vp-portfolio__item\">\n\t\t\t\t\n<div class=\"vp-portfolio__item-img-wrap\">\n    <div class=\"vp-portfolio__item-img\">\n        \t<a\n\t\thref=\"https:\/\/fotofrangonz.com\/wp-content\/uploads\/2026\/09\/Feria-Marchena-2026-1-Viernes-Francisco-Gonzalez-SOLEMNITY-57.jpg\"\n\t\t\t>\n\t\n        <noscript><img loading=\"lazy\" decoding=\"async\" width=\"1920\" height=\"1280\" data-skip-lazy src=\"https:\/\/fotofrangonz.com\/wp-content\/uploads\/2026\/09\/Feria-Marchena-2026-1-Viernes-Francisco-Gonzalez-SOLEMNITY-57.jpg\" class=\"wp-image-18013\" alt=\"\" srcset=\"https:\/\/fotofrangonz.com\/wp-content\/uploads\/2026\/09\/Feria-Marchena-2026-1-Viernes-Francisco-Gonzalez-SOLEMNITY-57.jpg 1920w, https:\/\/fotofrangonz.com\/wp-content\/uploads\/2026\/09\/Feria-Marchena-2026-1-Viernes-Francisco-Gonzalez-SOLEMNITY-57-300x200.jpg 300w, https:\/\/fotofrangonz.com\/wp-content\/uploads\/2026\/09\/Feria-Marchena-2026-1-Viernes-Francisco-Gonzalez-SOLEMNITY-57-1024x683.jpg 1024w, https:\/\/fotofrangonz.com\/wp-content\/uploads\/2026\/09\/Feria-Marchena-2026-1-Viernes-Francisco-Gonzalez-SOLEMNITY-57-1536x1024.jpg 1536w, https:\/\/fotofrangonz.com\/wp-content\/uploads\/2026\/09\/Feria-Marchena-2026-1-Viernes-Francisco-Gonzalez-SOLEMNITY-57-500x333.jpg 500w, https:\/\/fotofrangonz.com\/wp-content\/uploads\/2026\/09\/Feria-Marchena-2026-1-Viernes-Francisco-Gonzalez-SOLEMNITY-57-800x533.jpg 800w, https:\/\/fotofrangonz.com\/wp-content\/uploads\/2026\/09\/Feria-Marchena-2026-1-Viernes-Francisco-Gonzalez-SOLEMNITY-57-1280x853.jpg 1280w, https:\/\/fotofrangonz.com\/wp-content\/uploads\/2026\/09\/Feria-Marchena-2026-1-Viernes-Francisco-Gonzalez-SOLEMNITY-57-1240x827.jpg 1240w, https:\/\/fotofrangonz.com\/wp-content\/uploads\/2026\/09\/Feria-Marchena-2026-1-Viernes-Francisco-Gonzalez-SOLEMNITY-57-508x339.jpg 508w\" sizes=\"auto, (max-width: 1920px) 100vw, 1920px\" \/><\/noscript><img decoding=\"async\" width=\"1920\" height=\"1280\" src=\"https:\/\/fotofrangonz.com\/wp-content\/uploads\/2026\/09\/Feria-Marchena-2026-1-Viernes-Francisco-Gonzalez-SOLEMNITY-57.jpg\" class=\"wp-image-18013 vp-lazyload\" alt srcset=\"data:image\/svg+xml;base64,PHN2ZyB3aWR0aD0iMTkyMCIgaGVpZ2h0PSIxMjgwIiB2aWV3Qm94PSIwIDAgMTkyMCAxMjgwIiBmaWxsPSJub25lIiB4bWxucz0iaHR0cDovL3d3dy53My5vcmcvMjAwMC9zdmciPjwvc3ZnPg==\" data-src=\"https:\/\/fotofrangonz.com\/wp-content\/uploads\/2026\/09\/Feria-Marchena-2026-1-Viernes-Francisco-Gonzalez-SOLEMNITY-57.jpg\" data-srcset=\"https:\/\/fotofrangonz.com\/wp-content\/uploads\/2026\/09\/Feria-Marchena-2026-1-Viernes-Francisco-Gonzalez-SOLEMNITY-57.jpg 1920w, https:\/\/fotofrangonz.com\/wp-content\/uploads\/2026\/09\/Feria-Marchena-2026-1-Viernes-Francisco-Gonzalez-SOLEMNITY-57-300x200.jpg 300w, https:\/\/fotofrangonz.com\/wp-content\/uploads\/2026\/09\/Feria-Marchena-2026-1-Viernes-Francisco-Gonzalez-SOLEMNITY-57-1024x683.jpg 1024w, https:\/\/fotofrangonz.com\/wp-content\/uploads\/2026\/09\/Feria-Marchena-2026-1-Viernes-Francisco-Gonzalez-SOLEMNITY-57-1536x1024.jpg 1536w, https:\/\/fotofrangonz.com\/wp-content\/uploads\/2026\/09\/Feria-Marchena-2026-1-Viernes-Francisco-Gonzalez-SOLEMNITY-57-500x333.jpg 500w, https:\/\/fotofrangonz.com\/wp-content\/uploads\/2026\/09\/Feria-Marchena-2026-1-Viernes-Francisco-Gonzalez-SOLEMNITY-57-800x533.jpg 800w, https:\/\/fotofrangonz.com\/wp-content\/uploads\/2026\/09\/Feria-Marchena-2026-1-Viernes-Francisco-Gonzalez-SOLEMNITY-57-1280x853.jpg 1280w, https:\/\/fotofrangonz.com\/wp-content\/uploads\/2026\/09\/Feria-Marchena-2026-1-Viernes-Francisco-Gonzalez-SOLEMNITY-57-1240x827.jpg 1240w, https:\/\/fotofrangonz.com\/wp-content\/uploads\/2026\/09\/Feria-Marchena-2026-1-Viernes-Francisco-Gonzalez-SOLEMNITY-57-508x339.jpg 508w\" data-sizes=\"auto\" loading=\"eager\">\n        <\/a>    <\/div>\n<\/div>\n\n<figcaption class=\"vp-portfolio__item-overlay vp-portfolio__item-align-center\">\n    <div class=\"vp-portfolio__item-meta-wrap vp-portfolio__custom-scrollbar\">\n        \t<a\n\t\thref=\"https:\/\/fotofrangonz.com\/wp-content\/uploads\/2026\/09\/Feria-Marchena-2026-1-Viernes-Francisco-Gonzalez-SOLEMNITY-57.jpg\"\n\t\ttabindex=\"-1\" class=\"vp-portfolio__item-meta\" \t>\n\t\n        \n        <\/a>    <\/div>\n<\/figcaption>\n\t\t\t<\/figure>\n\t\t\t\t\t<\/div>\n\t\t\n<\/div>\n\t\t<\/div>\n\t\t\n<\/div>\n<\/div>","protected":false},"excerpt":{"rendered":"<p>Un viernes de feria de Marchena con buenas temperaturas, mucho flamenco, caballos, trajes de gitana, espect\u00e1culos, diversi\u00f3n y todo lo que se le puede pedir a una buena feria. Esta entrada es sobre el viernes de feria, para el s\u00e1bado es esta otra.<\/p>\n","protected":false},"author":1,"featured_media":17957,"comment_status":"open","ping_status":"open","sticky":false,"template":"","format":"standard","meta":{"_monsterinsights_skip_tracking":false,"_vp_format_video_url":"","_vp_image_focal_point":[],"footnotes":""},"categories":[17],"tags":[48,10],"class_list":["post-17956","post","type-post","status-publish","format-standard","has-post-thumbnail","hentry","category-descubre","tag-feria","tag-marchena"],"yoast_head":"<!-- This site is optimized with the Yoast SEO plugin v28.4 - https:\/\/yoast.com\/product\/yoast-seo-wordpress\/ -->\n<title>Viernes de Feria de Marchena 2026 - Francisco Gonz\u00e1lez SOLEMNITY<\/title>\n<meta name=\"robots\" content=\"index, follow, max-snippet:-1, max-image-preview:large, max-video-preview:-1\" \/>\n<link rel=\"canonical\" href=\"https:\/\/fotofrangonz.com\/es\/viernes-de-feria-de-marchena-2026\" \/>\n<meta property=\"og:locale\" content=\"es_ES\" \/>\n<meta property=\"og:type\" content=\"article\" \/>\n<meta property=\"og:title\" content=\"Viernes de Feria de Marchena 2026 - Francisco Gonz\u00e1lez SOLEMNITY\" \/>\n<meta property=\"og:description\" content=\"Un viernes de feria de Marchena con buenas temperaturas, mucho flamenco, caballos, trajes de gitana, espect\u00e1culos, diversi\u00f3n y todo lo que se le puede pedir a una buena feria. Esta entrada es sobre el viernes de feria, para el s\u00e1bado es esta otra.\" \/>\n<meta property=\"og:url\" content=\"https:\/\/fotofrangonz.com\/es\/viernes-de-feria-de-marchena-2026\" \/>\n<meta property=\"og:site_name\" content=\"Francisco Gonz\u00e1lez SOLEMNITY\" \/>\n<meta property=\"article:publisher\" content=\"https:\/\/www.facebook.com\/fotofrangonz\" \/>\n<meta property=\"article:published_time\" content=\"2026-09-01T18:35:02+00:00\" \/>\n<meta property=\"article:modified_time\" content=\"2026-09-02T20:56:00+00:00\" \/>\n<meta property=\"og:image\" content=\"https:\/\/fotofrangonz.com\/wp-content\/uploads\/2026\/09\/Feria-Marchena-2026-1-Viernes-Francisco-Gonzalez-SOLEMNITY-1.jpg\" \/>\n\t<meta property=\"og:image:width\" content=\"1920\" \/>\n\t<meta property=\"og:image:height\" content=\"1280\" \/>\n\t<meta property=\"og:image:type\" content=\"image\/jpeg\" \/>\n<meta name=\"author\" content=\"Francisco Gonz\u00e1lez SOLEMNITY\" \/>\n<meta name=\"twitter:card\" content=\"summary_large_image\" \/>\n<meta name=\"twitter:creator\" content=\"@fotofrangonz\" \/>\n<meta name=\"twitter:site\" content=\"@fotofrangonz\" \/>\n<meta name=\"twitter:label1\" content=\"Escrito por\" \/>\n\t<meta name=\"twitter:data1\" content=\"Francisco Gonz\u00e1lez SOLEMNITY\" \/>\n<script type=\"application\/ld+json\" class=\"yoast-schema-graph\">{\"@context\":\"https:\\\/\\\/schema.org\",\"@graph\":[{\"@type\":\"Article\",\"@id\":\"https:\\\/\\\/fotofrangonz.com\\\/es\\\/viernes-de-feria-de-marchena-2026#article\",\"isPartOf\":{\"@id\":\"https:\\\/\\\/fotofrangonz.com\\\/es\\\/viernes-de-feria-de-marchena-2026\"},\"author\":{\"name\":\"Francisco Gonz\u00e1lez SOLEMNITY\",\"@id\":\"https:\\\/\\\/fotofrangonz.com\\\/es\\\/#\\\/schema\\\/person\\\/abd9430045d63e80d8c4aa75799b883e\"},\"headline\":\"Viernes de Feria de Marchena 2026\",\"datePublished\":\"2026-09-01T18:35:02+00:00\",\"dateModified\":\"2026-09-02T20:56:00+00:00\",\"mainEntityOfPage\":{\"@id\":\"https:\\\/\\\/fotofrangonz.com\\\/es\\\/viernes-de-feria-de-marchena-2026\"},\"wordCount\":56,\"commentCount\":0,\"image\":{\"@id\":\"https:\\\/\\\/fotofrangonz.com\\\/es\\\/viernes-de-feria-de-marchena-2026#primaryimage\"},\"thumbnailUrl\":\"https:\\\/\\\/fotofrangonz.com\\\/wp-content\\\/uploads\\\/2026\\\/09\\\/Feria-Marchena-2026-1-Viernes-Francisco-Gonzalez-SOLEMNITY-1.jpg\",\"keywords\":[\"feria\",\"marchena\"],\"articleSection\":[\"Descubre (Lugares y Eventos)\"],\"inLanguage\":\"es\",\"potentialAction\":[{\"@type\":\"CommentAction\",\"name\":\"Comment\",\"target\":[\"https:\\\/\\\/fotofrangonz.com\\\/es\\\/viernes-de-feria-de-marchena-2026#respond\"]}]},{\"@type\":\"WebPage\",\"@id\":\"https:\\\/\\\/fotofrangonz.com\\\/es\\\/viernes-de-feria-de-marchena-2026\",\"url\":\"https:\\\/\\\/fotofrangonz.com\\\/es\\\/viernes-de-feria-de-marchena-2026\",\"name\":\"Viernes de Feria de Marchena 2026 - Francisco Gonz\u00e1lez SOLEMNITY\",\"isPartOf\":{\"@id\":\"https:\\\/\\\/fotofrangonz.com\\\/es\\\/#website\"},\"primaryImageOfPage\":{\"@id\":\"https:\\\/\\\/fotofrangonz.com\\\/es\\\/viernes-de-feria-de-marchena-2026#primaryimage\"},\"image\":{\"@id\":\"https:\\\/\\\/fotofrangonz.com\\\/es\\\/viernes-de-feria-de-marchena-2026#primaryimage\"},\"thumbnailUrl\":\"https:\\\/\\\/fotofrangonz.com\\\/wp-content\\\/uploads\\\/2026\\\/09\\\/Feria-Marchena-2026-1-Viernes-Francisco-Gonzalez-SOLEMNITY-1.jpg\",\"datePublished\":\"2026-09-01T18:35:02+00:00\",\"dateModified\":\"2026-09-02T20:56:00+00:00\",\"author\":{\"@id\":\"https:\\\/\\\/fotofrangonz.com\\\/es\\\/#\\\/schema\\\/person\\\/abd9430045d63e80d8c4aa75799b883e\"},\"breadcrumb\":{\"@id\":\"https:\\\/\\\/fotofrangonz.com\\\/es\\\/viernes-de-feria-de-marchena-2026#breadcrumb\"},\"inLanguage\":\"es\",\"potentialAction\":[{\"@type\":\"ReadAction\",\"target\":[\"https:\\\/\\\/fotofrangonz.com\\\/es\\\/viernes-de-feria-de-marchena-2026\"]}]},{\"@type\":\"ImageObject\",\"inLanguage\":\"es\",\"@id\":\"https:\\\/\\\/fotofrangonz.com\\\/es\\\/viernes-de-feria-de-marchena-2026#primaryimage\",\"url\":\"https:\\\/\\\/fotofrangonz.com\\\/wp-content\\\/uploads\\\/2026\\\/09\\\/Feria-Marchena-2026-1-Viernes-Francisco-Gonzalez-SOLEMNITY-1.jpg\",\"contentUrl\":\"https:\\\/\\\/fotofrangonz.com\\\/wp-content\\\/uploads\\\/2026\\\/09\\\/Feria-Marchena-2026-1-Viernes-Francisco-Gonzalez-SOLEMNITY-1.jpg\",\"width\":1920,\"height\":1280},{\"@type\":\"BreadcrumbList\",\"@id\":\"https:\\\/\\\/fotofrangonz.com\\\/es\\\/viernes-de-feria-de-marchena-2026#breadcrumb\",\"itemListElement\":[{\"@type\":\"ListItem\",\"position\":1,\"name\":\"Portada\",\"item\":\"https:\\\/\\\/fotofrangonz.com\\\/es\"},{\"@type\":\"ListItem\",\"position\":2,\"name\":\"Viernes de Feria de Marchena 2026\"}]},{\"@type\":\"WebSite\",\"@id\":\"https:\\\/\\\/fotofrangonz.com\\\/es\\\/#website\",\"url\":\"https:\\\/\\\/fotofrangonz.com\\\/es\\\/\",\"name\":\"Francisco Gonz\u00e1lez SOLEMNITY\",\"description\":\"Siente la magia de la fantas\u00eda, lo \u00e9pico y majestuoso, asombro m\u00edstico y espiritual.\",\"potentialAction\":[{\"@type\":\"SearchAction\",\"target\":{\"@type\":\"EntryPoint\",\"urlTemplate\":\"https:\\\/\\\/fotofrangonz.com\\\/es\\\/?s={search_term_string}\"},\"query-input\":{\"@type\":\"PropertyValueSpecification\",\"valueRequired\":true,\"valueName\":\"search_term_string\"}}],\"inLanguage\":\"es\"},{\"@type\":\"Person\",\"@id\":\"https:\\\/\\\/fotofrangonz.com\\\/es\\\/#\\\/schema\\\/person\\\/abd9430045d63e80d8c4aa75799b883e\",\"name\":\"Francisco Gonz\u00e1lez SOLEMNITY\",\"image\":{\"@type\":\"ImageObject\",\"inLanguage\":\"es\",\"@id\":\"https:\\\/\\\/secure.gravatar.com\\\/avatar\\\/d43912cccbc44bf325d47d23c7ad2a1e4eca6d89537b1c1d8220aa85849741b7?s=96&d=blank&r=g\",\"url\":\"https:\\\/\\\/secure.gravatar.com\\\/avatar\\\/d43912cccbc44bf325d47d23c7ad2a1e4eca6d89537b1c1d8220aa85849741b7?s=96&d=blank&r=g\",\"contentUrl\":\"https:\\\/\\\/secure.gravatar.com\\\/avatar\\\/d43912cccbc44bf325d47d23c7ad2a1e4eca6d89537b1c1d8220aa85849741b7?s=96&d=blank&r=g\",\"caption\":\"Francisco Gonz\u00e1lez SOLEMNITY\"},\"description\":\"Siente la magia de la fantas\u00eda, lo \u00e9pico y majestuoso, asombro m\u00edstico y espiritual. We are not here to be average. Creatividad y pasi\u00f3n.\",\"sameAs\":[\"https:\\\/\\\/fotofrangonz.com\"]}]}<\/script>\n<!-- \/ Yoast SEO plugin. -->","yoast_head_json":{"title":"Viernes de Feria de Marchena 2026 - Francisco Gonz\u00e1lez SOLEMNITY","robots":{"index":"index","follow":"follow","max-snippet":"max-snippet:-1","max-image-preview":"max-image-preview:large","max-video-preview":"max-video-preview:-1"},"canonical":"https:\/\/fotofrangonz.com\/es\/viernes-de-feria-de-marchena-2026","og_locale":"es_ES","og_type":"article","og_title":"Viernes de Feria de Marchena 2026 - Francisco Gonz\u00e1lez SOLEMNITY","og_description":"Un viernes de feria de Marchena con buenas temperaturas, mucho flamenco, caballos, trajes de gitana, espect\u00e1culos, diversi\u00f3n y todo lo que se le puede pedir a una buena feria. Esta entrada es sobre el viernes de feria, para el s\u00e1bado es esta otra.","og_url":"https:\/\/fotofrangonz.com\/es\/viernes-de-feria-de-marchena-2026","og_site_name":"Francisco Gonz\u00e1lez SOLEMNITY","article_publisher":"https:\/\/www.facebook.com\/fotofrangonz","article_published_time":"2026-09-01T18:35:02+00:00","article_modified_time":"2026-09-02T20:56:00+00:00","og_image":[{"width":1920,"height":1280,"url":"https:\/\/fotofrangonz.com\/wp-content\/uploads\/2026\/09\/Feria-Marchena-2026-1-Viernes-Francisco-Gonzalez-SOLEMNITY-1.jpg","type":"image\/jpeg"}],"author":"Francisco Gonz\u00e1lez SOLEMNITY","twitter_card":"summary_large_image","twitter_creator":"@fotofrangonz","twitter_site":"@fotofrangonz","twitter_misc":{"Escrito por":"Francisco Gonz\u00e1lez SOLEMNITY"},"schema":{"@context":"https:\/\/schema.org","@graph":[{"@type":"Article","@id":"https:\/\/fotofrangonz.com\/es\/viernes-de-feria-de-marchena-2026#article","isPartOf":{"@id":"https:\/\/fotofrangonz.com\/es\/viernes-de-feria-de-marchena-2026"},"author":{"name":"Francisco Gonz\u00e1lez SOLEMNITY","@id":"https:\/\/fotofrangonz.com\/es\/#\/schema\/person\/abd9430045d63e80d8c4aa75799b883e"},"headline":"Viernes de Feria de Marchena 2026","datePublished":"2026-09-01T18:35:02+00:00","dateModified":"2026-09-02T20:56:00+00:00","mainEntityOfPage":{"@id":"https:\/\/fotofrangonz.com\/es\/viernes-de-feria-de-marchena-2026"},"wordCount":56,"commentCount":0,"image":{"@id":"https:\/\/fotofrangonz.com\/es\/viernes-de-feria-de-marchena-2026#primaryimage"},"thumbnailUrl":"https:\/\/fotofrangonz.com\/wp-content\/uploads\/2026\/09\/Feria-Marchena-2026-1-Viernes-Francisco-Gonzalez-SOLEMNITY-1.jpg","keywords":["feria","marchena"],"articleSection":["Descubre (Lugares y Eventos)"],"inLanguage":"es","potentialAction":[{"@type":"CommentAction","name":"Comment","target":["https:\/\/fotofrangonz.com\/es\/viernes-de-feria-de-marchena-2026#respond"]}]},{"@type":"WebPage","@id":"https:\/\/fotofrangonz.com\/es\/viernes-de-feria-de-marchena-2026","url":"https:\/\/fotofrangonz.com\/es\/viernes-de-feria-de-marchena-2026","name":"Viernes de Feria de Marchena 2026 - Francisco Gonz\u00e1lez SOLEMNITY","isPartOf":{"@id":"https:\/\/fotofrangonz.com\/es\/#website"},"primaryImageOfPage":{"@id":"https:\/\/fotofrangonz.com\/es\/viernes-de-feria-de-marchena-2026#primaryimage"},"image":{"@id":"https:\/\/fotofrangonz.com\/es\/viernes-de-feria-de-marchena-2026#primaryimage"},"thumbnailUrl":"https:\/\/fotofrangonz.com\/wp-content\/uploads\/2026\/09\/Feria-Marchena-2026-1-Viernes-Francisco-Gonzalez-SOLEMNITY-1.jpg","datePublished":"2026-09-01T18:35:02+00:00","dateModified":"2026-09-02T20:56:00+00:00","author":{"@id":"https:\/\/fotofrangonz.com\/es\/#\/schema\/person\/abd9430045d63e80d8c4aa75799b883e"},"breadcrumb":{"@id":"https:\/\/fotofrangonz.com\/es\/viernes-de-feria-de-marchena-2026#breadcrumb"},"inLanguage":"es","potentialAction":[{"@type":"ReadAction","target":["https:\/\/fotofrangonz.com\/es\/viernes-de-feria-de-marchena-2026"]}]},{"@type":"ImageObject","inLanguage":"es","@id":"https:\/\/fotofrangonz.com\/es\/viernes-de-feria-de-marchena-2026#primaryimage","url":"https:\/\/fotofrangonz.com\/wp-content\/uploads\/2026\/09\/Feria-Marchena-2026-1-Viernes-Francisco-Gonzalez-SOLEMNITY-1.jpg","contentUrl":"https:\/\/fotofrangonz.com\/wp-content\/uploads\/2026\/09\/Feria-Marchena-2026-1-Viernes-Francisco-Gonzalez-SOLEMNITY-1.jpg","width":1920,"height":1280},{"@type":"BreadcrumbList","@id":"https:\/\/fotofrangonz.com\/es\/viernes-de-feria-de-marchena-2026#breadcrumb","itemListElement":[{"@type":"ListItem","position":1,"name":"Portada","item":"https:\/\/fotofrangonz.com\/es"},{"@type":"ListItem","position":2,"name":"Viernes de Feria de Marchena 2026"}]},{"@type":"WebSite","@id":"https:\/\/fotofrangonz.com\/es\/#website","url":"https:\/\/fotofrangonz.com\/es\/","name":"Francisco Gonz\u00e1lez SOLEMNITY","description":"Siente la magia de la fantas\u00eda, lo \u00e9pico y majestuoso, asombro m\u00edstico y espiritual.","potentialAction":[{"@type":"SearchAction","target":{"@type":"EntryPoint","urlTemplate":"https:\/\/fotofrangonz.com\/es\/?s={search_term_string}"},"query-input":{"@type":"PropertyValueSpecification","valueRequired":true,"valueName":"search_term_string"}}],"inLanguage":"es"},{"@type":"Person","@id":"https:\/\/fotofrangonz.com\/es\/#\/schema\/person\/abd9430045d63e80d8c4aa75799b883e","name":"Francisco Gonz\u00e1lez SOLEMNITY","image":{"@type":"ImageObject","inLanguage":"es","@id":"https:\/\/secure.gravatar.com\/avatar\/d43912cccbc44bf325d47d23c7ad2a1e4eca6d89537b1c1d8220aa85849741b7?s=96&d=blank&r=g","url":"https:\/\/secure.gravatar.com\/avatar\/d43912cccbc44bf325d47d23c7ad2a1e4eca6d89537b1c1d8220aa85849741b7?s=96&d=blank&r=g","contentUrl":"https:\/\/secure.gravatar.com\/avatar\/d43912cccbc44bf325d47d23c7ad2a1e4eca6d89537b1c1d8220aa85849741b7?s=96&d=blank&r=g","caption":"Francisco Gonz\u00e1lez SOLEMNITY"},"description":"Siente la magia de la fantas\u00eda, lo \u00e9pico y majestuoso, asombro m\u00edstico y espiritual. We are not here to be average. Creatividad y pasi\u00f3n.","sameAs":["https:\/\/fotofrangonz.com"]}]}},"_links":{"self":[{"href":"https:\/\/fotofrangonz.com\/es\/wp-json\/wp\/v2\/posts\/17956","targetHints":{"allow":["GET"]}}],"collection":[{"href":"https:\/\/fotofrangonz.com\/es\/wp-json\/wp\/v2\/posts"}],"about":[{"href":"https:\/\/fotofrangonz.com\/es\/wp-json\/wp\/v2\/types\/post"}],"author":[{"embeddable":true,"href":"https:\/\/fotofrangonz.com\/es\/wp-json\/wp\/v2\/users\/1"}],"replies":[{"embeddable":true,"href":"https:\/\/fotofrangonz.com\/es\/wp-json\/wp\/v2\/comments?post=17956"}],"version-history":[{"count":3,"href":"https:\/\/fotofrangonz.com\/es\/wp-json\/wp\/v2\/posts\/17956\/revisions"}],"predecessor-version":[{"id":18176,"href":"https:\/\/fotofrangonz.com\/es\/wp-json\/wp\/v2\/posts\/17956\/revisions\/18176"}],"wp:featuredmedia":[{"embeddable":true,"href":"https:\/\/fotofrangonz.com\/es\/wp-json\/wp\/v2\/media\/17957"}],"wp:attachment":[{"href":"https:\/\/fotofrangonz.com\/es\/wp-json\/wp\/v2\/media?parent=17956"}],"wp:term":[{"taxonomy":"category","embeddable":true,"href":"https:\/\/fotofrangonz.com\/es\/wp-json\/wp\/v2\/categories?post=17956"},{"taxonomy":"post_tag","embeddable":true,"href":"https:\/\/fotofrangonz.com\/es\/wp-json\/wp\/v2\/tags?post=17956"}],"curies":[{"name":"wp","href":"https:\/\/api.w.org\/{rel}","templated":true}]}}